{"id":413931,"date":"2025-09-24T12:20:11","date_gmt":"2025-09-24T12:20:11","guid":{"rendered":"https:\/\/www.europesays.com\/fr\/413931\/"},"modified":"2025-09-24T12:20:11","modified_gmt":"2025-09-24T12:20:11","slug":"le-ton-monte-sur-rtl-marc-olivier","status":"publish","type":"post","link":"https:\/\/www.europesays.com\/fr\/413931\/","title":{"rendered":"le ton monte sur RTL, Marc-Olivier &#8230;"},"content":{"rendered":"<p>EN BREF<\/p>\n<ul class=\"bloc_resume_post_list\">\n<li>Le 24 septembre, Marc-Olivier Fogiel a re\u00e7u Philippe<br \/>\nMartinez sur RTL pour discuter de son livre et du pouvoir politique<br \/>\nen France.<\/li>\n<li>L\u00a0\u00bbentretien a \u00e9t\u00e9 marqu\u00e9 par des anecdotes et un<br \/>\nrecadrage ironique de Philippe Martinez envers Marc-Olivier Fogiel,<br \/>\ntout en maintenant une complicit\u00e9.<\/li>\n<li>L&rsquo;interview a r\u00e9v\u00e9l\u00e9 une facette humoristique de Philippe<br \/>\nMartinez, m\u00ealant critiques sociales et autod\u00e9rision avec une<br \/>\nl\u00e9g\u00e8ret\u00e9 d\u00e9concertante.<\/li>\n<\/ul>\n<p data-start=\"107\" data-end=\"555\">Sur le plateau de <a href=\"https:\/\/www.telestar.fr\/people\/laurent-ruquier-incapable-de-tourner-le-dos-a-pierre-palmade-et-stephane-plaza-des-petits-messages-1739132\" target=\"_blank\" rel=\"noopener\"><br \/>\nRTL<\/a>, l\u2019actualit\u00e9 sociale a \u00e9t\u00e9 abord\u00e9e avec un ton l\u00e9ger et<br \/>\nironique ce mercredi 24 septembre. <a href=\"https:\/\/www.telestar.fr\/societe\/cest-ca-qui-est-bizarre-face-a-marc-olivier-fogiel-lex-compagne-de-cedric-jubillar-nen-demord-pas-1738937\" target=\"_blank\" rel=\"noopener\"><br \/>\nMarc-Olivier Fogiel<\/a> recevait <strong>Philippe<br \/>\nMartinez<\/strong>, l\u2019ancien secr\u00e9taire g\u00e9n\u00e9ral de la CGT, pour<br \/>\nparler de son <strong>livre<\/strong> et de son regard sur le<br \/>\n<strong>pouvoir politique<\/strong> en France. Entre<br \/>\n<strong>anecdotes, coups de gueule et autod\u00e9rision,<\/strong><br \/>\nl\u2019entretien a rapidement pris des tournures inattendues. Notamment<br \/>\nlorsque l\u2019invit\u00e9<strong>\u00a0a gentiment recadr\u00e9<br \/>\nl\u2019animateur.<\/strong><\/p>\n<p data-start=\"557\" data-end=\"955\">Le ton \u00e9tait tout sauf<br \/>\n<strong>agressif<\/strong>. \u2018\u2018Je crois que je vous l&rsquo;ai d\u00e9j\u00e0<br \/>\nexpliqu\u00e9, <strong>mais vous ne m&rsquo;\u00e9coutez pas bien.<\/strong>\u201d a<br \/>\nlanc\u00e9 Philippe Martinez \u00e0 Marc-Olivier Fogiel, sur un ton ironique,<br \/>\npour rappeler que certaines <strong>nuances de son livre<\/strong><br \/>\nm\u00e9ritaient d\u2019\u00eatre entendues. L\u2019interview a montr\u00e9 une<br \/>\n<strong>complicit\u00e9<\/strong> entre les deux hommes.<\/p>\n<p>Une interview pleine d\u2019humour<br \/>\net d\u2019autod\u00e9rision de Marc-Olivier Fogiel<\/p>\n<p data-start=\"1012\" data-end=\"1550\">D\u00e8s le d\u00e9but, les \u00e9changes ont<br \/>\n\u00e9t\u00e9 ponctu\u00e9s de <strong>r\u00e9pliques dr\u00f4les et d\u2019images<br \/>\nfrappantes.<\/strong> \u00c0 propos de son interaction avec <a href=\"https:\/\/www.telestar.fr\/societe\/je-le-dis-pour-vous-emmanuel-macron-se-fait-moucher-sur-bfm-le-president-fait-mine-de-rien-1739192\" target=\"_blank\" rel=\"noopener\"><br \/>\nEmmanuel Macron<\/a> et <a href=\"https:\/\/www.telestar.fr\/people\/manuel-valls-qui-sont-ses-enfants-photos-129307\" target=\"_blank\" rel=\"noopener\"><br \/>\nManuel Valls<\/a>, Philippe Martinez explique. \u2018\u2018Il y a les<br \/>\n<strong>op\u00e9rations charme<\/strong> et puis il y a la<br \/>\n<strong>r\u00e9alit\u00e9<\/strong> apr\u00e8s.\u201d Plus tard, en \u00e9voquant la<br \/>\ncouverture de son livre, il plaisante. \u2018\u2018Elle est<br \/>\n<strong>dr\u00f4le<\/strong>. <strong>L&rsquo;autod\u00e9rision \u00e7a ne fait pas de<br \/>\nmal, monsieur Fogie<\/strong><strong>l.<\/strong>\u201d Une<br \/>\nautod\u00e9rision assum\u00e9e qui a <strong>d\u00e9tendu<\/strong> l\u2019atmosph\u00e8re et<br \/>\npermis \u00e0 l\u2019invit\u00e9 de parler librement de ses positions.<\/p>\n<p data-start=\"1552\" data-end=\"2001\">Marc-Olivier Fogiel a tent\u00e9 de<br \/>\n<strong>recentrer<\/strong> le d\u00e9bat sur les r\u00e9ussites du<br \/>\ngouvernement, mais Philippe Martinez a insist\u00e9 sur son regard<br \/>\ncritique et nuanc\u00e9. \u2018\u2018Ce qu&rsquo;il a bien fait, c&rsquo;est peut-\u00eatre<br \/>\nparce que je suis plus secr\u00e9taire g\u00e9n\u00e9ral, son <strong>discours \u00e0<br \/>\nl&rsquo;ONU<\/strong>. \u00c7a, il l&rsquo;a bien fait\u2026 <strong>Mais pour les<br \/>\nsalari\u00e9s ? Rien. Rien n&rsquo;est<br \/>\nbon<\/strong><strong>.\u201d<\/strong><\/p>\n<p>Entre<br \/>\ns\u00e9rieux et second degr\u00e9 sur RTL<\/p>\n<p data-start=\"2040\" data-end=\"2389\">L\u2019\u00e9change s\u2019est poursuivi sur<br \/>\nle rythme des <strong>vannes<\/strong> et des<br \/>\n<strong>anecdotes<\/strong>, rappelant l\u2019histoire de Philippe<br \/>\nMartinez sur RTL. \u2018\u2018<strong>Sa premi\u00e8re interview de<br \/>\nsyndicaliste, il l&rsquo;avait faite \u00e0 ce micro RTL le<br \/>\nsoir.<\/strong>\u201d se souvient le plateau de <a href=\"https:\/\/www.telestar.fr\/people\/non-ce-nest-pas-vrai-francois-bayrou-se-fache-thomas-sotto-rabroue-sur-rtl-1737073\" target=\"_blank\" rel=\"noopener\"><br \/>\nThomas Sotto<\/a>. L\u2019occasion pour l\u2019invit\u00e9 de revenir sur son<br \/>\n<strong>parcours<\/strong> et son livre tout en gardant cette<br \/>\n<strong>l\u00e9g\u00e8ret\u00e9<\/strong> qui le caract\u00e9rise.<\/p>\n<p data-start=\"2391\" data-end=\"2836\">Entre <strong>critiques<br \/>\nsociales, r\u00e9flexions politiques et autod\u00e9rision<\/strong>,<br \/>\nl\u2019entretien a montr\u00e9 une autre facette de Philippe Martinez : celle<br \/>\nd\u2019un homme capable de conjuguer <strong>s\u00e9rieux et humour<\/strong>,<br \/>\nen <strong>recadrant gentiment un animateur<\/strong> qui, cette<br \/>\nfois-ci, s\u2019est retrouv\u00e9 pris de haut\u2026 mais avec le sourire.<\/p>\n","protected":false},"excerpt":{"rendered":"EN BREF Le 24 septembre, Marc-Olivier Fogiel a re\u00e7u Philippe Martinez sur RTL pour discuter de son livre&hellip;\n","protected":false},"author":2,"featured_media":413932,"comment_status":"","ping_status":"","sticky":false,"template":"","format":"standard","meta":{"footnotes":""},"categories":[1359],"tags":[548,58,59,1011,27,45887,973,2700],"class_list":{"0":"post-413931","1":"post","2":"type-post","3":"status-publish","4":"format-standard","5":"has-post-thumbnail","7":"category-people","8":"tag-article-simple","9":"tag-divertissement","10":"tag-entertainment","11":"tag-fr","12":"tag-france","13":"tag-marc-olivier-fogiel","14":"tag-people","15":"tag-rtl"},"share_on_mastodon":{"url":"https:\/\/pubeurope.com\/@fr\/115259246154884717","error":""},"_links":{"self":[{"href":"https:\/\/www.europesays.com\/fr\/wp-json\/wp\/v2\/posts\/413931","targetHints":{"allow":["GET"]}}],"collection":[{"href":"https:\/\/www.europesays.com\/fr\/wp-json\/wp\/v2\/posts"}],"about":[{"href":"https:\/\/www.europesays.com\/fr\/wp-json\/wp\/v2\/types\/post"}],"author":[{"embeddable":true,"href":"https:\/\/www.europesays.com\/fr\/wp-json\/wp\/v2\/users\/2"}],"replies":[{"embeddable":true,"href":"https:\/\/www.europesays.com\/fr\/wp-json\/wp\/v2\/comments?post=413931"}],"version-history":[{"count":0,"href":"https:\/\/www.europesays.com\/fr\/wp-json\/wp\/v2\/posts\/413931\/revisions"}],"wp:featuredmedia":[{"embeddable":true,"href":"https:\/\/www.europesays.com\/fr\/wp-json\/wp\/v2\/media\/413932"}],"wp:attachment":[{"href":"https:\/\/www.europesays.com\/fr\/wp-json\/wp\/v2\/media?parent=413931"}],"wp:term":[{"taxonomy":"category","embeddable":true,"href":"https:\/\/www.europesays.com\/fr\/wp-json\/wp\/v2\/categories?post=413931"},{"taxonomy":"post_tag","embeddable":true,"href":"https:\/\/www.europesays.com\/fr\/wp-json\/wp\/v2\/tags?post=413931"}],"curies":[{"name":"wp","href":"https:\/\/api.w.org\/{rel}","templated":true}]}}