{"id":413933,"date":"2025-09-24T12:21:15","date_gmt":"2025-09-24T12:21:15","guid":{"rendered":"https:\/\/www.europesays.com\/fr\/413933\/"},"modified":"2025-09-24T12:21:15","modified_gmt":"2025-09-24T12:21:15","slug":"le-plein-de-promotions-photo","status":"publish","type":"post","link":"https:\/\/www.europesays.com\/fr\/413933\/","title":{"rendered":"le plein de promotions photo"},"content":{"rendered":"<p>Depuis leur lancement, les <strong>French Days<\/strong> se sont impos\u00e9s comme l\u2019un des rendez-vous incontournables du e-commerce en France. Deux fois par an, cette op\u00e9ration promotionnelle made in France vient compl\u00e9ter les autres temps forts du shopping en ligne que sont le <strong>Black Friday<\/strong>, le <strong>Cyber Monday<\/strong> ou encore l\u2019<strong>Amazon Prime Day<\/strong>.<\/p>\n<p>Pour l\u2019\u00e9dition d\u2019automne 2025, les <strong>French Days se d\u00e9roulent du mercredi 24 au mardi 30 septembre<\/strong> (selon les enseignes participantes). Une semaine enti\u00e8re de r\u00e9ductions massives, pouvant atteindre <strong>jusqu\u2019\u00e0 -60 %<\/strong>, id\u00e9ale pour renouveler son mat\u00e9riel apr\u00e8s l\u2019\u00e9t\u00e9 ou anticiper ses achats de fin d\u2019ann\u00e9e.<\/p>\n<p>Les boutiques photo qui font les French Days 2025<\/p>\n<p>De nombreux sp\u00e9cialistes photo et g\u00e9n\u00e9ralistes du high-tech jouent le jeu en proposant des <strong>offres exclusives<\/strong>. Voici les principales boutiques \u00e0 surveiller :<\/p>\n<p><a href=\"https:\/\/phototrend.fr\/2025\/06\/entree-invitation-offerte-salon-de-la-photo-2025\/\" rel=\"nofollow noopener\" target=\"_blank\"><img decoding=\"async\" width=\"1400\" height=\"350\" loading=\"lazy\" src=\"https:\/\/www.europesays.com\/fr\/wp-content\/uploads\/2025\/09\/phototrend-invitation-offerte-ptrend2025-1000x250-1-1400x350.jpg\" alt=\"\" class=\"wp-image-247759\"  \/><\/a><\/p>\n<p>Bons plans photo \u00e0 ne pas manquer<\/p>\n<p>Les French Days sont particuli\u00e8rement int\u00e9ressants pour les photographes, amateurs comme professionnels. Voici le type de mat\u00e9riel sur lequel on trouve r\u00e9guli\u00e8rement de belles r\u00e9ductions :<\/p>\n<ul class=\"wp-block-list\">\n<li><strong>Appareils photo hybrides et reflex<\/strong> : parfaits pour monter en gamme ou passer au plein format.<\/li>\n<li><strong>Objectifs<\/strong> : focales fixes lumineuses, zooms polyvalents ou t\u00e9l\u00e9objectifs pour la photo sportive et animali\u00e8re.<\/li>\n<li><strong>Accessoires indispensables<\/strong> : cartes m\u00e9moire rapides, tr\u00e9pieds robustes, sacs photo, batteries et filtres.<\/li>\n<li><strong>Mat\u00e9riel vid\u00e9o<\/strong> : cam\u00e9ras d\u2019action, drones, stabilisateurs et micros.<\/li>\n<\/ul>\n<p>Nous mettrons r\u00e9guli\u00e8rement \u00e0 jour cette s\u00e9lection avec les <strong>meilleures offres rep\u00e9r\u00e9es en temps r\u00e9el<\/strong> pour vous aider \u00e0 faire le bon choix au bon prix.<\/p>\n<p>French Days appareils photo compacts, bridges et vlog<\/p>\n<p>French Days hybrides APS-C et micro 4\/3<\/p>\n<p>French Days hybrides plein format \/ moyen format<\/p>\n<p>French Days objectifs hybrides<\/p>\n<p>French Days stockage<\/p>\n<p>French Days drones \/ action cam<\/p>\n<p>Voir aussi<\/p>\n<p><a href=\"https:\/\/phototrend.fr\/2025\/09\/geekom-a9-mega-kickstarter\/\" class=\"mask-img\" title=\"Geekom A9 Mega\" rel=\"nofollow noopener\" target=\"_blank\"><img decoding=\"async\" width=\"100\" height=\"100\" src=\"https:\/\/www.europesays.com\/fr\/wp-content\/uploads\/2025\/09\/geekom-a9-mega-100x100.jpg\" class=\"attachment-thumbnail size-thumbnail zeen-lazy-load-base zeen-lazy-load  wp-post-image\" alt=\"\"   loading=\"lazy\"\/><\/a><\/p>\n<p>French Days smartphones<\/p>\n<p>French Days appareils photo instantan\u00e9s \/ imprimantes<\/p>\n<p>French Days \u00e9clairage<\/p>\n<p>French Days sacs photo<\/p>\n<p>French Days tr\u00e9pieds<\/p>\n<p>French Days informatique<\/p>\n<p>French Days divers<\/p>\n<p>N\u2019h\u00e9sitez pas \u00e0 partager vos bons plans dans les commentaires.<\/p>\n","protected":false},"excerpt":{"rendered":"Depuis leur lancement, les French Days se sont impos\u00e9s comme l\u2019un des rendez-vous incontournables du e-commerce en France.&hellip;\n","protected":false},"author":2,"featured_media":413934,"comment_status":"","ping_status":"","sticky":false,"template":"","format":"standard","meta":{"footnotes":""},"categories":[1358],"tags":[1348,1384,1385,1134,1386,58,59,1011,27,16301,16300],"class_list":{"0":"post-413933","1":"post","2":"type-post","3":"status-publish","4":"format-standard","5":"has-post-thumbnail","7":"category-arts-et-design","8":"tag-arts","9":"tag-arts-and-design","10":"tag-arts-et-design","11":"tag-bon-plan","12":"tag-design","13":"tag-divertissement","14":"tag-entertainment","15":"tag-fr","16":"tag-france","17":"tag-french-days","18":"tag-french-days-2025"},"share_on_mastodon":{"url":"https:\/\/pubeurope.com\/@fr\/115259250655174350","error":""},"_links":{"self":[{"href":"https:\/\/www.europesays.com\/fr\/wp-json\/wp\/v2\/posts\/413933","targetHints":{"allow":["GET"]}}],"collection":[{"href":"https:\/\/www.europesays.com\/fr\/wp-json\/wp\/v2\/posts"}],"about":[{"href":"https:\/\/www.europesays.com\/fr\/wp-json\/wp\/v2\/types\/post"}],"author":[{"embeddable":true,"href":"https:\/\/www.europesays.com\/fr\/wp-json\/wp\/v2\/users\/2"}],"replies":[{"embeddable":true,"href":"https:\/\/www.europesays.com\/fr\/wp-json\/wp\/v2\/comments?post=413933"}],"version-history":[{"count":0,"href":"https:\/\/www.europesays.com\/fr\/wp-json\/wp\/v2\/posts\/413933\/revisions"}],"wp:featuredmedia":[{"embeddable":true,"href":"https:\/\/www.europesays.com\/fr\/wp-json\/wp\/v2\/media\/413934"}],"wp:attachment":[{"href":"https:\/\/www.europesays.com\/fr\/wp-json\/wp\/v2\/media?parent=413933"}],"wp:term":[{"taxonomy":"category","embeddable":true,"href":"https:\/\/www.europesays.com\/fr\/wp-json\/wp\/v2\/categories?post=413933"},{"taxonomy":"post_tag","embeddable":true,"href":"https:\/\/www.europesays.com\/fr\/wp-json\/wp\/v2\/tags?post=413933"}],"curies":[{"name":"wp","href":"https:\/\/api.w.org\/{rel}","templated":true}]}}