{"id":413935,"date":"2025-09-24T12:22:28","date_gmt":"2025-09-24T12:22:28","guid":{"rendered":"https:\/\/www.europesays.com\/fr\/413935\/"},"modified":"2025-09-24T12:22:28","modified_gmt":"2025-09-24T12:22:28","slug":"artfiction-25-ans-dedition-entre-art-et-litterature","status":"publish","type":"post","link":"https:\/\/www.europesays.com\/fr\/413935\/","title":{"rendered":"Art&#038;fiction: 25\u00a0ans d\u2019\u00e9dition entre art et litt\u00e9rature"},"content":{"rendered":"<p>Anniversaire \u00e9ditorial romand \u2013 <\/p>\n<p>Depuis 25 ans, art&amp;fiction casse les codes avec ses livres<\/p>\n<p class=\"ContentHead_lead____SsS link_regular__O0hk0 link_externalicon-big__ZdPgo link_externalicon__qcwXs\">L\u2019\u00e9diteur de Laurence Boissier et Fabienne Radi aime bousculer le regard. Retour sur cette aventure hors normes avec son cofondateur St\u00e9phane Fretz.<\/p>\n<p><img loading=\"lazy\" decoding=\"async\" src=\"https:\/\/www.europesays.com\/fr\/wp-content\/uploads\/2025\/09\/6PBln0_O4iTBFWjF8Wkd1y.jpg\"  width=\"100\" height=\"100\"  alt=\"Caroline Rieder\" class=\"AuthorImage_root__WCxj_ ContentMetaInfo_authorimage__Mp4LD AuthorImage_-content-head__3qDob\" style=\"background-color:#828282\"\/>Publi\u00e9 aujourd\u2019hui \u00e0 14h09<img decoding=\"async\" loading=\"eager\" fetchpriority=\"high\" src=\"https:\/\/www.europesays.com\/fr\/wp-content\/uploads\/2025\/09\/BWlce0Jjq6p9Xub-W6DE2O.jpg\" alt=\"Fresque color\u00e9e montrant des sc\u00e8nes vari\u00e9es de vie y compris des activit\u00e9s sportives, des paysages naturels, et des interactions humaines.\" title=\"Fresque color\u00e9e montrant des sc\u00e8nes vari\u00e9es de vie y compris des activit\u00e9s sportives, des paysages naturels, et des interactions humaines.\" class=\"ResponsiveImage_root__ZDz10 responsive-image\" style=\"background-color:#8DAE77\"\/><\/p>\n<p>Parmi les propositions originales de la maison art&amp;fiction, une r\u00e9interpr\u00e9tation picturale de la \u00abDivine com\u00e9die\u00bb de Dante intitul\u00e9e \u00abDivine chromatie\u00bb.<\/p>\n<p>PHILIPPE FRETZ<\/p>\n<p><strong class=\"SummaryList_title__8uifR\">En bref:<\/strong><\/p>\n<ul class=\"SummaryList_list__pEa7M\">\n<li>La maison d\u2019\u00e9dition art&amp;fiction c\u00e9l\u00e8bre 25\u00a0ans d\u2019innovations dans l\u2019\u00e9dition romande.<\/li>\n<li>L\u2019\u00e9diteur lausannois m\u00eale habilement art et litt\u00e9rature dans ses publications atypiques.<\/li>\n<li>Les prix litt\u00e9raires suisses r\u00e9compensent r\u00e9guli\u00e8rement les \u0153uvres d\u2019art&amp;fiction depuis 2017.<\/li>\n<li>L\u2019\u00e9quipe \u00e9ditoriale cr\u00e9e des prototypes uniques \u00e0 la fronti\u00e8re des genres.<\/li>\n<\/ul>\n<p class=\"ArticleParagraph_root__lhFZo ArticleContainer_content-width__FRl7F link_focus__0ZMwx link_externalicon-big__ZdPgo link_externalicon__qcwXs ArticleElement_article-element__q93eL\">Avec 450\u00a0titres en un quart de si\u00e8cle, deux Prix suisses de litt\u00e9rature, un autre pour \u00able plus beau livre du monde\u00bb, <a class=\"HtmlText_root__A1OSq\" href=\"https:\/\/www.24heures.ch\/art-fiction-ne-range-pas-ses-livres-dans-des-cases-666559673471\" target=\"_blank\" rel=\"noopener\">art&amp;fiction<\/a> se trouve bien install\u00e9 dans le paysage \u00e9ditorial romand\u2026 tout en y occupant une place compl\u00e8tement \u00e0 part.<\/p>\n<p class=\"ArticleParagraph_root__lhFZo ArticleContainer_content-width__FRl7F link_focus__0ZMwx link_externalicon-big__ZdPgo link_externalicon__qcwXs ArticleElement_article-element__q93eL\">Toujours diff\u00e9rents, les ouvrages de l\u2019\u00e9diteur implant\u00e9 \u00e0 Lausanne partagent une ind\u00e9finissable patte. Comme une fid\u00e9lit\u00e9 \u00e0 l\u2019aventure n\u00e9e au tournant du si\u00e8cle dans l\u2019esprit d\u2019une petite bande d\u2019amis, r\u00e9unis pour concevoir des livres d\u2019artistes. \u00abOn travaillait avec une imprimante de bureau, on pliait nous-m\u00eames et on distribuait nos publications \u00e0 un cercle d\u2019amis\u00bb, se souvient St\u00e9phane Fretz, \u00e9diteur pr\u00e9sent d\u00e8s les d\u00e9buts avec Christian Pellet.<\/p>\n<p><img decoding=\"async\" loading=\"lazy\" src=\"https:\/\/www.europesays.com\/fr\/wp-content\/uploads\/2025\/09\/3cD3bUn2a638dWj2YNEjsF.jpg\" alt=\"Homme barbu avec lunettes et costume sombre assis sur une table en bois, int\u00e9rieur avec cadres au mur.\" title=\"Homme barbu avec lunettes et costume sombre assis sur une table en bois, int\u00e9rieur avec cadres au mur.\" class=\"ResponsiveImage_root__ZDz10 responsive-image\" style=\"background-color:#7C6B61\"\/><\/p>\n<p>St\u00e9phane Fretz fait partie des cofondateurs de la maison art&amp;fiction qui sont toujours de l\u2019aventure, avec Christian Pellet.<\/p>\n<p>Olivier Christinat<\/p>\n<p class=\"ArticleParagraph_root__lhFZo ArticleContainer_content-width__FRl7F link_focus__0ZMwx link_externalicon-big__ZdPgo link_externalicon__qcwXs ArticleElement_article-element__q93eL\">Parmi les moments importants, il se rem\u00e9more l\u2019installation \u00e0 la rue des \u00c9chelettes en 2006, o\u00f9 \u00e9closent des \u00e9ditions pr\u00e9cieuses \u00e9labor\u00e9es en collaboration avec des relieuses. Puis, en 2010, sous l\u2019impulsion d\u2019un comit\u00e9 renforc\u00e9, deux ouvrages successifs proposent un \u00e9tat du livre d\u2019artistes en Suisse, avec plus de 100\u00a0invit\u00e9s, doubl\u00e9 d\u2019une exposition d\u2019un mois \u00e0 Gen\u00e8ve. Peu apr\u00e8s vient la mise \u00e0 disposition des ouvrages en librairie, jusqu\u2019alors \u00e9pisodique. \u00abM\u00eame si elle existait d\u00e9j\u00e0, c\u2019est l\u00e0 que notre entr\u00e9e en litt\u00e9rature a \u00e9t\u00e9 remarqu\u00e9e.\u00bb<\/p>\n<p class=\"ArticleParagraph_root__lhFZo ArticleContainer_content-width__FRl7F link_focus__0ZMwx link_externalicon-big__ZdPgo link_externalicon__qcwXs ArticleElement_article-element__q93eL\">Et ce n\u2019est que le d\u00e9but. En 2017 vient un premier <a href=\"https:\/\/www.schweizerkulturpreise.ch\/awards\/fr\/home\/literatur\/literatur-archiv\/literatur-2017\/laurence-boissier.html\" class=\"HtmlText_root__A1OSq\" target=\"_blank\" rel=\"noopener noreferrer\">Prix suisse de litt\u00e9rature<\/a>, pour <a class=\"HtmlText_root__A1OSq\" href=\"https:\/\/www.24heures.ch\/laurence-boissier-revisite-nos-lieux-communs-724973595417\" target=\"_blank\" rel=\"noopener\">\u00abInventaire des lieux\u00bb<\/a> de la Genevoise Laurence Boissier. \u00abOn ne s\u2019y attendait pas, car ce texte a \u00e9t\u00e9 publi\u00e9 dans la collection Pacific, aux formes tr\u00e8s vari\u00e9es, mais qui tend plut\u00f4t vers le livre d\u2019artiste\u00bb. La diff\u00e9rence entre livre d\u2019artiste et litt\u00e9rature n\u2019est d\u2019ailleurs pas si \u00e9vidente pour l\u2019\u00e9diteur: \u00abOn a plut\u00f4t l\u2019impression d\u2019\u00eatre dans un hybride situ\u00e9 dans l\u2019esperluette entre art et fiction.\u00bb<\/p>\n<p><img decoding=\"async\" loading=\"lazy\" src=\"https:\/\/www.europesays.com\/fr\/wp-content\/uploads\/2025\/09\/87MSJv5-KOKAITri8w-Zl4.jpg\" alt=\"Cinq personnes posent devant Le Kiosque d\u2019art&amp;fiction \u00e0 Lausanne pour c\u00e9l\u00e9brer les 20\u00a0ans de publications de livres d\u2019art.\" title=\"Cinq personnes posent devant Le Kiosque d\u2019art&amp;fiction \u00e0 Lausanne pour c\u00e9l\u00e9brer les 20\u00a0ans de publications de livres d\u2019art.\" class=\"ResponsiveImage_root__ZDz10 responsive-image\" style=\"background-color:#93826E\"\/><\/p>\n<p>Art&amp;fiction lors de ses 20\u00a0ans, avec une partie de l\u2019\u00e9quipe toujours pr\u00e9sente aujourd\u2019hui. De gauche \u00e0 droite: V\u00e9ronique Pittori, St\u00e9phane Fretz, Philippe Fretz, Marie Walpen et Christian Pellet.<\/p>\n<p>Odile Meylan<\/p>\n<p class=\"ArticleParagraph_root__lhFZo ArticleContainer_content-width__FRl7F link_focus__0ZMwx link_externalicon-big__ZdPgo link_externalicon__qcwXs ArticleElement_article-element__q93eL\">Les prix arrivent d\u2019ailleurs de part et d\u2019autre de l\u2019esperluette: d\u2019un c\u00f4t\u00e9, la \u00ab<a href=\"https:\/\/www.hes-so.ch\/actualites\/detail-actualites\/plus-beau-livre-monde-2020-16241\" class=\"HtmlText_root__A1OSq\" target=\"_blank\" rel=\"noopener noreferrer\">Goldene Letter 2020<\/a>\u00bb, soit le prix du \u00abplus beau livre du monde\u00bb pour l\u2019\u00abAlmanach Ecart\u00bb, co\u00e9dit\u00e9 avec la HEAD \u00e0 Gen\u00e8ve. De l\u2019autre, un deuxi\u00e8me Prix suisse de litt\u00e9rature en 2022 pour \u00ab\u00c9mail diamant\u00bb, de la Fribourgeoise Fabienne Radi.<\/p>\n<p class=\"ArticleParagraph_root__lhFZo ArticleContainer_content-width__FRl7F link_focus__0ZMwx link_externalicon-big__ZdPgo link_externalicon__qcwXs ArticleElement_article-element__q93eL\">\u00c0 l\u2019heure de f\u00eater ses 25\u00a0ans, son comit\u00e9 d\u2019artistes d\u2019une petite dizaine de personnes s\u2019est diversifi\u00e9, avec des collectionneurs, historiens de l\u2019art, ou une recrue de l\u2019Institut litt\u00e9raire \u00e0 Bienne. Si la maison d\u00e9pend des subsides, la part des ventes qui a augment\u00e9 ces derni\u00e8res ann\u00e9es, notamment gr\u00e2ce aux \u00e9crits de Laurence Boissier, a permis de salarier l\u2019\u00e9quivalent de trois plein temps, r\u00e9partis entre cinq personnes.<\/p>\n<p>Art&amp;fiction, l\u2019amour des prototypes<\/p>\n<p class=\"ArticleParagraph_root__lhFZo ArticleContainer_content-width__FRl7F link_focus__0ZMwx link_externalicon-big__ZdPgo link_externalicon__qcwXs ArticleElement_article-element__q93eL\">Peut-on tout de m\u00eame d\u00e9finir les ouvrages insolites qui en r\u00e9sultent? \u00abC\u2019est difficile, parce que c\u2019est tr\u00e8s vari\u00e9. M\u00eame si on a une ou deux collections stables, on con\u00e7oit plut\u00f4t des prototypes, des premi\u00e8res de tout.\u00bb La plupart de leurs ouvrages sont \u00e9crits par des artistes, ou ont toujours un rapport avec l\u2019art. \u00abM\u00eame s\u2019il s\u2019agit de purs \u00e9crivains, ils arrivent chez nous avec un projet atypique.\u00bb Comme Jacques Roman \u00e9crivant sur la Joconde, ou \u00abP\u00e9nurie\u00bb, un texte de J\u00e9r\u00f4me Meizoz retranscrit \u00e0 la plume par le peintre Zivo.<\/p>\n<p class=\"EmbedBlocker_hint__uEF_d\">\u00c0 ce stade, vous trouverez des contenus externes suppl\u00e9mentaires. Si vous acceptez que des cookies soient plac\u00e9s par des fournisseurs externes et que des donn\u00e9es personnelles soient ainsi transmises \u00e0 ces derniers, vous devez autoriser tous les cookies et afficher directement le contenu externe.<\/p>\n<p>Autoriser les cookiesPlus d&rsquo;infos<\/p>\n<p class=\"ArticleParagraph_root__lhFZo ArticleContainer_content-width__FRl7F link_focus__0ZMwx link_externalicon-big__ZdPgo link_externalicon__qcwXs ArticleElement_article-element__q93eL\">Autre singularit\u00e9: \u00abOn essaye de faire passer l\u2019id\u00e9e que le travail \u00e9ditorial peut \u00eatre fait comme si on pr\u00e9parait une \u0153uvre d\u2019art, avec le projet d\u2019archiver pour le futur ce qu\u2019il y avait dans la t\u00eate des artistes d\u2019ici entre les ann\u00e9es 2000 et 2025.\u00bb Cela donne des ouvrages parfois difficiles \u00e0 mettre en avant en librairie. Or exister au rayon litt\u00e9raire est essentiel. \u00abLes livres du rayon arts sont plus confidentiels. Donc on aimerait \u00eatre au rayon litt\u00e9rature, mais en cassant les bordures.\u00bb<\/p>\n<p>Six livres marquants publi\u00e9s par art&amp;fictionLitt\u00e9rature<img decoding=\"async\" loading=\"lazy\" src=\"https:\/\/www.europesays.com\/fr\/wp-content\/uploads\/2025\/09\/A3-TzGFsaiGBSklQNtlP1p.jpg\" alt=\"Couverture du livre \u00abHistoire d\u2019un soul\u00e8vement\u00bb de Laurence Boissier, avec un motif abstrait rouge et bleu.\" title=\"Couverture du livre \u00abHistoire d\u2019un soul\u00e8vement\u00bb de Laurence Boissier, avec un motif abstrait rouge et bleu.\" class=\"ResponsiveImage_root__ZDz10 responsive-image\" style=\"background-color:#F16853\"\/><\/p>\n<p class=\"ArticleParagraph_root__lhFZo ArticleContainer_content-width__FRl7F link_focus__0ZMwx link_externalicon-big__ZdPgo link_externalicon__qcwXs ArticleElement_article-element__q93eL\">Si la Genevoise disparue en 2022 a re\u00e7u un Prix suisse de litt\u00e9rature pour \u00abInventaire des lieux\u00bb en 2017, c\u2019est \u00abHistoire d\u2019un soul\u00e8vement\u00bb qui l\u2019a fait conna\u00eetre du grand public en 2020. Le r\u00e9cit m\u00eale petites vicissitudes de la randonn\u00e9e en montagne et formation des Alpes, avec un regard de biais cher \u00e0 l\u2019autrice, o\u00f9 voisinent finesse et humour.<\/p>\n<p><img decoding=\"async\" loading=\"lazy\" src=\"https:\/\/www.europesays.com\/fr\/wp-content\/uploads\/2025\/09\/1sJEr1JGapQ80OGnnQYDPj.jpg\" alt=\"Illustration abstraite en bleu et blanc avec texte: \u00abC\u00e9line Cerny, Line Marquis, Le feu et les oiseaux, Talisman pour le monde qui viendra\u00bb.\" title=\"Illustration abstraite en bleu et blanc avec texte: \u00abC\u00e9line Cerny, Line Marquis, Le feu et les oiseaux, Talisman pour le monde qui viendra\u00bb.\" class=\"ResponsiveImage_root__ZDz10 responsive-image\" style=\"background-color:#849AEF\"\/><\/p>\n<p class=\"ArticleParagraph_root__lhFZo ArticleContainer_content-width__FRl7F link_focus__0ZMwx link_externalicon-big__ZdPgo link_externalicon__qcwXs ArticleElement_article-element__q93eL\">Ce talisman litt\u00e9raire fait dialoguer la po\u00e9sie en prose de C\u00e9line Cerny et les peintures de Line Marquis, imaginant un futur doux d\u00e9pouill\u00e9 des oripeaux du pr\u00e9sent, avec un lien apais\u00e9 avec la nature, des femmes et des hommes \u00e9gaux, la possibilit\u00e9 d\u2019aimer qui l\u2019on souhaite, et des mots garants d\u2019immortalit\u00e9.<\/p>\n<p><img decoding=\"async\" loading=\"lazy\" src=\"https:\/\/www.europesays.com\/fr\/wp-content\/uploads\/2025\/09\/AW-xb_uianHAkirM0v2TVA.jpg\" alt=\"Couverture du livre \u00abG\u00eane et confusion\u00bb de Fabienne Radi, avec fond bleu et texte flou en blanc et rouge.\" title=\"Couverture du livre \u00abG\u00eane et confusion\u00bb de Fabienne Radi, avec fond bleu et texte flou en blanc et rouge.\" class=\"ResponsiveImage_root__ZDz10 responsive-image\" style=\"background-color:#B99FCC\"\/><\/p>\n<p class=\"ArticleParagraph_root__lhFZo ArticleContainer_content-width__FRl7F link_focus__0ZMwx link_externalicon-big__ZdPgo link_externalicon__qcwXs ArticleElement_article-element__q93eL\">Apr\u00e8s \u00ab\u00c9mail diamant\u00bb, Fabienne Radi propose des chroniques formant un fac\u00e9tieux catalogue de situations g\u00eanantes, du l\u00e9ger embarras \u00e0 la honte. Racont\u00e9s avec un ton d\u00e9cal\u00e9 autant qu\u2019impr\u00e9gn\u00e9 d\u2019un regard d\u2019artiste, m\u00e9langeant genres et formats, les chapitres se traversent le sourire aux l\u00e8vres.<\/p>\n<p>Art<img decoding=\"async\" loading=\"lazy\" src=\"https:\/\/www.europesays.com\/fr\/wp-content\/uploads\/2025\/09\/CJO0shl2KRlBvs4b2vZBAL.jpg\" alt=\"Portrait d\u2019une femme en robe rose tenant un tuyau d\u2019arrosage avec \u00abL\u2019art come-back!\u00bb \u00e9crit en vert.\" title=\"Portrait d\u2019une femme en robe rose tenant un tuyau d\u2019arrosage avec \u00abL\u2019art come-back!\u00bb \u00e9crit en vert.\" class=\"ResponsiveImage_root__ZDz10 responsive-image\" style=\"background-color:#35889F\"\/><\/p>\n<p class=\"ArticleParagraph_root__lhFZo ArticleContainer_content-width__FRl7F link_focus__0ZMwx link_externalicon-big__ZdPgo link_externalicon__qcwXs ArticleElement_article-element__q93eL\">Sorti en parall\u00e8le \u00e0 l\u2019exposition au Mus\u00e9e de Pully, \u00e0 voir jusqu\u2019au 14\u00a0d\u00e9cembre, l\u2019ouvrage propose le portrait d\u00e9taill\u00e9 d\u2019une nouvelle sc\u00e8ne artistique largement f\u00e9minine qui revient \u00e0 la figuration, avec une trentaine de cr\u00e9atrices de g\u00e9n\u00e9rations diff\u00e9rentes.<\/p>\n<p><img decoding=\"async\" loading=\"lazy\" src=\"https:\/\/www.europesays.com\/fr\/wp-content\/uploads\/2025\/09\/0mYm842_axH9gVQ4i57sJY.jpg\" alt=\"Couverture du livre \u00abApr\u00e8s l\u2019averse\u00bb par Nicolas Fournier et Antoine Jaccoud, avec un paysage enneig\u00e9 et texte blanc sur fond bleu.\" title=\"Couverture du livre \u00abApr\u00e8s l\u2019averse\u00bb par Nicolas Fournier et Antoine Jaccoud, avec un paysage enneig\u00e9 et texte blanc sur fond bleu.\" class=\"ResponsiveImage_root__ZDz10 responsive-image\" style=\"background-color:#215565\"\/><\/p>\n<p class=\"ArticleParagraph_root__lhFZo ArticleContainer_content-width__FRl7F link_focus__0ZMwx link_externalicon-big__ZdPgo link_externalicon__qcwXs ArticleElement_article-element__q93eL\">Autre livre repr\u00e9sentatif de la fa\u00e7on de fonctionner de la maison, le volume lie le travail du peintre Nicolas Fournier \u00e0 une nouvelle d\u2019Antoine Jaccoud. Ce qui aurait pu \u00eatre un catalogue d\u2019artiste devient un roman illustr\u00e9 mettant en valeur tant le r\u00e9cit que la peinture.<\/p>\n<p><img decoding=\"async\" loading=\"lazy\" src=\"https:\/\/www.europesays.com\/fr\/wp-content\/uploads\/2025\/09\/7xLpAaNTa369orUUSqEYGt.jpg\" alt=\"Couverture du livre \u00abDivine chromatie\u00bb de Philippe Fretz, montrant une illustration color\u00e9e et d\u00e9taill\u00e9e d\u2019un paysage architectural avec des arbres et des b\u00e2timents, publi\u00e9 par art&amp;fiction.\" title=\"Couverture du livre \u00abDivine chromatie\u00bb de Philippe Fretz, montrant une illustration color\u00e9e et d\u00e9taill\u00e9e d\u2019un paysage architectural avec des arbres et des b\u00e2timents, publi\u00e9 par art&amp;fiction.\" class=\"ResponsiveImage_root__ZDz10 responsive-image\" style=\"background-color:#8F987E\"\/><\/p>\n<p>Une planche de la \u00abDivine chromatie\u00bb de Philippe Fretz.<\/p>\n<p>PHILIPPPE FRETZ<\/p>\n<p class=\"ArticleParagraph_root__lhFZo ArticleContainer_content-width__FRl7F link_focus__0ZMwx link_externalicon-big__ZdPgo link_externalicon__qcwXs ArticleElement_article-element__q93eL\">Le livre de Philippe Fretz, fr\u00e8re de St\u00e9phane, pr\u00e9sente une peinture monumentale de la \u00abDivine com\u00e9die\u00bb de Dante. Son originalit\u00e9? Offrir une vision synoptique de tout le po\u00e8me, avec le trajet dans les trois univers, purgatoire, enfer et paradis, sur une m\u00eame image. Sans oublier une r\u00e9flexion sur les effets physiques de la lumi\u00e8re.<\/p>\n<p class=\"DynamicTeaser_boxtitle__B6piN\">Plus sur art&amp;fiction<\/p>\n<p><strong>Caroline Rieder <\/strong>est journaliste \u00e0 la rubrique culture et soci\u00e9t\u00e9 depuis 2013. Elle s&rsquo;occupe en particulier de la litt\u00e9rature romande et francophone, mais se penche aussi avec int\u00e9r\u00eat sur la BD, les romans graphiques, la litt\u00e9rature jeunesse, et divers sujets culturels et soci\u00e9taux.<a class=\"ArticleAuthorBio_moreinfo__cqyvz link_underlinelink__K5Zr0\" rel=\"author noopener\" href=\"https:\/\/www.24heures.ch\/author\/17714223\/caroline-rieder\" target=\"_blank\">Plus d&rsquo;infos<\/a><a href=\"https:\/\/twitter.com\/caroline_rieder\" target=\"_blank\" rel=\"noopener\">@caroline_rieder<\/a><\/p>\n<p class=\"Feedback_root__fr_Mi ArticleContainer_content-width__FRl7F\">Vous avez trouv\u00e9 une erreur?<a href=\"mailto:tes_correction@tamedia.ch?subject=Avis%20d'erreur%20%7C%20Caroline%20Rieder%20%7C%20Depuis%2025%20ans%2C%20art%26amp%3Bfiction%20casse%20les%20codes%20avec%20ses%20livres&amp;body=J'ai%20trouv%C3%A9%20une%20erreur%20dans%20cet%20article%3A%20https%3A%2F%2Fwww.24heures.ch%2Fart-fiction-25-ans-dedition-entre-art-et-litterature-456588247773\" class=\"Feedback_feedbacklink__VyDCi link_underlinelink__K5Zr0\">Merci de nous la signaler.<\/a><\/p>\n<p>0 commentaires<\/p>\n<p><script async src=\"https:\/\/platform.twitter.com\/widgets.js\" charset=\"utf-8\"><\/script><\/p>\n","protected":false},"excerpt":{"rendered":"Anniversaire \u00e9ditorial romand \u2013 Depuis 25 ans, art&amp;fiction casse les codes avec ses livres L\u2019\u00e9diteur de Laurence Boissier&hellip;\n","protected":false},"author":2,"featured_media":413936,"comment_status":"","ping_status":"","sticky":false,"template":"","format":"standard","meta":{"footnotes":""},"categories":[1357],"tags":[1379,58,59,1011,27,1380,19446,37086,2300,47564],"class_list":{"0":"post-413935","1":"post","2":"type-post","3":"status-publish","4":"format-standard","5":"has-post-thumbnail","7":"category-livres","8":"tag-books","9":"tag-divertissement","10":"tag-entertainment","11":"tag-fr","12":"tag-france","13":"tag-livres","14":"tag-municipality-lausanne","15":"tag-stats-editorial-team","16":"tag-stats-seo","17":"tag-stats-vibration"},"share_on_mastodon":{"url":"https:\/\/pubeurope.com\/@fr\/115259254445897558","error":""},"_links":{"self":[{"href":"https:\/\/www.europesays.com\/fr\/wp-json\/wp\/v2\/posts\/413935","targetHints":{"allow":["GET"]}}],"collection":[{"href":"https:\/\/www.europesays.com\/fr\/wp-json\/wp\/v2\/posts"}],"about":[{"href":"https:\/\/www.europesays.com\/fr\/wp-json\/wp\/v2\/types\/post"}],"author":[{"embeddable":true,"href":"https:\/\/www.europesays.com\/fr\/wp-json\/wp\/v2\/users\/2"}],"replies":[{"embeddable":true,"href":"https:\/\/www.europesays.com\/fr\/wp-json\/wp\/v2\/comments?post=413935"}],"version-history":[{"count":0,"href":"https:\/\/www.europesays.com\/fr\/wp-json\/wp\/v2\/posts\/413935\/revisions"}],"wp:featuredmedia":[{"embeddable":true,"href":"https:\/\/www.europesays.com\/fr\/wp-json\/wp\/v2\/media\/413936"}],"wp:attachment":[{"href":"https:\/\/www.europesays.com\/fr\/wp-json\/wp\/v2\/media?parent=413935"}],"wp:term":[{"taxonomy":"category","embeddable":true,"href":"https:\/\/www.europesays.com\/fr\/wp-json\/wp\/v2\/categories?post=413935"},{"taxonomy":"post_tag","embeddable":true,"href":"https:\/\/www.europesays.com\/fr\/wp-json\/wp\/v2\/tags?post=413935"}],"curies":[{"name":"wp","href":"https:\/\/api.w.org\/{rel}","templated":true}]}}