{"id":413937,"date":"2025-09-24T12:23:10","date_gmt":"2025-09-24T12:23:10","guid":{"rendered":"https:\/\/www.europesays.com\/fr\/413937\/"},"modified":"2025-09-24T12:23:10","modified_gmt":"2025-09-24T12:23:10","slug":"selon-ses-desirs-et-non-selon-la-realite","status":"publish","type":"post","link":"https:\/\/www.europesays.com\/fr\/413937\/","title":{"rendered":"selon ses d\u00e9sirs et non selon la r\u00e9alit\u00e9 \u00bb"},"content":{"rendered":"<p><strong>FIGAROVOX\/TRIBUNE &#8211; <\/strong>Un rapport de la Cour des comptes, publi\u00e9 ce mardi, alerte sur \u00ab la situation financi\u00e8re critique\u00a0\u00bb de France T\u00e9l\u00e9visions. Le fondateur de l\u2019Institut pour l\u2019Audace Politique (think-tank), Antonin Ferreira Roche, invite le groupe public \u00e0 en tirer les le\u00e7ons n\u00e9cessaires.<\/p>\n<p class=\"fig-paragraph\">Antonin Ferreira Roche est analyste financier et n\u00e9gociant au sein d\u2019un fonds d\u2019investissement. Il est le fondateur de l\u2019Institut pour l\u2019Audace Politique (think-tank lib\u00e9ral-conservateur).<\/p>\n<p class=\"fig-paragraph\">Alors que le sujet du d\u00e9rapage de la\u00a0<a href=\"http:\/\/www.lefigaro.fr\/conjoncture\/en-35-ans-aucun-gouvernement-n-a-reussi-a-reduire-le-deficit-public-par-la-maitrise-des-depenses-20250923\" target=\"_blank\" data-fig-type=\"Article\" rel=\"noopener\" data-gtm-custom-categorie=\"navigation\" data-gtm-custom-action=\"crossclick\" data-gtm-custom-label=\"Contextuel\" data-gtm-event=\"customEventSPE\" data-fig-domain=\"LEFIGARO\">d\u00e9pense publique<\/a>\u00a0et des comptes de l\u2019\u00c9tat occupe tous nos responsables politiques, le rapport qui vient d\u2019\u00eatre\u00a0<a href=\"http:\/\/www.lefigaro.fr\/medias\/tresorerie-au-plus-bas-capitaux-propres-en-chute-libre-la-cour-des-comptes-alerte-sur-l-etat-critique-des-finances-de-france-televisions-20250923\" data-fig-type=\"NewsFlash\" data-gtm-custom-categorie=\"navigation\" data-gtm-custom-action=\"crossclick\" data-gtm-custom-label=\"Contextuel\" data-gtm-event=\"customEventSPE\" data-fig-domain=\"LEFIGARO\" target=\"_blank\" rel=\"noopener\">publi\u00e9 par la Cour des comptes<\/a>\u00a0sur France T\u00e9l\u00e9visions est une bombe.<\/p>\n<p>                                    <a class=\"fig-a11y-skip a11y-hidden\" href=\"#fig-a11y-skip-main-inarticle\"><br \/>\n        Passer la publicit\u00e9<br \/>\n    <\/a><\/p>\n<p class=\"fig-paragraph\">Voil\u00e0 des semaines que journalistes \u00e9ditorialistes du groupe d\u00e9tenu \u00e0 100% par l\u2019\u00c9tat sont en boucle sur la promotion de la fameuse taxe Zucman, cens\u00e9e rapporter 15 milliards d\u2019euros en ponctionnant le capital des plus riches \u00e0 hauteur de 2% par an.<\/p>\n<p class=\"fig-paragraph\">On comprend mieux ce militantisme chevronn\u00e9 \u00e0 la lecture de ce rapport accablant. L\u2019\u00c9tat, qui finance d\u00e9j\u00e0 le groupe \u00e0 hauteur de 80 % de son chiffre d\u2019affaires chaque ann\u00e9e (2,6 milliards pour 2024), va devoir \u00eatre appel\u00e9 \u00e0 la rescousse pour renforcer les fonds propres du groupe, dans le rouge depuis 2021\u00a0!<\/p>\n<p class=\"fig-paragraph\">En effet, le Code de commerce exige que la valeur des fonds propres d\u2019une entreprise ne soit pas en dessous de la moiti\u00e9 de la valeur de son capital social. Dans le cas de France TV, c\u2019est le cas depuis 2021 et, si rien n\u2019est fait d\u2019ici 2026, le groupe risque tout simplement la dissolution \u2013 un terme \u00e0 la mode en ce moment.<\/p>\n<p class=\"fig-paragraph\">Plus accablant encore, le rapport indique que ce probl\u00e8me grave ne semble visiblement pas vraiment inqui\u00e9ter le conseil d\u2019administration, qui y pr\u00eate une attention plus que l\u00e9g\u00e8re depuis quatre ans. La Cour des comptes, pourtant dirig\u00e9e par un ancien haut cadre socialiste,\u00a0<a href=\"http:\/\/www.lefigaro.fr\/actualite-france\/la-cour-des-comptes-cimetiere-des-elephants-socialistes-ou-pierre-moscovici-fait-regner-la-loi-de-la-jungle-20250718\" target=\"_blank\" data-fig-type=\"Article\" rel=\"noopener\" data-gtm-custom-categorie=\"navigation\" data-gtm-custom-action=\"crossclick\" data-gtm-custom-label=\"Contextuel\" data-gtm-event=\"customEventSPE\" data-fig-domain=\"LEFIGARO\">Pierre Moscovici<\/a>, ne m\u00e2che pas ses mots lorsqu\u2019il s\u2019agit de d\u00e9crire la gestion financi\u00e8re du groupe audiovisuel public.<\/p>\n<p class=\"fig-paragraph\">Sur les r\u00e9mun\u00e9rations de ses 8932 collaborateurs d\u2019abord, qui b\u00e9n\u00e9ficient en 2024 d\u2019un salaire brut moyen d\u2019environ 74 000 \u20ac, lorsque l\u2019INSEE indiquait en 2023 que moins de 10% des employ\u00e9s d\u2019\u00cele-de-France touchaient plus de 70 000 \u20ac, et qu\u2019une grande partie des collaborateurs du groupe sont en r\u00e9gion.<\/p>\n<p>                                    <a class=\"fig-a11y-skip a11y-hidden\" href=\"#fig-a11y-skip-main-inarticle_mtf\"><br \/>\n        Passer la publicit\u00e9<br \/>\n    <\/a><\/p>\n<p class=\"fig-paragraph\">On apprend ainsi dans le rapport que 396 des collaborateurs du groupe gagnent plus de 100 000 \u20ac bruts par an, 31 personnes plus de 200 000 \u20ac (davantage que le Pr\u00e9sident de la R\u00e9publique), et 5 personnes plus de 300 000 \u20ac.<\/p>\n<blockquote class=\"fig-quote&#10;    \">\n<p class=\"fig-quote__text\">On comprend mieux la f\u00e9brilit\u00e9 de Delphine Ernotte, pr\u00e9sidente de France T\u00e9l\u00e9visions, qui accusait r\u00e9cemment CNews d\u2019\u00eatre une \u00ab cha\u00eene d\u2019extr\u00eame droite\u00a0\u00bb<\/p>\n<p>            Antonin Ferreira\n    <\/p><\/blockquote>\n<p class=\"fig-paragraph\">Les charges de personnel ont par exemple explos\u00e9 de +105% chez France Info entre 2017 et 2024, alors que les audiences de la cha\u00eene d\u2019information ne parviennent toujours pas \u00e0 d\u00e9coller, bonne derni\u00e8re \u00e0 0,7% de parts de march\u00e9 contre 3,3% pour le leader CNews.<\/p>\n<p class=\"fig-paragraph\">Sont \u00e9galement point\u00e9s du doigt des d\u00e9penses de taxi qui ont explos\u00e9, passant de 2,1 millions d\u2019euros en 2019 \u00e0 3,8 millions d\u2019euros en 2024.<\/p>\n<p class=\"fig-paragraph\">Le groupe met \u00e9galement \u00e0 disposition de ses dirigeants 53 v\u00e9hicules de fonction, qui, \u00e0 la diff\u00e9rence des v\u00e9hicules de service, peuvent \u00eatre utilis\u00e9s hors du travail et pendant les cong\u00e9s. Un dispositif qui n\u2019a \u00ab pas d\u2019\u00e9quivalent chez d\u2019autres entreprises publiques ni m\u00eame chez la plupart des minist\u00e8res\u00a0\u00bb, toujours selon le rapport de la Cour des comptes.<\/p>\n<p class=\"fig-paragraph\">On comprend mieux la f\u00e9brilit\u00e9 de Delphine Ernotte, pr\u00e9sidente de France T\u00e9l\u00e9visions, qui\u00a0<a href=\"http:\/\/www.lefigaro.fr\/medias\/delphine-ernotte-met-en-danger-tout-le-service-public-comment-la-presidente-de-france-televisions-electrise-le-paysage-audiovisuel-20250918\" target=\"_blank\" data-fig-type=\"Article\" rel=\"noopener\" data-gtm-custom-categorie=\"navigation\" data-gtm-custom-action=\"crossclick\" data-gtm-custom-label=\"Contextuel\" data-gtm-event=\"customEventSPE\" data-fig-domain=\"LEFIGARO\">accusait r\u00e9cemment CNews<\/a>\u00a0d\u2019\u00eatre une \u00ab cha\u00eene d\u2019extr\u00eame droite\u00a0\u00bb, et avait publiquement d\u00e9clar\u00e9 en audition devant l\u2019Assembl\u00e9e nationale en 2023 que la mission de l\u2019audiovisuel public \u00e9tait de \u00ab repr\u00e9senter la France telle qu\u2019on voudrait qu\u2019elle soit\u00a0\u00bb, et non comme elle est.<\/p>\n<p>                                    <a class=\"fig-a11y-skip a11y-hidden\" href=\"#fig-a11y-skip-main-inarticle_btf\"><br \/>\n        Passer la publicit\u00e9<br \/>\n    <\/a><\/p>\n<p class=\"fig-paragraph\">Ce rapport illustre parfaitement toute la l\u00e9g\u00e8ret\u00e9 avec laquelle les institutions \u00e9tatiques g\u00e8rent les deniers du contribuable, ainsi que son d\u00e9tachement de toute r\u00e9alit\u00e9 \u00e9conomique et politique, bien loin de la qualit\u00e9 et de la discipline que l\u2019on est en droit d\u2019attendre d\u2019une mission de service public.<\/p>\n<p class=\"fig-paragraph\">Une d\u00e9pendance aux deniers publics du contribuable qui interroge aussi fortement lorsque l\u2019on observe le traitement des cha\u00eenes publiques de la crise budg\u00e9taire actuelle, poussant le narratif bien facile du \u00ab taxez les riches\u00a0\u00bb plut\u00f4t que celui plus r\u00e9aliste de \u00ab coupez dans la d\u00e9pense publique excessive\u00a0\u00bb.<\/p>\n<p class=\"fig-body-link\">\n            \u00c0 lire aussi<br \/>\n        <a class=\"fig-body-link__link\" href=\"http:\/\/www.lefigaro.fr\/vox\/economie\/le-plebiscite-pour-la-taxe-zucman-symptome-du-socialisme-mental-francais-20250922\" target=\"_blank\" data-fig-type=\"Article\" rel=\"noopener\" data-gtm-custom-categorie=\"navigation\" data-gtm-custom-action=\"crossclick\" data-gtm-custom-label=\"Contextuel\" data-gtm-event=\"customEventSPE\" data-fig-domain=\"LEFIGARO\">\u00abLe pl\u00e9biscite pour la taxe Zucman, sympt\u00f4me du socialisme mental fran\u00e7ais\u00bb<br \/>\n    <\/a>\n<\/p>\n<p class=\"fig-paragraph\">Un m\u00e9lange des genres qui s\u2019est \u00e9galement illustr\u00e9 par la nouvelle recrue du JT de 20h de France 2, L\u00e9a Salam\u00e9, pourtant compagne du leader NFP Rapha\u00ebl Glucksmann. Cette derni\u00e8re a consacr\u00e9 son 20 heures \u00e0 plusieurs reprises \u00e0 la\u00a0<a href=\"http:\/\/www.lefigaro.fr\/vox\/economie\/la-taxe-zucman-derniere-supercherie-socialiste-20250911\" target=\"_blank\" data-fig-type=\"Article\" rel=\"noopener\" data-gtm-custom-categorie=\"navigation\" data-gtm-custom-action=\"crossclick\" data-gtm-custom-label=\"Contextuel\" data-gtm-event=\"customEventSPE\" data-fig-domain=\"LEFIGARO\">taxe Zucman<\/a>\u00a0pouss\u00e9e par le groupe d\u2019extr\u00eame gauche auquel son compagnon adh\u00e8re, allant m\u00eame jusqu\u2019\u00e0 d\u00e9former sur X (anciennement Twitter) les propos du co-fondateur de Mistral AI, Arthur Mensch, le faisant passer pour \u00ab favorable\u00a0\u00bb \u00e0 la mesure lorsqu\u2019il disait pr\u00e9cis\u00e9ment qu\u2019il ne pourrait pas s\u2019acquitter de cette taxe.<\/p>\n<p class=\"fig-paragraph\">\u00c0 l\u2019heure du ras-le-bol fiscal et de la col\u00e8re sociale qui monte, on esp\u00e8re que ce rapport ne restera pas une fois de plus sans cons\u00e9quences, ou bien nous courrons le risque bien r\u00e9el de troubles politiques majeurs dans les ann\u00e9es \u00e0 venir. L\u2019histoire de notre pays est pleine d\u2019exemples et d\u2019enseignements en la mati\u00e8re, dont les serviteurs de l\u2019\u00c9tat feraient bien de s\u2019inspirer\u2026<\/p>\n","protected":false},"excerpt":{"rendered":"FIGAROVOX\/TRIBUNE &#8211; Un rapport de la Cour des comptes, publi\u00e9 ce mardi, alerte sur \u00ab la situation financi\u00e8re&hellip;\n","protected":false},"author":2,"featured_media":413938,"comment_status":"","ping_status":"","sticky":false,"template":"","format":"standard","meta":{"footnotes":""},"categories":[1356],"tags":[15721,58,59,1011,27,17311,2549,252,1364],"class_list":{"0":"post-413937","1":"post","2":"type-post","3":"status-publish","4":"format-standard","5":"has-post-thumbnail","7":"category-television","8":"tag-cour-des-comptes","9":"tag-divertissement","10":"tag-entertainment","11":"tag-fr","12":"tag-france","13":"tag-service-public","14":"tag-taxe","15":"tag-television","16":"tag-tv"},"share_on_mastodon":{"url":"https:\/\/pubeurope.com\/@fr\/115259257940205603","error":""},"_links":{"self":[{"href":"https:\/\/www.europesays.com\/fr\/wp-json\/wp\/v2\/posts\/413937","targetHints":{"allow":["GET"]}}],"collection":[{"href":"https:\/\/www.europesays.com\/fr\/wp-json\/wp\/v2\/posts"}],"about":[{"href":"https:\/\/www.europesays.com\/fr\/wp-json\/wp\/v2\/types\/post"}],"author":[{"embeddable":true,"href":"https:\/\/www.europesays.com\/fr\/wp-json\/wp\/v2\/users\/2"}],"replies":[{"embeddable":true,"href":"https:\/\/www.europesays.com\/fr\/wp-json\/wp\/v2\/comments?post=413937"}],"version-history":[{"count":0,"href":"https:\/\/www.europesays.com\/fr\/wp-json\/wp\/v2\/posts\/413937\/revisions"}],"wp:featuredmedia":[{"embeddable":true,"href":"https:\/\/www.europesays.com\/fr\/wp-json\/wp\/v2\/media\/413938"}],"wp:attachment":[{"href":"https:\/\/www.europesays.com\/fr\/wp-json\/wp\/v2\/media?parent=413937"}],"wp:term":[{"taxonomy":"category","embeddable":true,"href":"https:\/\/www.europesays.com\/fr\/wp-json\/wp\/v2\/categories?post=413937"},{"taxonomy":"post_tag","embeddable":true,"href":"https:\/\/www.europesays.com\/fr\/wp-json\/wp\/v2\/tags?post=413937"}],"curies":[{"name":"wp","href":"https:\/\/api.w.org\/{rel}","templated":true}]}}