{"id":413939,"date":"2025-09-24T12:24:11","date_gmt":"2025-09-24T12:24:11","guid":{"rendered":"https:\/\/www.europesays.com\/fr\/413939\/"},"modified":"2025-09-24T12:24:11","modified_gmt":"2025-09-24T12:24:11","slug":"taylor-swift-accompagne-la-sortie-de-son-nouvel-album-dun-film-sur-les-coulisses-de-sa-conception","status":"publish","type":"post","link":"https:\/\/www.europesays.com\/fr\/413939\/","title":{"rendered":"Taylor Swift accompagne la sortie de son nouvel album d\u2019un film sur les coulisses de sa conception"},"content":{"rendered":"<p>La chanteuse revient sur grand \u00e9cran avec un documentaire explorant la r\u00e9alisation de The Life of a Showgirl, nouvel album qui sort vendredi. Des s\u00e9ances sont pr\u00e9vues \u00e0 partir du 2 octobre.<\/p>\n<p class=\"fig-paragraph\">Taylor Swift dorlote ses fans. La star mondiale accompagne la sortie de son prochain album\u00a0<a href=\"http:\/\/www.lefigaro.fr\/musique\/voici-mon-nouveau-disque-taylor-swift-annonce-la-sortie-de-son-nouvel-album-the-life-of-a-showgirl-20250812\" data-fig-type=\"NewsFlash\" data-gtm-custom-categorie=\"navigation\" data-gtm-custom-action=\"crossclick\" data-gtm-custom-label=\"Contextuel\" data-gtm-event=\"customEventSPE\" data-fig-domain=\"LEFIGARO\" target=\"_blank\" rel=\"noopener\">The Life of a Showgirl<\/a> , pr\u00e9vu dans les bacs le 3 octobre, d\u2019un documentaire in\u00e9dit au cin\u00e9ma. Intitul\u00e9 The Official Release Party Of A Showgirl, le film d\u00e9voile les coulisses de la conception du nouvel opus.<\/p>\n<p class=\"fig-paragraph\">\u00ab\u00a0Je vous invite \u00e0 une \u00e9blouissante soir\u00e9e\u00a0\u00bb, peut-on lire sur les r\u00e9seaux sociaux de la chanteuse dans un message publi\u00e9 ce week-end. \u00ab\u00a0Dans The Official Release Party Of A Showgirl, exclusivement au cin\u00e9ma du 3 au 5\u00a0octobre, vous pourrez voir la premi\u00e8re mondiale du clip de mon nouveau titre The Fate of Ophelia, des images in\u00e9dites, des explications d\u00e9taill\u00e9es de mes inspirations musicales, ainsi que des nouvelles vid\u00e9os de mon album The Life of a Showgirl\u00a0\u00bb, promet la pop star.\u00a0<\/p>\n<p>                                    <a class=\"fig-a11y-skip a11y-hidden\" href=\"#fig-a11y-skip-main-inarticle\"><br \/>\n        Passer la publicit\u00e9<br \/>\n    <\/a><\/p>\n<p class=\"fig-paragraph\">En France, le documentaire d\u2019une dur\u00e9e de 1\u00a0h\u00a029 sera diffus\u00e9 les 4 et 5 octobre, notamment \u00e0 Paris, Lyon, Bordeaux ou Nantes. Certaines salles proposent \u00e9galement des s\u00e9ances dans la nuit du 2 au 3 octobre.<\/p>\n<p class=\"fig-paragraph\">The Life of a Showgirl, arrive un an apr\u00e8s la sortie de\u00a0<a href=\"http:\/\/www.lefigaro.fr\/musique\/the-tortured-poets-department-de-taylor-swift-une-pop-sans-risque-20240424\" target=\"_blank\" data-fig-type=\"Article\" rel=\"noopener\" data-gtm-custom-categorie=\"navigation\" data-gtm-custom-action=\"crossclick\" data-gtm-custom-label=\"Contextuel\" data-gtm-event=\"customEventSPE\" data-fig-domain=\"LEFIGARO\">The Tortured Poets Department<\/a> \u00a0, \u00e9coul\u00e9 \u00e0 quelque 2,61 millions d\u2019exemplaires. Le 12 ao\u00fbt dernier, Taylor Swift, accompagn\u00e9e de son\u00a0<a href=\"https:\/\/madame.lefigaro.fr\/celebrites\/actu-people\/taylor-swift-annonce-son-mariage-avec-la-star-du-football-americain-travis-kelce-20250826\" target=\"_blank\" data-fig-type=\"Article\" rel=\"sponsored noopener\" data-gtm-custom-categorie=\"navigation\" data-gtm-custom-action=\"crossclick\" data-gtm-custom-label=\"Contextuel\" data-gtm-event=\"customEventSPE\" data-fig-domain=\"MADAME\">futur mari Travis Kelce\u00a0<\/a>star de football am\u00e9ricain \u00e9voluant aux Kansas City Chiefs, annon\u00e7ait en grande pompe la sortie de son 12e album.<\/p>\n<p class=\"fig-paragraph\">Outre la sc\u00e8ne musicale, la reine du box-office mondial a \u00e9galement investi le grand \u00e9cran pour un nouveau triomphe avec notamment le film-concert Taylor Swift\u00a0&#8211; The Eras Tour,\u00a0sorti en 2023, qui retrace la tourn\u00e9e mondiale la plus lucrative de l\u2019histoire, qui s\u2019est achev\u00e9e en d\u00e9cembre 2024.<\/p>\n","protected":false},"excerpt":{"rendered":"La chanteuse revient sur grand \u00e9cran avec un documentaire explorant la r\u00e9alisation de The Life of a Showgirl,&hellip;\n","protected":false},"author":2,"featured_media":413940,"comment_status":"","ping_status":"","sticky":false,"template":"","format":"standard","meta":{"footnotes":""},"categories":[1355],"tags":[58,59,1011,27,1361,873,2713],"class_list":{"0":"post-413939","1":"post","2":"type-post","3":"status-publish","4":"format-standard","5":"has-post-thumbnail","7":"category-musique","8":"tag-divertissement","9":"tag-entertainment","10":"tag-fr","11":"tag-france","12":"tag-music","13":"tag-musique","14":"tag-taylor-swift"},"share_on_mastodon":{"url":"https:\/\/pubeurope.com\/@fr\/115259261915387247","error":""},"_links":{"self":[{"href":"https:\/\/www.europesays.com\/fr\/wp-json\/wp\/v2\/posts\/413939","targetHints":{"allow":["GET"]}}],"collection":[{"href":"https:\/\/www.europesays.com\/fr\/wp-json\/wp\/v2\/posts"}],"about":[{"href":"https:\/\/www.europesays.com\/fr\/wp-json\/wp\/v2\/types\/post"}],"author":[{"embeddable":true,"href":"https:\/\/www.europesays.com\/fr\/wp-json\/wp\/v2\/users\/2"}],"replies":[{"embeddable":true,"href":"https:\/\/www.europesays.com\/fr\/wp-json\/wp\/v2\/comments?post=413939"}],"version-history":[{"count":0,"href":"https:\/\/www.europesays.com\/fr\/wp-json\/wp\/v2\/posts\/413939\/revisions"}],"wp:featuredmedia":[{"embeddable":true,"href":"https:\/\/www.europesays.com\/fr\/wp-json\/wp\/v2\/media\/413940"}],"wp:attachment":[{"href":"https:\/\/www.europesays.com\/fr\/wp-json\/wp\/v2\/media?parent=413939"}],"wp:term":[{"taxonomy":"category","embeddable":true,"href":"https:\/\/www.europesays.com\/fr\/wp-json\/wp\/v2\/categories?post=413939"},{"taxonomy":"post_tag","embeddable":true,"href":"https:\/\/www.europesays.com\/fr\/wp-json\/wp\/v2\/tags?post=413939"}],"curies":[{"name":"wp","href":"https:\/\/api.w.org\/{rel}","templated":true}]}}