{"id":413941,"date":"2025-09-24T12:25:10","date_gmt":"2025-09-24T12:25:10","guid":{"rendered":"https:\/\/www.europesays.com\/fr\/413941\/"},"modified":"2025-09-24T12:25:10","modified_gmt":"2025-09-24T12:25:10","slug":"la-fete-de-fin-tournage-cache-t-elle-un-enorme-indice-sur-le-mechant-du-mcu","status":"publish","type":"post","link":"https:\/\/www.europesays.com\/fr\/413941\/","title":{"rendered":"la f\u00eate de fin tournage cache-t-elle un \u00e9norme indice sur le m\u00e9chant du MCU ?"},"content":{"rendered":"<p>C\u2019est la f\u00eate chez Marvel. Plus de cinq mois apr\u00e8s le d\u00e9but du tournage, Avengers\u00a0: Doomsday est dans la boite. L\u2019\u00e9v\u00e9nement le plus attendu de <a href=\"https:\/\/www.journaldugeek.com\/wp\/wp-admin\/post.php?post=50555004&amp;action=edit\" rel=\"nofollow noopener\" target=\"_blank\">l\u2019agenda de Marvel<\/a> entre enfin en post-production, \u00e9tape cruciale dans la concr\u00e9tisation de la vision des fr\u00e8res Russo pour la guerre multiverselle annonc\u00e9e depuis 2019. Au cours des prochains mois, les \u00e9quipes cr\u00e9atives vont s\u2019attacher \u00e0 faire \u00e9clore le premier volet d\u2019une conclusion en deux \u00e9tapes, un travail colossal de montage, d\u2019effets num\u00e9riques les attends. Mais avant, Marvel a organis\u00e9 une soir\u00e9e pour c\u00e9l\u00e9brer la fin du tournage avec la distribution et toutes celles et ceux qui ont particip\u00e9 \u00e0 ce projet. Quelques regards indiscrets se sont pos\u00e9s sur cette c\u00e9l\u00e9bration et des images ont \u00e9t\u00e9 publi\u00e9es sur les r\u00e9seaux sociaux.<\/p>\n<p>C\u2019est le cas d\u2019une vid\u00e9o partag\u00e9e par le concepteur d\u2019action Micah Karns. Sur Instagram, celui qui a travaill\u00e9 sur Superman et Les Gardiens de la Galaxie 3 d\u00e9voile un hologramme pour le moins singulier. Tandis que tous les invit\u00e9s dansent au rythme de la musique, un immense avatar anim\u00e9 de <a href=\"https:\/\/www.journaldugeek.com\/dossier\/avengers-5-date-intrigue-et-casting-tout-savoir-sur-doomsday\/\" rel=\"nofollow noopener\" target=\"_blank\">Doctor Doom<\/a> alias Docteur Fatalis est projet\u00e9 sur les \u00e9crans. Une version qui n\u2019a rien \u00e0 envier aux avatars du m\u00e9chant dans Fortnite mais qui est surtout une occasion de confirm\u00e9 les inspirations des fr\u00e8res Russo pour cette premi\u00e8re apparition de l\u2019antagoniste dans le MCU.<\/p>\n<p> Un look qui revient aux origines\u2026 mais pas que <\/p>\n<p>Cet \u00e9t\u00e9, un spectacle de lumi\u00e8re a r\u00e9v\u00e9l\u00e9 l\u2019apparence de Docteur Doom dans Avengers 5. Un aper\u00e7u qui restait n\u00e9anmoins succinct. La vid\u00e9o publi\u00e9e ce weekend permet d\u2019en apprendre plus sur la question. Les lecteurs de comics seront ravis de d\u00e9couvrir un costume proche de celui imagin\u00e9 par Jack Kirby en 1962. On retrouve ainsi son armure caract\u00e9ristique ainsi qu\u2019une cape verte. Jusqu\u2019ici, rien de bien \u00e9tonnant. Le masque de l\u2019antagoniste ne semble <strong>pas avoir \u00e9t\u00e9 modifi\u00e9 pour se rapprocher de celui d\u2019Iron Man<\/strong>, il conserve son apparence tr\u00e8s angulaire et<strong> presque m\u00e9di\u00e9vale<\/strong>. On peut tout de m\u00eame remarqu\u00e9 quelques <strong>teintes violettes<\/strong> sur les jambes du personnage. Une couleur qui est associ\u00e9e \u00e0 un autre antagoniste qui \u00e9tait promis \u00e0 de grandes choses chez Marvel.<\/p>\n<blockquote class=\"twitter-tweet\" data-width=\"500\" data-dnt=\"true\">\n<p lang=\"en\" dir=\"ltr\">they had a dancing doom hologram at the avengers doomsday wrap party HELLO is this how he&rsquo;ll be distracting the avengers <a href=\"https:\/\/t.co\/VCMkbhCC40\" rel=\"nofollow\">pic.twitter.com\/VCMkbhCC40<\/a><\/p>\n<p>\u2014 \u05b4 (@drdoomarchive) <a href=\"https:\/\/twitter.com\/drdoomarchive\/status\/1969626053066047588?ref_src=twsrc%5Etfw\" rel=\"nofollow noopener\" target=\"_blank\">September 21, 2025<\/a><\/p>\n<\/blockquote>\n<p>En effet, la <a href=\"https:\/\/www.journaldugeek.com\/2023\/12\/19\/jonathan-majors-kang-evince-du-mcu-apres-avoir-ete-reconnu-coupable-dagression\/\" rel=\"nofollow noopener\" target=\"_blank\">disparition de Kang le conqu\u00e9rant<\/a> n\u2019a pas encore \u00e9t\u00e9 \u00e9voqu\u00e9e par le MCU. Pour rappel, c\u2019est l\u2019\u00e9viction de l\u2019acteur suite \u00e0 des d\u00e9m\u00eal\u00e9s avec la justice qui a pouss\u00e9 la firme \u00e0 revoir ses plans pour Avengers 5 et 6. Avengers\u00a0: Kang Dynasty est devenu Doomsday et Robert Downey Jr a \u00e9t\u00e9 ramen\u00e9 sur le devant de la sc\u00e8ne pour incarner le m\u00e9chant. Les fr\u00e8res Russo pourraient ainsi expliquer la capacit\u00e9 du personnage \u00e0 voyager entre les dimensions. S\u2019il absorde les pouvoirs du Beyonder dans Secret Wars, Doom pourrait avoir absorb\u00e9 ceux de Kang de ce nouveau film.<\/p>\n<p>Il va falloir dans tous les cas s\u2019armer de patience pour le d\u00e9couvrir. On peut imaginer que les v\u00e9ritables vraies premi\u00e8res images d\u2019Avengers\u00a0: Doomsday soit montr\u00e9es l\u2019\u00e9t\u00e9 prochain, apr\u00e8s la sortie de <a href=\"https:\/\/www.journaldugeek.com\/2025\/09\/22\/tom-holland-se-blesse-sur-le-tournage-de-spider-man-brand-new-day-le-film-retarde\/\" rel=\"nofollow noopener\" target=\"_blank\">Spider-Man\u00a0: Brand New Day<\/a> ou lors du <strong>Comic Con de San Diego<\/strong>. Reste \u00e0 voir maintenant, apr\u00e8s une <a href=\"https:\/\/www.journaldugeek.com\/dossier\/marvel-ferme-le-rideau-sur-sa-phase-5-analyse-dun-desastre\/\" rel=\"nofollow noopener\" target=\"_blank\">phase 5 catastrophique<\/a>, si le public sera au rendez-vous et si Kevin Feige et ses \u00e9quipes sont parvenus \u00e0 faire oublier les nombreux impairs de la licence.<\/p>\n<p>    <a href=\"https:\/\/www.youtube.com\/user\/JournalduGeek?sub_confirmation=1\" target=\"_blank\" rel=\"nofollow noopener\"><br \/>\n        S&rsquo;abonner \u00e0 Journal du Geek<br \/>\n    <\/a> <\/p>\n<p>Pour rappel, Avengers\u00a0: Doomsday doit investir nos cin\u00e9mas <strong>le 16 d\u00e9cembre 2026<\/strong>. Le film est \u00e9crit par Stephen McFeely et r\u00e9alis\u00e9 par Joe et Anthony Russo (Endgame). Robert Downey Jr, Vanessa Kirby, Pedro Pascal mais aussi Ian McKellen, Patrick Stewart et Anthony Mackie comptent parmi les acteurs invit\u00e9s \u00e0 prendre part \u00e0 cette aventure. Toute la distribution n\u2019a pas encore \u00e9t\u00e9 officialis\u00e9e mais<a href=\"https:\/\/www.journaldugeek.com\/2025\/03\/26\/avengers-doomsday-entre-en-production-voici-lenorme-casting\/\" rel=\"nofollow noopener\" target=\"_blank\"> la liste<\/a> est d\u00e9j\u00e0 particuli\u00e8rement longue.<\/p>\n<blockquote>\n<p class=\"text-base text-neutral-700 dark:text-neutral-300\">\ud83d\udfe3 Pour ne manquer aucune news sur le Journal du Geek, abonnez-vous sur <a href=\"https:\/\/news.google.com\/publications\/CAAqBwgKMNr_hAswwYyCAw?hl=fr&amp;gl=FR&amp;ceid=FR%3Afr\" target=\"_blank\" rel=\"nofollow noopener\">Google Actualit\u00e9s<\/a> et sur <a href=\"https:\/\/whatsapp.com\/channel\/0029VaClM5y4tRry12tb7D2h\" target=\"_blank\" rel=\"nofollow noopener\">notre WhatsApp<\/a>. Et si vous nous adorez, on a <a href=\"https:\/\/www.journaldugeek.com\/newsletter\/\" target=\"_blank\" rel=\"nofollow noopener\">une newsletter tous les matins<\/a>.<\/p>\n<\/blockquote>\n<p>                  <script async src=\"https:\/\/platform.twitter.com\/widgets.js\" charset=\"utf-8\"><\/script><\/p>\n","protected":false},"excerpt":{"rendered":"C\u2019est la f\u00eate chez Marvel. Plus de cinq mois apr\u00e8s le d\u00e9but du tournage, Avengers\u00a0: Doomsday est dans&hellip;\n","protected":false},"author":2,"featured_media":413942,"comment_status":"","ping_status":"","sticky":false,"template":"","format":"standard","meta":{"footnotes":""},"categories":[1354],"tags":[4553,54444,58,59,1346,1011,27,1360,35469,54445],"class_list":{"0":"post-413941","1":"post","2":"type-post","3":"status-publish","4":"format-standard","5":"has-post-thumbnail","7":"category-films","8":"tag-avengers-doomsday","9":"tag-avengers-5","10":"tag-divertissement","11":"tag-entertainment","12":"tag-films","13":"tag-fr","14":"tag-france","15":"tag-movies","16":"tag-robert-downey-jr","17":"tag-superheros"},"share_on_mastodon":{"url":"https:\/\/pubeurope.com\/@fr\/115259265867248678","error":""},"_links":{"self":[{"href":"https:\/\/www.europesays.com\/fr\/wp-json\/wp\/v2\/posts\/413941","targetHints":{"allow":["GET"]}}],"collection":[{"href":"https:\/\/www.europesays.com\/fr\/wp-json\/wp\/v2\/posts"}],"about":[{"href":"https:\/\/www.europesays.com\/fr\/wp-json\/wp\/v2\/types\/post"}],"author":[{"embeddable":true,"href":"https:\/\/www.europesays.com\/fr\/wp-json\/wp\/v2\/users\/2"}],"replies":[{"embeddable":true,"href":"https:\/\/www.europesays.com\/fr\/wp-json\/wp\/v2\/comments?post=413941"}],"version-history":[{"count":0,"href":"https:\/\/www.europesays.com\/fr\/wp-json\/wp\/v2\/posts\/413941\/revisions"}],"wp:featuredmedia":[{"embeddable":true,"href":"https:\/\/www.europesays.com\/fr\/wp-json\/wp\/v2\/media\/413942"}],"wp:attachment":[{"href":"https:\/\/www.europesays.com\/fr\/wp-json\/wp\/v2\/media?parent=413941"}],"wp:term":[{"taxonomy":"category","embeddable":true,"href":"https:\/\/www.europesays.com\/fr\/wp-json\/wp\/v2\/categories?post=413941"},{"taxonomy":"post_tag","embeddable":true,"href":"https:\/\/www.europesays.com\/fr\/wp-json\/wp\/v2\/tags?post=413941"}],"curies":[{"name":"wp","href":"https:\/\/api.w.org\/{rel}","templated":true}]}}