{"id":413970,"date":"2025-09-24T12:42:14","date_gmt":"2025-09-24T12:42:14","guid":{"rendered":"https:\/\/www.europesays.com\/fr\/413970\/"},"modified":"2025-09-24T12:42:14","modified_gmt":"2025-09-24T12:42:14","slug":"bilan-dune-journee-sous-haute-tension-pour-la-police-municipale","status":"publish","type":"post","link":"https:\/\/www.europesays.com\/fr\/413970\/","title":{"rendered":"bilan d&rsquo;une journ\u00e9e sous haute tension pour la Police Municipale"},"content":{"rendered":"<p>\nArrestations, secours et interventions d&rsquo;urgence &#8230; une journ\u00e9e rythm\u00e9e pour la Police Municipale de Montpellier.<\/p>\n<p>\n\u00a9 Photo d\u2019illustration \u2013 Police Municipale de Montpellier.<\/p>\n<p><a data-no-instant=\"1\" href=\"https:\/\/www.montpellier.aeroport.fr\/fr\/passagers\/vols-destinations\/destinations-en-direct\/agadir?utm_campaign=infoccitanie_septembre\" rel=\"noopener\" class=\"a2t-link\" aria-label=\"3973-image\" target=\"_blank\"><img decoding=\"async\" loading=\"lazy\" src=\"https:\/\/www.europesays.com\/fr\/wp-content\/uploads\/2025\/09\/3973-image-scaled.png\" alt=\"\"   width=\"1220\" height=\"260\"\/><\/a><a data-no-instant=\"1\" href=\"http:\/\/tangobus.fr\/\" rel=\"noopener\" class=\"a2t-link\" aria-label=\"3991-image\" target=\"_blank\"><img decoding=\"async\" loading=\"lazy\" src=\"https:\/\/www.europesays.com\/fr\/wp-content\/uploads\/2025\/09\/3991-image.jpeg\" alt=\"\"   width=\"1220\" height=\"260\"\/><\/a><\/p>\n<p>Ce mardi 24 septembre, la <strong>Police Municipale <\/strong>de <a href=\"https:\/\/infoccitanie.fr\/tag\/montpellier\/\" target=\"_blank\" rel=\"noopener\">Montpellier<\/a> a men\u00e9 de nombreuses <strong>interventions<\/strong>. Tout d\u2019abord, \u00e0 <strong>Figuerolles<\/strong>, les policiers municipaux ont <strong>interpell\u00e9<\/strong> un individu. Ce dernier \u00e9tait en possession d\u2019un <strong>couteau<\/strong> ainsi que de 1195 euros en <strong>esp\u00e8ces<\/strong>. \u00c0 <strong>Aiguelongue<\/strong>, ils ont proc\u00e9d\u00e9 \u00e0 une seconde interpellation : une personne d\u00e9tentrice de <strong>stup\u00e9fiants<\/strong>. Les forces de l\u2019ordre ont \u00e9galement port\u00e9 assistance \u00e0 plusieurs personnes. D\u2019une part, \u00e0 <strong>Gambetta<\/strong>, les policiers ont aid\u00e9 une <strong>femme victime d\u2019une chute<\/strong>. D\u2019autre part, dans le quartier de la <strong>Mosson<\/strong>, ils ont port\u00e9 secours \u00e0 un <strong>homme poignard\u00e9<\/strong>. Enfin, dans le <strong>centre-ville <\/strong>de Montpellier, les agents de la Police Municipale ont accompagn\u00e9 et aid\u00e9 une <strong>femme en crise suicidaire<\/strong>. <strong>L\u2019objectif de toutes ces interventions ?<\/strong> Agir pour la s\u00e9curit\u00e9 des habitants et leur bien-\u00eatre.<\/p>\n","protected":false},"excerpt":{"rendered":"Arrestations, secours et interventions d&rsquo;urgence &#8230; une journ\u00e9e rythm\u00e9e pour la Police Municipale de Montpellier. \u00a9 Photo d\u2019illustration&hellip;\n","protected":false},"author":2,"featured_media":413971,"comment_status":"","ping_status":"","sticky":false,"template":"","format":"standard","meta":{"footnotes":""},"categories":[9599],"tags":[1111,11,1777,674,1011,27,2208,12,2680,2872,25],"class_list":{"0":"post-413970","1":"post","2":"type-post","3":"status-publish","4":"format-standard","5":"has-post-thumbnail","7":"category-montpellier","8":"tag-actu","9":"tag-actualites","10":"tag-eu","11":"tag-europe","12":"tag-fr","13":"tag-france","14":"tag-montpellier","15":"tag-news","16":"tag-occitanie","17":"tag-police-municipale","18":"tag-republique-francaise"},"share_on_mastodon":{"url":"https:\/\/pubeurope.com\/@fr\/115259333255781941","error":""},"_links":{"self":[{"href":"https:\/\/www.europesays.com\/fr\/wp-json\/wp\/v2\/posts\/413970","targetHints":{"allow":["GET"]}}],"collection":[{"href":"https:\/\/www.europesays.com\/fr\/wp-json\/wp\/v2\/posts"}],"about":[{"href":"https:\/\/www.europesays.com\/fr\/wp-json\/wp\/v2\/types\/post"}],"author":[{"embeddable":true,"href":"https:\/\/www.europesays.com\/fr\/wp-json\/wp\/v2\/users\/2"}],"replies":[{"embeddable":true,"href":"https:\/\/www.europesays.com\/fr\/wp-json\/wp\/v2\/comments?post=413970"}],"version-history":[{"count":0,"href":"https:\/\/www.europesays.com\/fr\/wp-json\/wp\/v2\/posts\/413970\/revisions"}],"wp:featuredmedia":[{"embeddable":true,"href":"https:\/\/www.europesays.com\/fr\/wp-json\/wp\/v2\/media\/413971"}],"wp:attachment":[{"href":"https:\/\/www.europesays.com\/fr\/wp-json\/wp\/v2\/media?parent=413970"}],"wp:term":[{"taxonomy":"category","embeddable":true,"href":"https:\/\/www.europesays.com\/fr\/wp-json\/wp\/v2\/categories?post=413970"},{"taxonomy":"post_tag","embeddable":true,"href":"https:\/\/www.europesays.com\/fr\/wp-json\/wp\/v2\/tags?post=413970"}],"curies":[{"name":"wp","href":"https:\/\/api.w.org\/{rel}","templated":true}]}}