{"id":413972,"date":"2025-09-24T12:43:09","date_gmt":"2025-09-24T12:43:09","guid":{"rendered":"https:\/\/www.europesays.com\/fr\/413972\/"},"modified":"2025-09-24T12:43:09","modified_gmt":"2025-09-24T12:43:09","slug":"un-jeune-sans-permis-tente-dechapper-aux-policiers","status":"publish","type":"post","link":"https:\/\/www.europesays.com\/fr\/413972\/","title":{"rendered":"un jeune sans permis tente d&rsquo;\u00e9chapper aux policiers"},"content":{"rendered":"<p>            Par<br \/>\n        <strong><br \/>\n            <a href=\"https:\/\/actu.fr\/auteur\/yann-rivallan\" title=\"Consulter tous les articles de Yann Rivallan\" target=\"_blank\" rel=\"noopener\">Yann Rivallan<\/a><br \/>\n        <\/strong><\/p>\n<p>        Publi\u00e9 le<\/p>\n<p>            24 sept. 2025 \u00e0 11h45        <\/p>\n<p>Il n\u2019avait pas <strong>le permis de conduire<\/strong>\u2026 Et c\u2019est assez naturellement que cette <strong>course-poursuite<\/strong> s\u2019est mal finie pour un jeune homme de 19\u00a0ans sur <a href=\"https:\/\/actu.fr\/tag\/hauts-de-rouen\" target=\"_blank\" rel=\"noopener\">les Hauts de Rouen<\/a>. Dans la nuit du mardi\u00a023 au mercredi 24\u00a0septembre 2025, \u00e0 1h10 du matin, il a tent\u00e9 de fuir les policiers en prenant tous les risques.<\/p>\n<p>Le v\u00e9hicule n\u2019est pas assur\u00e9<\/p>\n<p class=\" wall-content\">Tout d\u00e9marre au niveau de la rue Fran\u00e7ois-Couperin. Une patrouille de police remarque un automobiliste <strong>au comportement suspect<\/strong>. Il semble arr\u00eater sa voiture \u00e0 la vue des forces de l\u2019ordre et reprend sa route.<\/p>\n<p class=\" wall-content\">Par acquit de conscience, les gardiens de la paix passent la plaque d\u2019immatriculation dans leur base de donn\u00e9es. Et ils constatent que le v\u00e9hicule <strong>n\u2019est pas assur\u00e9<\/strong>. Ils allument leurs gyrophares et leur sir\u00e8ne pour faire signe au conducteur de s\u2019arr\u00eater.<\/p>\n<p class=\" wall-content\">Sauf que ce dernier commence \u00e0 acc\u00e9l\u00e9rer en direction de la rue Georges-Braques. Il continue sa course vers la rue Galil\u00e9e et atteint \u00ab\u2009une vitesse estim\u00e9e de 100\u00a0km\/h\u2009\u00bb, selon une source polici\u00e8re.<\/p>\n<p>Le chauffard monte \u00e0 140\u00a0km\/h<\/p>\n<p class=\" wall-content\">Dans sa course, il effectue \u00ab\u2009des zigzags\u2009\u00bb pour tenter de semer ses poursuivants. Il poursuit au niveau de l\u2019avenue de la Grand\u2019Mare et <strong>continue d\u2019acc\u00e9l\u00e9rer<\/strong>.<\/p>\n<blockquote class=\"ac-article-quote wall-content\">\n<p>Cette fois, il roule \u00e0 une vitesse estim\u00e9e de 140 km\/h.<\/p>\n<p>    <strong>Une source polici\u00e8re<\/strong>\n            <\/p><\/blockquote>\n<p class=\" wall-content\">Mais la vitesse coupl\u00e9e \u00e0 ses man\u0153uvres dangereuses fait perdre le contr\u00f4le au fuyard\u2009: \u00ab\u2009Il se retrouve sur la voie de circulation oppos\u00e9e\u2009\u00bb, poursuit notre source. Le chauffard tente de repasser sur la voie de droite, mais il <strong>heurte un trottoir et une glissi\u00e8re de s\u00e9curit\u00e9<\/strong>, selon nos informations.<\/p>\n<p>Votre r\u00e9gion, votre actu !<\/p>\n<p>Recevez chaque jour les infos qui comptent pour vous.<\/p>\n<p>\t<a href=\"https:\/\/actu.fr\/newsletter\" class=\"ac-btn ac-btn--corner ac-btn--medium ac-btn--blue800\" target=\"_blank\" rel=\"noopener\">S&rsquo;incrire<\/a><br \/>\nIl tente de prendre la fuite \u00e0 pieds<\/p>\n<p class=\" wall-content\">La voiture effectue un t\u00eate-\u00e0-queue et se retrouve \u00e0 l\u2019arr\u00eat. Le jeune homme de 19\u00a0ans derri\u00e8re le volant tente de <strong>prendre la fuite \u00e0 pied<\/strong>\u00a0en direction d\u2019un bois. Mais les policiers le rattrapent facilement et l\u2019interpellent.<\/p>\n<p class=\" wall-content\">Il est finalement plac\u00e9 en garde \u00e0 vue. Un passager de 18\u00a0ans est laiss\u00e9 sur place par les forces de l\u2019ordre. Aucun bless\u00e9 n\u2019est \u00e0 d\u00e9plorer.<\/p>\n<p>Suivez l\u2019actualit\u00e9 de Rouen sur <a href=\"https:\/\/www.whatsapp.com\/channel\/0029VaKfnf99hXF2ddApFB1D\" target=\"_blank\" rel=\"noopener\">notre cha\u00eene WhatsApp<\/a> et sur <a href=\"https:\/\/www.tiktok.com\/@76actu.fr?lang=fr\" target=\"_blank\" rel=\"noopener\">notre compte TikTok<\/a><\/p>\n<p class=\" wall-content\">Personnalisez votre actualit\u00e9 en ajoutant vos villes et m\u00e9dias en favori avec <a href=\"https:\/\/moncompte.actu.fr\" title=\"D\u00e9couvez Mon Actu\" rel=\"nofollow noopener\" data-trk=\"{&quot;cta&quot;:{&quot;action&quot;:&quot;https:\\\/\\\/moncompte.actu.fr&quot;,&quot;category&quot;:&quot;mon compte&quot;,&quot;from&quot;:&quot;article footer&quot;,&quot;name&quot;:&quot;Mon actu&quot;,&quot;type&quot;:&quot;cta&quot;}}\" target=\"_blank\">Mon Actu<\/a>.<\/p>\n<p>                    <script async src=\"\/\/www.tiktok.com\/embed.js\"><\/script><\/p>\n","protected":false},"excerpt":{"rendered":"Par Yann Rivallan Publi\u00e9 le 24 sept. 2025 \u00e0 11h45 Il n\u2019avait pas le permis de conduire\u2026 Et&hellip;\n","protected":false},"author":2,"featured_media":413973,"comment_status":"","ping_status":"","sticky":false,"template":"","format":"standard","meta":{"footnotes":""},"categories":[9587],"tags":[1111,11,1777,674,5915,118,1011,27,12,5161,5007,1072,25,9590],"class_list":{"0":"post-413972","1":"post","2":"type-post","3":"status-publish","4":"format-standard","5":"has-post-thumbnail","7":"category-rouen","8":"tag-actu","9":"tag-actualites","10":"tag-eu","11":"tag-europe","12":"tag-exces-de-vitesse","13":"tag-faits-divers","14":"tag-fr","15":"tag-france","16":"tag-news","17":"tag-normandie","18":"tag-permis-de-conduire","19":"tag-police","20":"tag-republique-francaise","21":"tag-rouen"},"share_on_mastodon":{"url":"https:\/\/pubeurope.com\/@fr\/115259336616631023","error":""},"_links":{"self":[{"href":"https:\/\/www.europesays.com\/fr\/wp-json\/wp\/v2\/posts\/413972","targetHints":{"allow":["GET"]}}],"collection":[{"href":"https:\/\/www.europesays.com\/fr\/wp-json\/wp\/v2\/posts"}],"about":[{"href":"https:\/\/www.europesays.com\/fr\/wp-json\/wp\/v2\/types\/post"}],"author":[{"embeddable":true,"href":"https:\/\/www.europesays.com\/fr\/wp-json\/wp\/v2\/users\/2"}],"replies":[{"embeddable":true,"href":"https:\/\/www.europesays.com\/fr\/wp-json\/wp\/v2\/comments?post=413972"}],"version-history":[{"count":0,"href":"https:\/\/www.europesays.com\/fr\/wp-json\/wp\/v2\/posts\/413972\/revisions"}],"wp:featuredmedia":[{"embeddable":true,"href":"https:\/\/www.europesays.com\/fr\/wp-json\/wp\/v2\/media\/413973"}],"wp:attachment":[{"href":"https:\/\/www.europesays.com\/fr\/wp-json\/wp\/v2\/media?parent=413972"}],"wp:term":[{"taxonomy":"category","embeddable":true,"href":"https:\/\/www.europesays.com\/fr\/wp-json\/wp\/v2\/categories?post=413972"},{"taxonomy":"post_tag","embeddable":true,"href":"https:\/\/www.europesays.com\/fr\/wp-json\/wp\/v2\/tags?post=413972"}],"curies":[{"name":"wp","href":"https:\/\/api.w.org\/{rel}","templated":true}]}}