{"id":413978,"date":"2025-09-24T12:46:16","date_gmt":"2025-09-24T12:46:16","guid":{"rendered":"https:\/\/www.europesays.com\/fr\/413978\/"},"modified":"2025-09-24T12:46:16","modified_gmt":"2025-09-24T12:46:16","slug":"les-premiers-chiffres-de-la-delinquance-en-2025-sont-tombes","status":"publish","type":"post","link":"https:\/\/www.europesays.com\/fr\/413978\/","title":{"rendered":"les premiers chiffres de la d\u00e9linquance en 2025 sont tomb\u00e9s"},"content":{"rendered":"<p>            Par<br \/>\n        <strong><br \/>\n            <a href=\"https:\/\/actu.fr\/auteur\/lisa-rodrigues\" title=\"Consulter tous les articles de Lisa Rodrigues\" rel=\"nofollow noopener\" target=\"_blank\">Lisa Rodrigues<\/a><br \/>\n        <\/strong><\/p>\n<p>        Publi\u00e9 le<\/p>\n<p>            24 sept. 2025 \u00e0 12h38        <\/p>\n<p>Des actes de violence sur la voie publique en baisse et une r\u00e9pression active des d\u00e9lits et crimes li\u00e9s au trafic de stup\u00e9fiants depuis le d\u00e9but de l\u2019ann\u00e9e 2025. Voil\u00e0 comment on pourrait r\u00e9sumer les <strong>premiers chiffres de la d\u00e9linquance<\/strong> communiqu\u00e9s par la pr\u00e9fecture de l\u2019<a href=\"https:\/\/actu.fr\/auvergne-rhone-alpes\/isere_38\" rel=\"nofollow noopener\" target=\"_blank\">Is\u00e8re<\/a> concernant le territoire du ressort du tribunal de <a href=\"https:\/\/actu.fr\/auvergne-rhone-alpes\/grenoble_38185\" rel=\"nofollow noopener\" target=\"_blank\">Grenoble<\/a>.<br \/>Apr\u00e8s \u00ab\u00a0une ann\u00e9e 2024 <a href=\"https:\/\/actu.fr\/auvergne-rhone-alpes\/grenoble_38185\/grenoble-nouvelle-fusillade-dans-la-ville-quatre-personnes-interpellees-par-la-police_61873745.html\" rel=\"nofollow noopener\" target=\"_blank\">particuli\u00e8rement difficile<\/a>\u00a0\u00bb avec plusieurs morts par balle \u2013 souvent li\u00e9s au trafic de stup\u00e9fiants -, \u00ab\u00a0les tendances qui commencent \u00e0 se d\u00e9gager pour 2025 sont plut\u00f4t positives\u00a0\u00bb, souligne le procureur de la R\u00e9publique, \u00c9tienne Manteaux, lors d\u2019une conf\u00e9rence de presse sur le sujet.<\/p>\n<p>28 points de deal comptabilis\u00e9s<\/p>\n<p class=\" wall-content\">En f\u00e9vrier dernier, Grenoble \u00e9tait sous le feu des projecteurs avec la venue du ministre de l\u2019Int\u00e9rieur, Bruno Retailleau, pour un <a href=\"https:\/\/actu.fr\/auvergne-rhone-alpes\/grenoble_38185\/grenoble-bruno-retailleau-annonce-l-arrivee-de-16-policiers-dans-les-mois-prochains_62253170.html\" rel=\"nofollow noopener\" target=\"_blank\">d\u00e9placement sur le th\u00e8me du narcotrafic<\/a>. Il a annonc\u00e9 \u00e0 cette occasion que la capitale des Alpes rejoignait le dispositif \u00ab\u00a0Villes de s\u00e9curit\u00e9 renforc\u00e9e\u00a0\u00bb pour mieux lutter contre le grand banditisme, dont le trafic de stup\u00e9fiants.<\/p>\n<p class=\" wall-content\">Sept mois plus tard, il y a des r\u00e9ussites, assure la pr\u00e9f\u00e8te de l\u2019Is\u00e8re, Catherine S\u00e9guin. \u00ab\u00a0Il n\u2019est pas question d\u2019\u00eatre dans le triomphalisme, mais il y a des constats de r\u00e9sultats.\u00a0\u00bb Parmi les chiffres avanc\u00e9s, plus de <strong>660 op\u00e9rations \u00ab\u00a0cibl\u00e9es\u00a0\u00bb sur les points de deal<\/strong>, qui seraient pass\u00e9s de 41 en 2023 \u00e0 28 en 2025 sur l\u2019agglom\u00e9ration grenobloise.<\/p>\n<p>    <img   decoding=\"async\" loading=\"lazy\" src=\"https:\/\/www.europesays.com\/fr\/wp-content\/uploads\/2025\/09\/point-narco-tribunal-et-pref-grenoble-960x640.jpeg\" alt=\"La pr\u00e9f\u00e8te de l'Is\u00e8re, Catherine S\u00e9guin, entour\u00e9e du procureur de la R\u00e9publique de Grenoble, \u00c9tienne Manteaux, de J\u00e9r\u00f4me Chappa, directeur interd\u00e9partementale de la police de l'Is\u00e8re, et du colonel Fr\u00e9d\u00e9ric Massip, commandant du groupement de gendarmerie de l'Is\u00e8re.\" width=\"960\" height=\"640\"\/><br \/>\n    La pr\u00e9f\u00e8te de l\u2019Is\u00e8re, Catherine S\u00e9guin, entour\u00e9e du procureur de la R\u00e9publique de Grenoble, \u00c9tienne Manteaux, de J\u00e9r\u00f4me Chappa, directeur interd\u00e9partementale de la police de l\u2019Is\u00e8re, et du colonel Fr\u00e9d\u00e9ric Massip, commandant du groupement de gendarmerie de l\u2019Is\u00e8re. (\u00a9Lisa Rodrigues \/ actu Grenoble)<\/p>\n<p class=\" wall-content\">Un bilan que les services de l\u2019\u00c9tat attribuent \u00e0 \u00ab\u00a0la coop\u00e9ration renforc\u00e9e\u00a0\u00bb et aux rencontres r\u00e9guli\u00e8res entre la pr\u00e9fecture, les services judiciaires grenoblois, la DIPN et la gendarmerie.\u00a0<\/p>\n<p>De nouveaux outils contre le narcotrafic<\/p>\n<p class=\" wall-content\">Du c\u00f4t\u00e9 des nouveaux outils administratifs mis \u00e0 disposition des pr\u00e9fets par la <a href=\"https:\/\/actu.fr\/politique\/parquet-anticriminalite-dossier-coffre-que-contient-la-loi-contre-le-narcotrafic-definitivement-adoptee_62576873.html\" rel=\"nofollow noopener\" target=\"_blank\">loi contre le narcotrafic<\/a>, ceux-ci ont \u00e9t\u00e9 pleinement utilis\u00e9s depuis le d\u00e9but de l\u2019ann\u00e9e en Is\u00e8re :\u00a0<\/p>\n<p>Votre r\u00e9gion, votre actu !<\/p>\n<p>Recevez chaque jour les infos qui comptent pour vous.<\/p>\n<p>\t<a href=\"https:\/\/actu.fr\/newsletter\" class=\"ac-btn ac-btn--corner ac-btn--medium ac-btn--blue800\" rel=\"nofollow noopener\" target=\"_blank\">S&rsquo;incrire<\/a><\/p>\n<ul class=\" wall-content\">\n<li>Deux arr\u00eat\u00e9s d\u2019interdiction administrative de para\u00eetre \u00e0 l\u2019encontre d\u2019individus impliqu\u00e9s dans le trafic de stup\u00e9fiants sont \u00ab\u00a0en cours de notification\u00a0\u00bb et 6 en cours d\u2019instruction.<\/li>\n<li>Trois <strong>proc\u00e9dures d\u2019expulsions locatives<\/strong> de personnes impliqu\u00e9es de mani\u00e8re av\u00e9r\u00e9e dans le narcotrafic sont en cours.<\/li>\n<li>Deux fermetures administratives de locaux ou de commerces en lien avec le trafic de stup\u00e9fiants ou le blanchiment ont \u00e9t\u00e9 prononc\u00e9es.<\/li>\n<\/ul>\n<p>Un nombre d\u2019homicides en baisse<\/p>\n<p class=\" wall-content\">Pour ce qui concerne la d\u00e9linquance de mani\u00e8re plus g\u00e9n\u00e9rale, 11 tentatives d\u2019homicide ont \u00e9t\u00e9 recens\u00e9es depuis janvier 2025 sur la r\u00e9gion de Grenoble, selon le procureur de la R\u00e9publique. Un assassinat a \u00e9galement \u00e9t\u00e9 comptabilis\u00e9 en mars, lors de la <a href=\"https:\/\/actu.fr\/auvergne-rhone-alpes\/meylan_38229\/grenoble-une-fusillade-en-plein-jour-sur-l-a41-fait-un-mort-le-point-sur-l-affaire_62363298.html\" rel=\"nofollow noopener\" target=\"_blank\">fusillade sur l\u2019A41<\/a>.<\/p>\n<p class=\" wall-content\">Il est \u00e9galement \u00e0 noter que si les vols avec violence semblent \u00eatre en hausse d\u2019environ 16% sur l\u2019ann\u00e9e, les cambriolages et les vols de voitures sont sur une tendance \u00e0 la baisse avec respectivement -12% et -13,2% de faits remont\u00e9s par les forces de l\u2019ordre.<\/p>\n<p class=\" wall-content\">Personnalisez votre actualit\u00e9 en ajoutant vos villes et m\u00e9dias en favori avec <a href=\"https:\/\/moncompte.actu.fr\" title=\"D\u00e9couvez Mon Actu\" rel=\"nofollow noopener\" data-trk=\"{&quot;cta&quot;:{&quot;action&quot;:&quot;https:\\\/\\\/moncompte.actu.fr&quot;,&quot;category&quot;:&quot;mon compte&quot;,&quot;from&quot;:&quot;article footer&quot;,&quot;name&quot;:&quot;Mon actu&quot;,&quot;type&quot;:&quot;cta&quot;}}\" target=\"_blank\">Mon Actu<\/a>.<\/p>\n","protected":false},"excerpt":{"rendered":"Par Lisa Rodrigues Publi\u00e9 le 24 sept. 2025 \u00e0 12h38 Des actes de violence sur la voie publique&hellip;\n","protected":false},"author":2,"featured_media":413979,"comment_status":"","ping_status":"","sticky":false,"template":"","format":"standard","meta":{"footnotes":""},"categories":[9566],"tags":[1111,11,2430,1052,1777,674,1011,27,2731,303,12,1072,25,104],"class_list":{"0":"post-413978","1":"post","2":"type-post","3":"status-publish","4":"format-standard","5":"has-post-thumbnail","7":"category-grenoble","8":"tag-actu","9":"tag-actualites","10":"tag-auvergne-rhone-alpes","11":"tag-drogue","12":"tag-eu","13":"tag-europe","14":"tag-fr","15":"tag-france","16":"tag-grenoble","17":"tag-justice","18":"tag-news","19":"tag-police","20":"tag-republique-francaise","21":"tag-societe"},"share_on_mastodon":{"url":"https:\/\/pubeurope.com\/@fr\/115259348573779973","error":""},"_links":{"self":[{"href":"https:\/\/www.europesays.com\/fr\/wp-json\/wp\/v2\/posts\/413978","targetHints":{"allow":["GET"]}}],"collection":[{"href":"https:\/\/www.europesays.com\/fr\/wp-json\/wp\/v2\/posts"}],"about":[{"href":"https:\/\/www.europesays.com\/fr\/wp-json\/wp\/v2\/types\/post"}],"author":[{"embeddable":true,"href":"https:\/\/www.europesays.com\/fr\/wp-json\/wp\/v2\/users\/2"}],"replies":[{"embeddable":true,"href":"https:\/\/www.europesays.com\/fr\/wp-json\/wp\/v2\/comments?post=413978"}],"version-history":[{"count":0,"href":"https:\/\/www.europesays.com\/fr\/wp-json\/wp\/v2\/posts\/413978\/revisions"}],"wp:featuredmedia":[{"embeddable":true,"href":"https:\/\/www.europesays.com\/fr\/wp-json\/wp\/v2\/media\/413979"}],"wp:attachment":[{"href":"https:\/\/www.europesays.com\/fr\/wp-json\/wp\/v2\/media?parent=413978"}],"wp:term":[{"taxonomy":"category","embeddable":true,"href":"https:\/\/www.europesays.com\/fr\/wp-json\/wp\/v2\/categories?post=413978"},{"taxonomy":"post_tag","embeddable":true,"href":"https:\/\/www.europesays.com\/fr\/wp-json\/wp\/v2\/tags?post=413978"}],"curies":[{"name":"wp","href":"https:\/\/api.w.org\/{rel}","templated":true}]}}