{"id":413980,"date":"2025-09-24T12:47:11","date_gmt":"2025-09-24T12:47:11","guid":{"rendered":"https:\/\/www.europesays.com\/fr\/413980\/"},"modified":"2025-09-24T12:47:11","modified_gmt":"2025-09-24T12:47:11","slug":"le-n2-du-psig-de-rennes-mute-dans-le-morbihan","status":"publish","type":"post","link":"https:\/\/www.europesays.com\/fr\/413980\/","title":{"rendered":"le n\u00b02 du Psig de Rennes mut\u00e9 dans le Morbihan"},"content":{"rendered":"<p>            Par<br \/>\n        <strong><br \/>\n            <a href=\"https:\/\/actu.fr\/auteur\/redaction-rennes\" title=\"Consulter tous les articles de R\u00e9daction Rennes\" rel=\"nofollow noopener\" target=\"_blank\">R\u00e9daction Rennes<\/a><br \/>\n        <\/strong><\/p>\n<p>        Publi\u00e9 le<\/p>\n<p>            24 sept. 2025 \u00e0 14h16        <\/p>\n<p>Sous le coup d\u2019une <strong>enqu\u00eate le visant<\/strong> pour des propos d\u00e9plac\u00e9s \u00e0 l\u2019encontre de ses agents, mais aussi pour des coups port\u00e9s \u00e0 des personnes lors d\u2019interventions,<strong> le num\u00e9ro\u00a02 du Peloton de surveillance et d\u2019intervention de la gendarmerie<\/strong> (PSIG) de <a href=\"https:\/\/actu.fr\/rennes\/\" rel=\"nofollow noopener\" target=\"_blank\">Rennes<\/a> a vu sa requ\u00eate d\u00e9bout\u00e9e par le tribunal administratif, lundi 18\u00a0ao\u00fbt 2025. Le militaire avait saisi la Justice en urgence pour <strong>faire \u00e9chec \u00e0 sa r\u00e9cente mutation<\/strong> forc\u00e9e \u00e0 la Brigade territoriale autonome (BTA) de <a href=\"https:\/\/actu.fr\/pontivy-journal\/\" rel=\"nofollow noopener\" target=\"_blank\">Pontivy<\/a> (Morbihan).<\/p>\n<p class=\" wall-content\">Le major Pierre a \u00e9t\u00e9<strong> mut\u00e9<\/strong> le 19\u00a0juin 2025 <strong>en qualit\u00e9 de \u00ab\u2009chef de groupe enqu\u00eateurs\u2009\u00bb,<\/strong> avec prise de poste normalement \u00e0 compter du 16\u00a0ao\u00fbt 2025. Mais, entre-temps, il a<strong> saisi la justice administrative,<\/strong> car il n\u2019a \u00ab\u2009jamais travaill\u00e9 dans un service d\u2019enqu\u00eate\u2009\u00bb, a expliqu\u00e9 son avocat.<\/p>\n<p>\u00ab\u2009Une sanction d\u00e9guis\u00e9e\u2009\u00bb<\/p>\n<p class=\" wall-content\">Il y a aussi \u00ab\u2009urgence\u2009\u00bb \u00e0 suspendre cette<strong> \u00ab\u2009sanction disciplinaire d\u00e9guis\u00e9e\u2009\u00bb,<\/strong> qui rel\u00e8ve d\u2019une <strong>\u00ab\u2009erreur manifeste d\u2019appr\u00e9ciation\u2009\u00bb de sa hi\u00e9rarchie<\/strong> et est en tout \u00e9tat de cause \u00ab\u2009disproportionn\u00e9e\u2009\u00bb.<\/p>\n<p class=\" wall-content\">Le militaire \u00ab\u2009b\u00e9n\u00e9ficie d\u2019un<strong> logement de fonction<\/strong> o\u00f9 il h\u00e9berge son<strong> fils de 18\u00a0ans<\/strong> et sa concubine\u2009\u00bb, a avanc\u00e9 l\u2019avocat de l\u2019adjoint au commandant du Psig de Rennes. \u00ab\u2009Son fils [\u2026] doit d\u00e9buter un contrat d\u2019alternance au sein d\u2019un supermarch\u00e9 \u00e0 Rennes et a besoin de ce logement, eu \u00e9gard \u00e0 ses faibles ressources.\u2009\u00bb<\/p>\n<p class=\" wall-content\">L\u2019adolescent aurait certes pu \u00eatre h\u00e9berg\u00e9 chez sa m\u00e8re \u00e0 <a href=\"https:\/\/actu.fr\/bretagne\/bruz_35047\" rel=\"nofollow noopener\" target=\"_blank\">Bruz<\/a> (Ille-et-Vilaine), \u00e0 15\u00a0km au sud de Rennes, mais \u00ab\u2009l\u2019horaire tr\u00e8s matinal de sa prise de poste\u2009\u00bb allait l\u2019emp\u00eacher de \u00ab\u2009prendre les transports en commun\u2009\u00bb.<\/p>\n<p class=\" wall-content\">Son client a par ailleurs \u00ab\u2009mal v\u00e9cu\u2009\u00bb<strong> l\u2019enqu\u00eate qui le vise<\/strong> actuellement et rappelle \u00ab\u2009disposer de soutiens\u2009\u00bb au sein du Psig de Rennes.<\/p>\n<p>Votre r\u00e9gion, votre actu !<\/p>\n<p>Recevez chaque jour les infos qui comptent pour vous.<\/p>\n<p>\t<a href=\"https:\/\/actu.fr\/newsletter\" class=\"ac-btn ac-btn--corner ac-btn--medium ac-btn--blue800\" rel=\"nofollow noopener\" target=\"_blank\">S&rsquo;incrire<\/a><br \/>\nDes coups port\u00e9s \u00e0 des personnes interpell\u00e9es<\/p>\n<p class=\" wall-content\">De son c\u00f4t\u00e9, le minist\u00e8re de l\u2019Int\u00e9rieur expliquait que le major Pierre ne peut rester \u00ab\u2009de mani\u00e8re p\u00e9renne\u2009\u00bb au \u00ab\u2009bureau des soutiens op\u00e9rationnels\u2009\u00bb de la r\u00e9gion de gendarmerie de Bretagne, o\u00f9 il a \u00e9t\u00e9 \u00ab\u2009d\u00e9tach\u00e9 temporairement\u2009\u00bb le 5\u00a0mars 2025, car <strong>\u00ab\u2009aucun poste ne correspond \u00e0 son grade\u2009\u00bb.<\/strong><\/p>\n<p class=\" wall-content\">\u00ab\u2009En raison des <strong>proc\u00e9dures p\u00e9nale et disciplinaire en cours,<\/strong> il est dans l\u2019int\u00e9r\u00eat de l\u2019administration de<strong> le muter<\/strong> ailleurs qu\u2019au sein de la circonscription territoriale de Rennes\u2009\u00bb, a justifi\u00e9 sa repr\u00e9sentante \u00e0 l\u2019audience. Et sa \u00ab\u2009r\u00e9mun\u00e9ration\u2009\u00bb \u00e9tait \u00ab\u2009de nature \u00e0 lui permettre de trouver un logement pour son fils\u2009\u00bb, en d\u00e9pit des \u00ab\u2009faibles ressources\u2009\u00bb du jeune alternant.<\/p>\n<p class=\" wall-content\">\u00ab\u2009Par un courrier anonyme re\u00e7u par le commandant de la r\u00e9gion de gendarmerie de Bretagne le 16\u00a0octobre 2024, une personne se d\u00e9clarant \u00eatre<strong> la compagne d\u2019un gendarme<\/strong> affect\u00e9 au [\u2026] PSIG de Rennes a relat\u00e9 des faits relatifs aux comportements du [\u2026] commandant de ce peloton et \u00e0 son adjoint\u2009\u00bb, commence donc par recontextualiser le juge des r\u00e9f\u00e9r\u00e9s du tribunal administratif de Rennes dans une ordonnance en date du 25\u00a0ao\u00fbt 2025 qui vient d\u2019\u00eatre rendue publique.<\/p>\n<p class=\" wall-content\">Une <strong>enqu\u00eate interne<\/strong> avait donc \u00e9t\u00e9 men\u00e9e et le rapport, rendu en janvier\u00a02025, a relev\u00e9 que \u00ab\u2009M. X a <strong>port\u00e9 des coups \u00e0 des personnes interpell\u00e9es<\/strong> en septembre\u00a02023 lors d\u2019une intervention \u00e0 <a href=\"https:\/\/actu.fr\/bretagne\/noyal-chatillon-sur-seiche_35206\" rel=\"nofollow noopener\" target=\"_blank\">Noyal-Ch\u00e2tillon-sur-Seiche<\/a> pour des faits de vol et de home-jacking\u2009\u00bb.<\/p>\n<p class=\" wall-content\"><strong>Des faits similaires<\/strong> lui sont aussi reproch\u00e9s \u00ab\u2009le 13\u00a0avril 2024 lors d\u2019une intervention \u00e0 <a href=\"https:\/\/actu.fr\/bretagne\/chartres-de-bretagne_35066\" rel=\"nofollow noopener\" target=\"_blank\">Chartres-de-Bretagne<\/a>\u2009\u00bb, d\u00e9taille le juge. \u00ab\u2009Ces faits ont \u00e9t\u00e9 <strong>relat\u00e9s par plusieurs militaires<\/strong> de l\u2019unit\u00e9 [\u2026] et ont donn\u00e9 lieu \u00e0 une saisine [\u2026] du procureur de la R\u00e9publique\u2009\u00bb, poursuit-il.<\/p>\n<p>Des propos d\u00e9plac\u00e9s et sexistes<\/p>\n<p class=\" wall-content\">Le num\u00e9ro\u00a02 du Psig de Rennes s\u2019est \u00e9galement vu reprocher d\u2019avoir eu <strong>\u00ab\u2009un comportement inappropri\u00e9\u2009\u00bb<\/strong> et d\u2019avoir \u00ab\u2009tenu des<strong> propos d\u00e9plac\u00e9s<\/strong> \u00e0 l\u2019\u00e9gard de certains de ses agents et de leur famille\u2009\u00bb\u2009: il leur faisait \u00ab\u2009des remarques sur leur poids\u2009\u00bb. Pierre aurait aussi \u00ab\u2009tenu des <strong>propos sexistes<\/strong> \u00e0 l\u2019\u00e9gard d\u2019une militaire de son unit\u00e9\u2009\u00bb, ajoute encore le juge des r\u00e9f\u00e9r\u00e9s.<\/p>\n<p class=\" wall-content\">Or, \u00e0 cette heure, \u00ab\u2009tant la proc\u00e9dure disciplinaire que la proc\u00e9dure p\u00e9nale sont toujours en cours\u2009\u00bb, rappelle-t-il. \u00ab\u2009Sans pr\u00e9juger des suites \u00e0 donner aux \u00e9ventuels manquements pouvant faire l\u2019objet d\u2019une sanction [\u2026], l\u2019administration a pu<strong> l\u00e9galement estimer<\/strong> qu\u2019il \u00e9tait dans l\u2019int\u00e9r\u00eat du service de muter d\u2019office M. XXX.\u2009\u00bb<\/p>\n<p class=\" wall-content\">Ces proc\u00e9dures ont en effet suscit\u00e9 un certain<strong> \u00ab\u2009trouble\u2009\u00bb au sein de son unit\u00e9<\/strong> et peuvent avoir \u00ab\u2009des r\u00e9percussions potentielles sur le bon fonctionnement du service\u2009\u00bb.<\/p>\n<p>\u00ab\u2009Pas une sanction disciplinaire d\u00e9guis\u00e9e\u2009\u00bb<\/p>\n<p class=\" wall-content\">Par ailleurs, <strong>la Brigade territoriale autonome de Pontivy est \u00ab\u2009en sous-effectif\u2009\u00bb<\/strong> et \u00ab\u2009pr\u00e9sente un d\u00e9ficit de deux sous-officiers sup\u00e9rieurs\u2009\u00bb, rappelle le magistrat rennais. \u00ab\u2009Il ne r\u00e9sulte pas de l\u2019instruction qu\u2019un autre poste correspondant \u00e0 son grade soit disponible \u00e0 Rennes afin de tenir davantage compte de ses contraintes familiales. Aussi, la mutation d\u2019office [\u2026] \u00e0 Pontivy, qui ne constitue<strong> pas une sanction disciplinaire d\u00e9guis\u00e9e,<\/strong> se justifie en raison de l\u2019int\u00e9r\u00eat du service.\u2009\u00bb<\/p>\n<p class=\" wall-content\">La requ\u00eate du gendarme a donc \u00e9t\u00e9<strong> rejet\u00e9e dans l\u2019imm\u00e9diat<\/strong>\u2009: \u00ab\u2009aucun\u2009\u00bb de ses autres arguments ne semble \u00ab\u2009propre \u00e0 cr\u00e9er un doute s\u00e9rieux\u2009\u00bb quant \u00e0 la l\u00e9galit\u00e9 de sa mutation dans le Morbihan.<\/p>\n<p class=\" wall-content\">Le tribunal administratif de Rennes se penchera \u00e0 nouveau toutefois sur le dossier par le biais d\u2019une <strong>formation coll\u00e9giale<\/strong> de trois juges,<strong> d\u2019ici dix-huit mois \u00e0 deux ans.<\/strong> S\u2019il venait \u00e0 obtenir gain de cause, alors le major Pierre serait en droit de demander des d\u00e9dommagements \u00e0 son administration pour ses divers \u00ab\u2009pr\u00e9judices\u2009\u00bb.<\/p>\n<p class=\" wall-content\"><strong>GF (PressPepper)<\/strong><\/p>\n<p class=\" wall-content\">Personnalisez votre actualit\u00e9 en ajoutant vos villes et m\u00e9dias en favori avec <a href=\"https:\/\/moncompte.actu.fr\" title=\"D\u00e9couvez Mon Actu\" rel=\"nofollow noopener\" data-trk=\"{&quot;cta&quot;:{&quot;action&quot;:&quot;https:\\\/\\\/moncompte.actu.fr&quot;,&quot;category&quot;:&quot;mon compte&quot;,&quot;from&quot;:&quot;article footer&quot;,&quot;name&quot;:&quot;Mon actu&quot;,&quot;type&quot;:&quot;cta&quot;}}\" target=\"_blank\">Mon Actu<\/a>.<\/p>\n","protected":false},"excerpt":{"rendered":"Par R\u00e9daction Rennes Publi\u00e9 le 24 sept. 2025 \u00e0 14h16 Sous le coup d\u2019une enqu\u00eate le visant pour&hellip;\n","protected":false},"author":2,"featured_media":413981,"comment_status":"","ping_status":"","sticky":false,"template":"","format":"standard","meta":{"footnotes":""},"categories":[2821],"tags":[1111,11,829,1777,674,118,1011,27,3381,303,12,584,25],"class_list":{"0":"post-413980","1":"post","2":"type-post","3":"status-publish","4":"format-standard","5":"has-post-thumbnail","7":"category-rennes","8":"tag-actu","9":"tag-actualites","10":"tag-bretagne","11":"tag-eu","12":"tag-europe","13":"tag-faits-divers","14":"tag-fr","15":"tag-france","16":"tag-gendarmerie","17":"tag-justice","18":"tag-news","19":"tag-rennes","20":"tag-republique-francaise"},"share_on_mastodon":{"url":"https:\/\/pubeurope.com\/@fr\/115259352291138420","error":""},"_links":{"self":[{"href":"https:\/\/www.europesays.com\/fr\/wp-json\/wp\/v2\/posts\/413980","targetHints":{"allow":["GET"]}}],"collection":[{"href":"https:\/\/www.europesays.com\/fr\/wp-json\/wp\/v2\/posts"}],"about":[{"href":"https:\/\/www.europesays.com\/fr\/wp-json\/wp\/v2\/types\/post"}],"author":[{"embeddable":true,"href":"https:\/\/www.europesays.com\/fr\/wp-json\/wp\/v2\/users\/2"}],"replies":[{"embeddable":true,"href":"https:\/\/www.europesays.com\/fr\/wp-json\/wp\/v2\/comments?post=413980"}],"version-history":[{"count":0,"href":"https:\/\/www.europesays.com\/fr\/wp-json\/wp\/v2\/posts\/413980\/revisions"}],"wp:featuredmedia":[{"embeddable":true,"href":"https:\/\/www.europesays.com\/fr\/wp-json\/wp\/v2\/media\/413981"}],"wp:attachment":[{"href":"https:\/\/www.europesays.com\/fr\/wp-json\/wp\/v2\/media?parent=413980"}],"wp:term":[{"taxonomy":"category","embeddable":true,"href":"https:\/\/www.europesays.com\/fr\/wp-json\/wp\/v2\/categories?post=413980"},{"taxonomy":"post_tag","embeddable":true,"href":"https:\/\/www.europesays.com\/fr\/wp-json\/wp\/v2\/tags?post=413980"}],"curies":[{"name":"wp","href":"https:\/\/api.w.org\/{rel}","templated":true}]}}