{"id":414004,"date":"2025-09-24T12:59:13","date_gmt":"2025-09-24T12:59:13","guid":{"rendered":"https:\/\/www.europesays.com\/fr\/414004\/"},"modified":"2025-09-24T12:59:13","modified_gmt":"2025-09-24T12:59:13","slug":"lomme-la-grande-fete-de-lane-cest-ce-dimanche-et-cest-gratuit","status":"publish","type":"post","link":"https:\/\/www.europesays.com\/fr\/414004\/","title":{"rendered":"Lomme. La grande f\u00eate de l\u2019\u00e2ne c\u2019est ce dimanche et c\u2019est gratuit\u00a0!"},"content":{"rendered":"<p>            Par<br \/>\n        <strong><br \/>\n            <a href=\"https:\/\/actu.fr\/auteur\/nicolas-demollien\" title=\"Consulter tous les articles de Nicolas Demollien\" target=\"_blank\" rel=\"noopener\">Nicolas Demollien<\/a><br \/>\n        <\/strong><\/p>\n<p>        Publi\u00e9 le<\/p>\n<p>            24 sept. 2025 \u00e0 12h40        <\/p>\n<p>C\u2019est toujours un joli moment dont le succ\u00e8s ne se d\u00e9ment pas. Ce dimanche 28\u00a0septembre 2025 \u00e0 <a href=\"https:\/\/actu.fr\/tag\/lomme\" target=\"_blank\" rel=\"noopener\">Lomme<\/a>, ville associ\u00e9e \u00e0 <a href=\"https:\/\/actu.fr\/hauts-de-france\/lille_59350\" target=\"_blank\" rel=\"noopener\">Lille<\/a> (Nord), se d\u00e9roulera la <b>traditionnelle f\u00eate de l\u2019\u00e2ne<\/b> avec ses <b>jolies animations<\/b>. Un <b>\u00e9v\u00e9nement qui se veut familial<\/b>.<\/p>\n<p>Ce qui vous attend \u00e0 la f\u00eate de Lomme ce dimanche<\/p>\n<p class=\" wall-content\">En effet, les enfants pourront s\u2019en donner \u00e0 c\u0153ur joie de 14\u2009h\u200930 \u00e0 18\u2009h\u200930 \u00e0 la <b>ferme \u00e9ducative<\/b> (19, rue de Lompret). Une belle occasion de d\u00e9couvrir tous les petits pensionnaires des lieux mais aussi de profiter de <b>balades, d\u2019ateliers et de jeux<\/b> mis en place <b>pour toute la famille<\/b>.<\/p>\n<p class=\" wall-content\">Et ce n\u2019est pas tout\u2009: \u00e0 15\u2009h\u200930 et 17\u2009h, le <b>spectacle Annette et Tartelette<\/b> sera propos\u00e9 par la <a href=\"https:\/\/www.labellehistoire.fr\/\" target=\"_blank\" rel=\"noopener\">compagnie La Belle Histoire<\/a>. Cr\u00e9\u00e9e pour les 5-7\u00a0ans, cette repr\u00e9sentation narre l\u2019histoire de deux personnages bien diff\u00e9rents.\u00a0Alors qu\u2019Annette bondit du lit pour commencer sa journ\u00e9e, Tartelette a bien de mal \u00e0 se lever. Afin d\u2019aider son amie, Annette va devenir sa \u00ab\u2009coach de vie\u2009\u00bb.\u00a0Ces deux complices nous emm\u00e8nent dans leur quotidien fruit\u00e9 et color\u00e9\u2009!<\/p>\n<p class=\" wall-content\">Un tr\u00e8s joli moment en perspective au milieu des animaux de la ferme.<\/p>\n<p>    <a href=\"https:\/\/www.facebook.com\/plugins\/post.php?href=https%3A%2F%2Fwww.facebook.com%2Fvilledelomme%2Fposts%2Fpfbid02RxT9EAsmRPbViUzK4wnLYVPRmDPvDAuhxP8GG8iaY48rbQEauFUrnshV98WPvx5Yl&amp;show_text=true&amp;width=350\" title=\"Ouvrie le lien\" target=\"_blank\" rel=\"noopener\">Cliquez ici pour visualiser le contenu<\/a><\/p>\n<p class=\" wall-content\">Entr\u00e9e libre et gratuite. Plus d\u2019infos sur le site <a href=\"https:\/\/www.ville-lomme.fr\/Evenements\/Fete-de-l-ane-2025\" target=\"_blank\" rel=\"noopener\">ville-lomme.fr<\/a> et par mail \u00e0 <a href=\"http:\/\/actu.fr\/cdn-cgi\/l\/email-protection#2f494a5d424a4a4b5a4c4e5b46594a6f424e465d464a02434042424a01495d\" target=\"_blank\" rel=\"noopener\">[email\u00a0protected]<\/a>.<\/p>\n<p class=\" wall-content\">Personnalisez votre actualit\u00e9 en ajoutant vos villes et m\u00e9dias en favori avec <a href=\"https:\/\/moncompte.actu.fr\" title=\"D\u00e9couvez Mon Actu\" rel=\"nofollow noopener\" data-trk=\"{&quot;cta&quot;:{&quot;action&quot;:&quot;https:\\\/\\\/moncompte.actu.fr&quot;,&quot;category&quot;:&quot;mon compte&quot;,&quot;from&quot;:&quot;article footer&quot;,&quot;name&quot;:&quot;Mon actu&quot;,&quot;type&quot;:&quot;cta&quot;}}\" target=\"_blank\">Mon Actu<\/a>.<\/p>\n","protected":false},"excerpt":{"rendered":"Par Nicolas Demollien Publi\u00e9 le 24 sept. 2025 \u00e0 12h40 C\u2019est toujours un joli moment dont le succ\u00e8s&hellip;\n","protected":false},"author":2,"featured_media":414005,"comment_status":"","ping_status":"","sticky":false,"template":"","format":"standard","meta":{"footnotes":""},"categories":[2815],"tags":[1111,11,1867,1777,674,1011,27,811,1307,1652,13882,12,25],"class_list":{"0":"post-414004","1":"post","2":"type-post","3":"status-publish","4":"format-standard","5":"has-post-thumbnail","7":"category-lille","8":"tag-actu","9":"tag-actualites","10":"tag-animaux","11":"tag-eu","12":"tag-europe","13":"tag-fr","14":"tag-france","15":"tag-hauts-de-france","16":"tag-lille","17":"tag-loisirs-culture","18":"tag-lomme","19":"tag-news","20":"tag-republique-francaise"},"share_on_mastodon":{"url":"https:\/\/pubeurope.com\/@fr\/115259399535680532","error":""},"_links":{"self":[{"href":"https:\/\/www.europesays.com\/fr\/wp-json\/wp\/v2\/posts\/414004","targetHints":{"allow":["GET"]}}],"collection":[{"href":"https:\/\/www.europesays.com\/fr\/wp-json\/wp\/v2\/posts"}],"about":[{"href":"https:\/\/www.europesays.com\/fr\/wp-json\/wp\/v2\/types\/post"}],"author":[{"embeddable":true,"href":"https:\/\/www.europesays.com\/fr\/wp-json\/wp\/v2\/users\/2"}],"replies":[{"embeddable":true,"href":"https:\/\/www.europesays.com\/fr\/wp-json\/wp\/v2\/comments?post=414004"}],"version-history":[{"count":0,"href":"https:\/\/www.europesays.com\/fr\/wp-json\/wp\/v2\/posts\/414004\/revisions"}],"wp:featuredmedia":[{"embeddable":true,"href":"https:\/\/www.europesays.com\/fr\/wp-json\/wp\/v2\/media\/414005"}],"wp:attachment":[{"href":"https:\/\/www.europesays.com\/fr\/wp-json\/wp\/v2\/media?parent=414004"}],"wp:term":[{"taxonomy":"category","embeddable":true,"href":"https:\/\/www.europesays.com\/fr\/wp-json\/wp\/v2\/categories?post=414004"},{"taxonomy":"post_tag","embeddable":true,"href":"https:\/\/www.europesays.com\/fr\/wp-json\/wp\/v2\/tags?post=414004"}],"curies":[{"name":"wp","href":"https:\/\/api.w.org\/{rel}","templated":true}]}}