{"id":414012,"date":"2025-09-24T13:03:08","date_gmt":"2025-09-24T13:03:08","guid":{"rendered":"https:\/\/www.europesays.com\/fr\/414012\/"},"modified":"2025-09-24T13:03:08","modified_gmt":"2025-09-24T13:03:08","slug":"les-stations-des-alpes-du-sud-en-operation-seduction-a-lyon","status":"publish","type":"post","link":"https:\/\/www.europesays.com\/fr\/414012\/","title":{"rendered":"Les stations des Alpes du Sud en op\u00e9ration s\u00e9duction \u00e0 Lyon"},"content":{"rendered":"<p itemprop=\"description\"><strong>TOURISME \/ \u00ab Ce bassin de proximit\u00e9 constitue la premi\u00e8re client\u00e8le extrar\u00e9gionale des Alpes du Sud \u00bb selon l\u2019Agence de D\u00e9veloppement<\/strong><\/p>\n<p>\u00a0<\/p>\n<p><strong>-Hautes-Alpes-\u00a0<\/strong><\/p>\n<p style=\"text-align: justify;\">Les stations des Alpes du Sud en op\u00e9ration s\u00e9duction \u00e0 Lyon. Un workshop \u00e9tait organis\u00e9 ce mardi par l\u2019Agence de D\u00e9veloppement des Hautes-Alpes, le Comit\u00e9 R\u00e9gional du Tourisme PACA et la d\u00e9l\u00e9gation des stations des Alpes du Sud avec les principaux m\u00e9dias d\u2019Auvergne Rh\u00f4ne Alpes.<\/p>\n<p style=\"text-align: justify;\">\u00ab Avec 14 % des nuit\u00e9es touristiques annuelles g\u00e9n\u00e9r\u00e9es dont 11,2 % en hiver, ce bassin de proximit\u00e9 constitue la premi\u00e8re client\u00e8le extrar\u00e9gionale des Alpes du Sud \u00bb indique l\u2019Agence de D\u00e9veloppement.\u00a0<\/p>\n<p style=\"text-align: right;\"><strong>LR<\/strong><\/p>\n","protected":false},"excerpt":{"rendered":"TOURISME \/ \u00ab Ce bassin de proximit\u00e9 constitue la premi\u00e8re client\u00e8le extrar\u00e9gionale des Alpes du Sud \u00bb selon&hellip;\n","protected":false},"author":2,"featured_media":414013,"comment_status":"","ping_status":"","sticky":false,"template":"","format":"standard","meta":{"footnotes":""},"categories":[1889],"tags":[1111,11,7733,8279,2430,7736,650,7734,2889,2263,1777,674,1011,27,1085,8280,6417,1114,4662,2428,12,3725,1825,25,7053,7737],"class_list":{"0":"post-414012","1":"post","2":"type-post","3":"status-publish","4":"format-standard","5":"has-post-thumbnail","7":"category-lyon","8":"tag-actu","9":"tag-actualites","10":"tag-alpes","11":"tag-alpes1","12":"tag-auvergne-rhone-alpes","13":"tag-cds","14":"tag-cinema","15":"tag-ecoute","16":"tag-emission","17":"tag-equipe","18":"tag-eu","19":"tag-europe","20":"tag-fr","21":"tag-france","22":"tag-gap","23":"tag-haute","24":"tag-information","25":"tag-infos","26":"tag-journal","27":"tag-lyon","28":"tag-news","29":"tag-podcast","30":"tag-radio","31":"tag-republique-francaise","32":"tag-sud","33":"tag-winamp"},"share_on_mastodon":{"url":"https:\/\/pubeurope.com\/@fr\/115259415201164167","error":""},"_links":{"self":[{"href":"https:\/\/www.europesays.com\/fr\/wp-json\/wp\/v2\/posts\/414012","targetHints":{"allow":["GET"]}}],"collection":[{"href":"https:\/\/www.europesays.com\/fr\/wp-json\/wp\/v2\/posts"}],"about":[{"href":"https:\/\/www.europesays.com\/fr\/wp-json\/wp\/v2\/types\/post"}],"author":[{"embeddable":true,"href":"https:\/\/www.europesays.com\/fr\/wp-json\/wp\/v2\/users\/2"}],"replies":[{"embeddable":true,"href":"https:\/\/www.europesays.com\/fr\/wp-json\/wp\/v2\/comments?post=414012"}],"version-history":[{"count":0,"href":"https:\/\/www.europesays.com\/fr\/wp-json\/wp\/v2\/posts\/414012\/revisions"}],"wp:featuredmedia":[{"embeddable":true,"href":"https:\/\/www.europesays.com\/fr\/wp-json\/wp\/v2\/media\/414013"}],"wp:attachment":[{"href":"https:\/\/www.europesays.com\/fr\/wp-json\/wp\/v2\/media?parent=414012"}],"wp:term":[{"taxonomy":"category","embeddable":true,"href":"https:\/\/www.europesays.com\/fr\/wp-json\/wp\/v2\/categories?post=414012"},{"taxonomy":"post_tag","embeddable":true,"href":"https:\/\/www.europesays.com\/fr\/wp-json\/wp\/v2\/tags?post=414012"}],"curies":[{"name":"wp","href":"https:\/\/api.w.org\/{rel}","templated":true}]}}