{"id":414020,"date":"2025-09-24T13:09:11","date_gmt":"2025-09-24T13:09:11","guid":{"rendered":"https:\/\/www.europesays.com\/fr\/414020\/"},"modified":"2025-09-24T13:09:11","modified_gmt":"2025-09-24T13:09:11","slug":"elle-explique-pourquoi-elle-na-jamais-voulu-demenager-a-marseille-pour-les-tournages-de-plus-belle-la-vie","status":"publish","type":"post","link":"https:\/\/www.europesays.com\/fr\/414020\/","title":{"rendered":"elle explique pourquoi elle n&rsquo;a jamais voulu d\u00e9m\u00e9nager \u00e0 Marseille pour les tournages de Plus belle la vie"},"content":{"rendered":"<p class=\"mb-4 text-lg md:leading-8 break-words\">C\u00e9cilia Hornus a beau tourner \u00e0 Marseille depuis plus de vingt ans pour les besoins de \u00ab\u00a0Plus belle la vie\u00a0\u00bb, elle n&rsquo;a jamais c\u00e9d\u00e9 aux appels de la cit\u00e9 phoc\u00e9enne. En effet, la com\u00e9dienne est rest\u00e9e vivre tout ce temps \u00e0 Paris et, en interview pour \u00ab\u00a0Purepeople\u00a0\u00bb, elle en explique les raisons.<\/p>\n<p class=\"mb-4 text-lg md:leading-8 break-words\">En 2004, France 3 a lanc\u00e9 sa premi\u00e8re s\u00e9rie quotidienne appel\u00e9e <strong>Plus belle la vie<\/strong>, sans savoir que celle-ci conna\u00eetrait un succ\u00e8s aussi populaire et une long\u00e9vit\u00e9 si incroyable. Pourtant, plus de vingt ans plus tard, le feuilleton compte encore de nombreux fid\u00e8les, lesquels l&rsquo;ont suivi sur TF1 lorsque la cha\u00eene a r\u00e9cup\u00e9r\u00e9 les droits en 2024 pour lancer une nouvelle version baptis\u00e9e Plus belle la vie, encore plus belle. L&rsquo;aventure se poursuivait alors pour plusieurs com\u00e9diens embl\u00e9matiques, dont <a href=\"https:\/\/www.purepeople.com\/people\/cecilia-hornus_p2318\" rel=\"nofollow noopener\" target=\"_blank\" data-ylk=\"slk:C\u00e9cilia Hornus;elm:context_link;itc:0;sec:content-canvas\" class=\"link \">C\u00e9cilia Hornus<\/a> qui n&rsquo;a pas h\u00e9sit\u00e9 \u00e0 reprendre son r\u00f4le de Blanche Marci.<\/p>\n<p class=\"mb-4 text-lg md:leading-8 break-words\">Il faut dire qu&rsquo;elle lui pr\u00eate ses traits depuis les tout d\u00e9buts. Mais aussi investie qu&rsquo;elle l&rsquo;est pour la s\u00e9rie, l&rsquo;actrice n&rsquo;a jamais voulu bousculer sa vie pour les tournages. En effet, <a href=\"https:\/\/fr.news.yahoo.com\/exclu-c%C3%A9cilia-hornus-confie-lavenir-115600972.html\" data-ylk=\"slk:en interview pour Purepeople;elm:context_link;itc:0;sec:content-canvas;outcm:mb_qualified_link;_E:mb_qualified_link;ct:story;\" class=\"link  yahoo-link\" target=\"_blank\" rel=\"noopener\">en interview pour Purepeople<\/a>, C\u00e9cilia Hornus revient sur son choix de <strong>ne pas s&rsquo;\u00eatre install\u00e9e \u00e0 Marseille,<\/strong> o\u00f9 se passent pourtant toutes les intrigues, au profit de Paris.<\/p>\n<p class=\"mb-4 text-lg md:leading-8 break-words\">La vie de famille de C\u00e9cilia Hornus \u00e0 Paris privil\u00e9gi\u00e9e<\/p>\n<p class=\"mb-4 text-lg md:leading-8 break-words\">\u00ab\u00a0\u00c0 un moment, je me suis dit que j&rsquo;allais m&rsquo;installer l\u00e0-bas. Mais en fait quand on commence \u00e0 faire ce feuilleton, on n&rsquo;est pas du tout s\u00fbrs que \u00e7a va durer le temps que \u00e7a va durer. Je me suis dit que c&rsquo;\u00e9tait mieux de faire des allers-retours.<strong> Et toute ma famille est bas\u00e9e \u00e0 Paris ou dans l&rsquo;ouest de Paris<\/strong>. Je me suis beaucoup occup\u00e9e aussi de mes parents <a href=\"https:\/\/fr.news.yahoo.com\/quitt%C3%A9s-hier-soir-c%C3%A9cilia-hornus-164700202.html\" data-ylk=\"slk:qui sont d\u00e9c\u00e9d\u00e9s l&#039;an dernier;elm:context_link;itc:0;sec:content-canvas;outcm:mb_qualified_link;_E:mb_qualified_link;ct:story;\" class=\"link  yahoo-link\" target=\"_blank\" rel=\"noopener\">qui sont d\u00e9c\u00e9d\u00e9s l&rsquo;an dernier<\/a>. Donc en vrai, pour moi, c&rsquo;\u00e9tait une \u00e9vidence de rester \u00e0 Paris. <a href=\"https:\/\/www.purepeople.com\/article\/cecilia-hornus-qui-est-azize-kabouche-son-ex-mari-et-pere-de-ses-deux-enfants_a447469\/1\" rel=\"nofollow noopener\" target=\"_blank\" data-ylk=\"slk:Le papa de mes enfants;elm:context_link;itc:0;sec:content-canvas\" class=\"link \">Le papa de mes enfants<\/a> dont je me suis s\u00e9par\u00e9e travaillait et avait un poste l\u00e0-bas. Et puis mes enfants y \u00e9taient scolaris\u00e9s. <strong>Je n&rsquo;ai pas eu envie de tout bouleverser<\/strong>\u00ab\u00a0, a-t-elle expliqu\u00e9.<\/p>\n<p class=\"mb-4 text-lg md:leading-8 break-words\">C\u00e9cilia Hornus se sent toutefois compl\u00e8tement chez elle lorsqu&rsquo;elle retrouve la cit\u00e9 phoc\u00e9enne, y ayant longtemps eu un pied-\u00e0-terre presque familial. \u00ab\u00a0De fait, j\u2019ai quand m\u00eame un pied marseillais puisque j&rsquo;ai v\u00e9cu en colocation chez des marseillais, des amis tr\u00e8s chers pendant 15 ans. Et puis l\u00e0, <strong>ces derni\u00e8res ann\u00e9es, ils ont d\u00e9m\u00e9nag\u00e9 donc, je suis \u00e0 l&rsquo;h\u00f4tel<\/strong>\u00ab\u00a0, nous a-t-elle pr\u00e9cis\u00e9.<\/p>\n<p class=\"mb-4 text-lg md:leading-8 break-words\"><strong>Contenu exclusif ne pouvant \u00eatre repris sans la mention <\/strong><strong>Purepeople<\/strong><strong>.<\/strong><\/p>\n<p class=\"mb-4 text-lg md:leading-8 break-words\"><a href=\"https:\/\/www.purepeople.com\/article\/exclu-cecilia-hornus-installee-a-paris-elle-explique-pourquoi-elle-na-jamais-voulu-demenager-a-marseille-pour-les-tournages-de-plus-belle-la-vie_a542852\/1\" rel=\"nofollow noopener\" target=\"_blank\" data-ylk=\"slk:Article original sur Purepeople;elm:context_link;itc:0;sec:content-canvas\" class=\"link \">Article original sur Purepeople<\/a><\/p>\n","protected":false},"excerpt":{"rendered":"C\u00e9cilia Hornus a beau tourner \u00e0 Marseille depuis plus de vingt ans pour les besoins de \u00ab\u00a0Plus belle&hellip;\n","protected":false},"author":2,"featured_media":414021,"comment_status":"","ping_status":"","sticky":false,"template":"","format":"standard","meta":{"footnotes":""},"categories":[1888],"tags":[1111,1928,11,1927,54448,1777,674,1011,27,12,1926,626,1925,1368,54449,25],"class_list":{"0":"post-414020","1":"post","2":"type-post","3":"status-publish","4":"format-standard","5":"has-post-thumbnail","7":"category-paris","8":"tag-actu","9":"tag-actu-paris","10":"tag-actualites","11":"tag-actualites-paris","12":"tag-cecilia-hornus","13":"tag-eu","14":"tag-europe","15":"tag-fr","16":"tag-france","17":"tag-news","18":"tag-news-paris","19":"tag-paris","20":"tag-paris-news","21":"tag-plus-belle-la-vie","22":"tag-premiere-serie","23":"tag-republique-francaise"},"share_on_mastodon":{"url":"https:\/\/pubeurope.com\/@fr\/115259438804251204","error":""},"_links":{"self":[{"href":"https:\/\/www.europesays.com\/fr\/wp-json\/wp\/v2\/posts\/414020","targetHints":{"allow":["GET"]}}],"collection":[{"href":"https:\/\/www.europesays.com\/fr\/wp-json\/wp\/v2\/posts"}],"about":[{"href":"https:\/\/www.europesays.com\/fr\/wp-json\/wp\/v2\/types\/post"}],"author":[{"embeddable":true,"href":"https:\/\/www.europesays.com\/fr\/wp-json\/wp\/v2\/users\/2"}],"replies":[{"embeddable":true,"href":"https:\/\/www.europesays.com\/fr\/wp-json\/wp\/v2\/comments?post=414020"}],"version-history":[{"count":0,"href":"https:\/\/www.europesays.com\/fr\/wp-json\/wp\/v2\/posts\/414020\/revisions"}],"wp:featuredmedia":[{"embeddable":true,"href":"https:\/\/www.europesays.com\/fr\/wp-json\/wp\/v2\/media\/414021"}],"wp:attachment":[{"href":"https:\/\/www.europesays.com\/fr\/wp-json\/wp\/v2\/media?parent=414020"}],"wp:term":[{"taxonomy":"category","embeddable":true,"href":"https:\/\/www.europesays.com\/fr\/wp-json\/wp\/v2\/categories?post=414020"},{"taxonomy":"post_tag","embeddable":true,"href":"https:\/\/www.europesays.com\/fr\/wp-json\/wp\/v2\/tags?post=414020"}],"curies":[{"name":"wp","href":"https:\/\/api.w.org\/{rel}","templated":true}]}}