{"id":414026,"date":"2025-09-24T13:12:22","date_gmt":"2025-09-24T13:12:22","guid":{"rendered":"https:\/\/www.europesays.com\/fr\/414026\/"},"modified":"2025-09-24T13:12:22","modified_gmt":"2025-09-24T13:12:22","slug":"quand-moscou-simplifie-washington-durcit-quelles-perspectives-pour-les-talents-mondiaux","status":"publish","type":"post","link":"https:\/\/www.europesays.com\/fr\/414026\/","title":{"rendered":"Quand Moscou simplifie, Washington durcit : quelles perspectives pour les talents mondiaux ?"},"content":{"rendered":"<p>        <img fetchpriority=\"high\" decoding=\"async\" class=\"wp-image-552109 size-full\" src=\"data:image\/svg+xml,%3Csvg%20xmlns=\" http:=\"\" alt=\"Russie immigration Talents\" width=\"680\" height=\"454\" data-lazy- data-lazy- data-lazy-src=\"https:\/\/www.europesays.com\/fr\/wp-content\/uploads\/2025\/09\/Russie-Talents-immigration.jpg\"\/>Image IA<\/p>\n<p><strong>La Russie a approuv\u00e9 une feuille de route sp\u00e9ciale comprenant 40 initiatives pour faciliter l\u2019arriv\u00e9e et l\u2019adaptation des sp\u00e9cialistes \u00e9trangers, a annonc\u00e9 mardi l\u2019Agence pour les initiatives strat\u00e9giques (ASI).<\/strong><\/p>\n<p>\u00c9labor\u00e9 avec le minist\u00e8re russe de l\u2019Int\u00e9rieur, ce plan vise \u00e0 simplifier les d\u00e9marches administratives, \u00e0 acc\u00e9l\u00e9rer la reconnaissance des dipl\u00f4mes et \u00e0 am\u00e9liorer le processus d\u2019int\u00e9gration des professionnels \u00e9trangers.<\/p>\n<p>Un guichet unique et des services renforc\u00e9s<\/p>\n<p>Le projet pr\u00e9voit notamment :<\/p>\n<ul>\n<li>la cr\u00e9ation d\u2019un guichet unique pour centraliser les formalit\u00e9s,<\/li>\n<li>un acc\u00e8s \u00e9largi aux soins m\u00e9dicaux,<\/li>\n<li>et une proc\u00e9dure simplifi\u00e9e pour valider les dipl\u00f4mes \u00e9trangers.<\/li>\n<\/ul>\n<p>La feuille de route cible diff\u00e9rents profils : \u00e9tudiants talentueux, scientifiques, entrepreneurs, investisseurs et professionnels cr\u00e9atifs.<\/p>\n<p>Mise en \u0153uvre f\u00e9d\u00e9rale<\/p>\n<p>Approuv\u00e9 par le Centre interminist\u00e9riel de soutien \u00e0 la r\u00e9installation et \u00e0 l\u2019adaptation des immigrants, le document engage d\u00e9sormais les agences f\u00e9d\u00e9rales russes \u00e0 appliquer ces mesures et \u00e0 proposer des solutions pour lever les obstacles \u00e0 l\u2019installation de talents.<\/p>\n<p>\u00ab Pour les \u00e9trangers talentueux, nous cr\u00e9ons un parcours simple et transparent vers l\u2019installation et l\u2019adaptation en Russie, depuis les d\u00e9marches administratives jusqu\u2019\u00e0 la scolarisation des enfants \u00bb, a expliqu\u00e9 Alexandre Vaino, directeur du programme \u00ab Jeunes professionnels \u00bb de l\u2019ASI.<\/p>\n<p>Une ouverture conditionn\u00e9e<\/p>\n<p>Selon l\u2019ASI, l\u2019objectif principal est de montrer que \u00ab la Russie est ouverte \u00e0 ceux qui partagent ses valeurs traditionnelles et choisissent consciemment le pays comme nouveau foyer \u00bb.<\/p>\n","protected":false},"excerpt":{"rendered":"Image IA La Russie a approuv\u00e9 une feuille de route sp\u00e9ciale comprenant 40 initiatives pour faciliter l\u2019arriv\u00e9e et&hellip;\n","protected":false},"author":2,"featured_media":414027,"comment_status":"","ping_status":"","sticky":false,"template":"","format":"standard","meta":{"footnotes":""},"categories":[1591],"tags":[11,5331,33,1887,1061,5701,5317,12,1885,1886,132,3245],"class_list":{"0":"post-414026","1":"post","2":"type-post","3":"status-publish","4":"format-standard","5":"has-post-thumbnail","7":"category-russie","8":"tag-actualites","9":"tag-adaptation","10":"tag-economie","11":"tag-federation-de-russie","12":"tag-immigration","13":"tag-innovation","14":"tag-integration","15":"tag-news","16":"tag-russia","17":"tag-russian-federation","18":"tag-russie","19":"tag-talents"},"share_on_mastodon":{"url":"https:\/\/pubeurope.com\/@fr\/115259450616830122","error":""},"_links":{"self":[{"href":"https:\/\/www.europesays.com\/fr\/wp-json\/wp\/v2\/posts\/414026","targetHints":{"allow":["GET"]}}],"collection":[{"href":"https:\/\/www.europesays.com\/fr\/wp-json\/wp\/v2\/posts"}],"about":[{"href":"https:\/\/www.europesays.com\/fr\/wp-json\/wp\/v2\/types\/post"}],"author":[{"embeddable":true,"href":"https:\/\/www.europesays.com\/fr\/wp-json\/wp\/v2\/users\/2"}],"replies":[{"embeddable":true,"href":"https:\/\/www.europesays.com\/fr\/wp-json\/wp\/v2\/comments?post=414026"}],"version-history":[{"count":0,"href":"https:\/\/www.europesays.com\/fr\/wp-json\/wp\/v2\/posts\/414026\/revisions"}],"wp:featuredmedia":[{"embeddable":true,"href":"https:\/\/www.europesays.com\/fr\/wp-json\/wp\/v2\/media\/414027"}],"wp:attachment":[{"href":"https:\/\/www.europesays.com\/fr\/wp-json\/wp\/v2\/media?parent=414026"}],"wp:term":[{"taxonomy":"category","embeddable":true,"href":"https:\/\/www.europesays.com\/fr\/wp-json\/wp\/v2\/categories?post=414026"},{"taxonomy":"post_tag","embeddable":true,"href":"https:\/\/www.europesays.com\/fr\/wp-json\/wp\/v2\/tags?post=414026"}],"curies":[{"name":"wp","href":"https:\/\/api.w.org\/{rel}","templated":true}]}}