{"id":414033,"date":"2025-09-24T13:16:18","date_gmt":"2025-09-24T13:16:18","guid":{"rendered":"https:\/\/www.europesays.com\/fr\/414033\/"},"modified":"2025-09-24T13:16:18","modified_gmt":"2025-09-24T13:16:18","slug":"verif-un-niveau-de-vie-7-000-euros-plus-faible-en-france-quen-allemagne-alors-quil-etait-identique-il-y-a-25-ans","status":"publish","type":"post","link":"https:\/\/www.europesays.com\/fr\/414033\/","title":{"rendered":"V\u00c9RIF&rsquo; &#8211; Un niveau de vie \u00ab\u00a07.000 euros\u00a0\u00bb plus faible en France qu&rsquo;en Allemagne, alors qu&rsquo;il \u00e9tait identique il y a 25 ans ?"},"content":{"rendered":"<ul class=\"jsx-862013697 ArticleChapo__List\">\n<li class=\"jsx-862013697 ArticleChapo__List_Item flex\">Sur le plateau de LCI, Bruno Retailleau a regrett\u00e9 une perte de vitesse de la France par rapport \u00e0 l&rsquo;Allemagne sur le plan \u00e9conomique.<\/li>\n<li class=\"jsx-862013697 ArticleChapo__List_Item flex\">Le ministre de l&rsquo;Int\u00e9rieur d\u00e9missionnaire assure que nos voisins avaient un niveau de vie identique au n\u00f4tre en l&rsquo;an 2000, mais que celui des Allemands est maintenant sup\u00e9rieur de 7.000 euros par an.<\/li>\n<li class=\"jsx-862013697 ArticleChapo__List_Item flex\">Si l&rsquo;on se fie au PIB par habitant, ce constat est proche de la r\u00e9alit\u00e9, mais cet indicateur affiche certaines limites.<\/li>\n<\/ul>\n<p><a href=\"https:\/\/www.tf1info.fr\/actualite\/les-verificateurs-12325\/\" rel=\"noopener\" class=\"jsx-484472199 Link jsx-1428418400 jsx-1910851033\" target=\"_blank\"><\/p>\n<p style=\"font-weight:400\" class=\"jsx-1837267516\">Suivez la couverture compl\u00e8te<\/p>\n<p style=\"font-weight:800\" class=\"jsx-1837267516\">L&rsquo;info pass\u00e9e au crible des V\u00e9rificateurs<\/p>\n<p><\/a><\/p>\n<p data-module=\"article-paragraph\" class=\"jsx-3046738180 Paragraph\">D\u00e9sormais ministre d\u00e9missionnaire, Bruno Retailleau poursuit son travail place Beauvau. Invit\u00e9 de LCI cette semaine, il a \u00e9voqu\u00e9 une s\u00e9rie de sujets, parmi lesquels la fiscalit\u00e9. L\u2019occasion pour lui de fustiger le \u00ab\u00a0social-\u00e9tatisme\u00a0\u00bb et le recours \u00e0 ses yeux trop important \u00e0 la d\u00e9pense publique.\u00a0<\/p>\n<p data-module=\"article-paragraph\" class=\"jsx-3046738180 Paragraph Paragraph__End\">La France aurait besoin de s\u2019inspirer de l\u2019Allemagne, a-t-il assur\u00e9, \u00e9voquant le niveau de vie dans les deux pays. Alors qu\u2019il \u00e9tait le m\u00eame \u00ab\u00a0il y a 25 ans\u00a0\u00bb, il serait aujourd\u2019hui bien meilleur chez nos voisins. Le ministre d\u00e9missionnaire \u00e9voque une diff\u00e9rence de \u00ab\u00a07.000 euros\u00a0\u00bb par an et par personne.<\/p>\n<blockquote data-testid=\"EmbedTwitter\" id=\"tweet-1970198820974719094-:R4ocmj9n79m:\" class=\"jsx-aeff1a1c40f54d7a twitter-tweet flex justify-center items-center\"><p>\ud83d\udd34 Taxe Zucman : \u00ab\u00a0Je partage l&rsquo;avis de Bernard Arnault. Si on applique cette taxe, les investisseurs vont quitter la France. \u00a0\u00bb  \u27a1  @BrunoRetailleau face \u00e0  @DariusRochebin sur LCI  pic.twitter.com\/ruDoQ2Mwk5 \u2014 LCI (@LCI)  September 22, 2025<\/p><\/blockquote>\n<p>Un PIB par habitant qui a davantage progress\u00e9 outre-Rhin<\/p>\n<p data-module=\"article-paragraph\" class=\"jsx-3046738180 Paragraph\">Pour mesurer le niveau de vie, il n\u2019existe pas d\u2019indicateur parfait. Celui qui est g\u00e9n\u00e9ralement retenu est le PIB par habitant, c\u2019est-\u00e0-dire la valeur totale de tous les biens et services produits dans un pays sur une ann\u00e9e, divis\u00e9e par le nombre d\u2019habitants. Pour tenir compte du co\u00fbt de la vie, diff\u00e9rent d\u2019un pays \u00e0 l\u2019autre, des ajustements sont ensuite r\u00e9alis\u00e9s. On parle alors de chiffres exprim\u00e9s en \u00ab\u00a0standards de pouvoir d\u2019achat\u00a0\u00bb, ou SPA.\u00a0<\/p>\n<p data-module=\"article-paragraph\" class=\"jsx-3046738180 Paragraph Paragraph__End\">Ce PIB par habitant en SPA est calcul\u00e9 depuis de tr\u00e8s longues ann\u00e9es \u00e0 travers l\u2019UE, avec des donn\u00e9es qui sont <a href=\"https:\/\/ec.europa.eu\/eurostat\/databrowser\/view\/sdg_10_10\/default\/table?lang=fr\" target=\"_blank\" rel=\"noopener\">agr\u00e9g\u00e9es (nouvelle fen\u00eatre)<\/a> sur le site d\u2019Eurostat. Il est facile de constater en ligne que pour 2024, ann\u00e9e des derniers chiffres disponibles, le montant pour l\u2019Allemagne est de 45.500 euros. C\u2019est plus qu\u2019en France, o\u00f9 il s\u2019\u00e9tablit \u00e0 39.100 euros. Une diff\u00e9rence notable de 6.400 euros par habitant est observ\u00e9e, soit un peu moins que les 7.000 euros \u00e9voqu\u00e9s par Bruno Retailleau.<\/p>\n<p><a href=\"https:\/\/www.tf1info.fr\/politique\/en-bref-palestine-remaniement-taxe-zucman-ce-qu-il-faut-retenir-de-l-interview-de-bruno-retailleau-ministre-demissionnaire-de-l-interieur-sur-lci-2396194.html\" rel=\"noopener\" class=\"jsx-3308031228 Link flex\" target=\"_blank\"><img decoding=\"async\" src=\"https:\/\/www.europesays.com\/fr\/wp-content\/uploads\/2025\/09\/bruno-retailleau-22092025-lci-36fab4-0@1x.jpeg\" alt=\"Bruno Retailleau, le ministre d\u00e9missionnaire de l'Int\u00e9rieur\" loading=\"lazy\" importance=\"low\" fetchpriority=\"low\" class=\"\" aria-hidden=\"true\"\/><\/p>\n<p class=\"jsx-3657663356 ReadMoreArticle__Title\">Lire aussi<\/p>\n<p class=\"jsx-3657663356\">EN BREF &#8211; Palestine, remaniement, taxe Zucman\u2026 Ce qu&rsquo;il faut retenir de l&rsquo;interview de Bruno Retailleau sur LCI<\/p>\n<p><\/a><\/p>\n<p data-module=\"article-paragraph\" class=\"jsx-3046738180 Paragraph\">Est-il exact d\u2019affirmer qu\u2019en l\u2019an 2000, ce PIB par habitant \u00e9tait similaire ? Pour le v\u00e9rifier, il suffit de se pencher sur les relev\u00e9s archiv\u00e9s par Eurostat : ils nous apprennent que les valeurs en l\u2019an 2000 \u00e9taient de 23.000 euros par personne en Allemagne, contre 21.700 euros en France. L\u00e0 encore, le ministre d\u00e9missionnaire effectue un constat assez proche de la r\u00e9alit\u00e9, mais il faut tout de m\u00eame noter qu\u2019\u00e0 l\u2019\u00e9poque, nous accusions d\u00e9j\u00e0 dans l\u2019Hexagone un l\u00e9ger retard par rapport \u00e0 nos voisins.\u00a0<\/p>\n<p data-module=\"article-paragraph\" class=\"jsx-3046738180 Paragraph Paragraph__End\">Au-del\u00e0 des montants \u00e9voqu\u00e9s ici, il est important de garder \u00e0 l\u2019esprit que le PIB par habitant, m\u00eame lorsqu\u2019il est exprim\u00e9 en SPA, ne permet pas de dresser un tableau parfait du niveau de vie dans un pays. Il se base en effet sur des moyennes et ne rend pas compte de potentielles in\u00e9galit\u00e9s \u00e0 l\u2019int\u00e9rieur d\u2019un m\u00eame pays.\u00a0De m\u00eame, il s\u2019agit d\u2019un indicateur strictement \u00e9conomique, qui ne tient pas compte, par exemple, de la qualit\u00e9 de vie dans un pays donn\u00e9.\u00a0<\/p>\n<p data-module=\"article-paragraph\" class=\"jsx-3046738180 Paragraph Paragraph__End\"><strong>Vous souhaitez nous poser des questions ou nous soumettre une information qui ne vous para\u00eet pas fiable ? N&rsquo;h\u00e9sitez pas \u00e0 nous \u00e9crire \u00e0 l&rsquo;adresse lesverificateurs@tf1.fr. Retrouvez-nous \u00e9galement sur X : notre \u00e9quipe y est pr\u00e9sente derri\u00e8re le compte @verif_TF1LCI.<\/strong><\/p>\n<p>Thomas DESZPOT<\/p>\n<p><script async src=\"https:\/\/platform.twitter.com\/widgets.js\" charset=\"utf-8\"><\/script><\/p>\n","protected":false},"excerpt":{"rendered":"Sur le plateau de LCI, Bruno Retailleau a regrett\u00e9 une perte de vitesse de la France par rapport&hellip;\n","protected":false},"author":2,"featured_media":414034,"comment_status":"","ping_status":"","sticky":false,"template":"","format":"standard","meta":{"footnotes":""},"categories":[1587],"tags":[1111,11,672,1921,1013,1804,1805,1803,1777,674,5641,1801,1922,7541,12,2922,1802,133,5642],"class_list":{"0":"post-414033","1":"post","2":"type-post","3":"status-publish","4":"format-standard","5":"has-post-thumbnail","7":"category-allemagne","8":"tag-actu","9":"tag-actualites","10":"tag-allemagne","11":"tag-article-video","12":"tag-bruno-retailleau","13":"tag-bundesrepublik-deutschland","14":"tag-de","15":"tag-deutschland","16":"tag-eu","17":"tag-europe","18":"tag-finance-et-macro-economie","19":"tag-germany","20":"tag-info","21":"tag-linfo-passee-au-crible-des-verificateurs","22":"tag-news","23":"tag-pouvoir-dachat","24":"tag-republique-federale-dallemagne","25":"tag-video","26":"tag-video-economie"},"share_on_mastodon":{"url":"https:\/\/pubeurope.com\/@fr\/115259466790472674","error":""},"_links":{"self":[{"href":"https:\/\/www.europesays.com\/fr\/wp-json\/wp\/v2\/posts\/414033","targetHints":{"allow":["GET"]}}],"collection":[{"href":"https:\/\/www.europesays.com\/fr\/wp-json\/wp\/v2\/posts"}],"about":[{"href":"https:\/\/www.europesays.com\/fr\/wp-json\/wp\/v2\/types\/post"}],"author":[{"embeddable":true,"href":"https:\/\/www.europesays.com\/fr\/wp-json\/wp\/v2\/users\/2"}],"replies":[{"embeddable":true,"href":"https:\/\/www.europesays.com\/fr\/wp-json\/wp\/v2\/comments?post=414033"}],"version-history":[{"count":0,"href":"https:\/\/www.europesays.com\/fr\/wp-json\/wp\/v2\/posts\/414033\/revisions"}],"wp:featuredmedia":[{"embeddable":true,"href":"https:\/\/www.europesays.com\/fr\/wp-json\/wp\/v2\/media\/414034"}],"wp:attachment":[{"href":"https:\/\/www.europesays.com\/fr\/wp-json\/wp\/v2\/media?parent=414033"}],"wp:term":[{"taxonomy":"category","embeddable":true,"href":"https:\/\/www.europesays.com\/fr\/wp-json\/wp\/v2\/categories?post=414033"},{"taxonomy":"post_tag","embeddable":true,"href":"https:\/\/www.europesays.com\/fr\/wp-json\/wp\/v2\/tags?post=414033"}],"curies":[{"name":"wp","href":"https:\/\/api.w.org\/{rel}","templated":true}]}}