{"id":414041,"date":"2025-09-24T13:20:14","date_gmt":"2025-09-24T13:20:14","guid":{"rendered":"https:\/\/www.europesays.com\/fr\/414041\/"},"modified":"2025-09-24T13:20:14","modified_gmt":"2025-09-24T13:20:14","slug":"rencontre-avec-sebastien-lecornu-a-matignon-a-sa-sortie-lintersyndicale-propose-une-nouvelle-greve-le-2-octobre","status":"publish","type":"post","link":"https:\/\/www.europesays.com\/fr\/414041\/","title":{"rendered":"Rencontre avec S\u00e9bastien Lecornu \u00e0 Matignon\u00a0: \u00e0 sa sortie, l\u2019intersyndicale propose une nouvelle gr\u00e8ve le 2\u00a0octobre"},"content":{"rendered":"<p>Sans grande surprise, la \u00ab\u00a0rupture\u00a0\u00bb et <a href=\"https:\/\/www.humanite.fr\/social-et-economie\/cgt\/apres-lultimatum-fixe-a-sebastien-lecornu-les-organisations-syndicales-prendront-leurs-responsabilites-assure-fabienne-rouchy-cgt\" target=\"_blank\" rel=\"noopener\">la concertation promues par S\u00e9bastien Lecornu<\/a> ne d\u00e9boucheront pas sur une remise en cause de la politique de l\u2019offre \u00e0 l\u2019\u0153uvre depuis 2017 par Emmanuel Macron. <a href=\"https:\/\/www.humanite.fr\/social-et-economie\/austerite\/mobilisation-du-18-septembre-sur-le-terrain-syndicats-et-militants-organisent-une-riposte-massive-contre-les-mesures-dausterite-du-gouvernement\" target=\"_blank\" rel=\"noopener\">Forte du million de personnes mobilis\u00e9es le 18\u00a0septembre<\/a>, l\u2019intersyndicale, (CFDT, CGT, FO, CFE-CGC, CFTC, Unsa, FSU, Solidaires) \u00e9tait re\u00e7ue \u00e0 Matignon ce mercredi 24\u00a0septembre, \u00e0 l\u2019issue de l\u2019ultimatum lanc\u00e9 par ces centrales la semaine derni\u00e8re.<\/p>\n<p>\u00ab\u00a0On attendait des r\u00e9ponses claires mais aucune n\u2019a \u00e9t\u00e9 apport\u00e9e, pour l\u2019intersyndicale le compte n\u2019y est pas. Aucune piste du gouvernement pr\u00e9c\u00e9dent n\u2019est enterr\u00e9e\u00a0\u00bb, glisse \u00e0 l\u2019Humanit\u00e9 un participant.<\/p>\n<p>Nouvelle journ\u00e9e de gr\u00e8ve le jeudi 2\u00a0octobre<\/p>\n<p>\u00ab\u00a0Apr\u00e8s la r\u00e9ussite du 18\u00a0septembre et l\u2019expression d\u2019attente l\u00e9gitime du monde du travail nous attendions des r\u00e9ponses claires du Premier ministre. Il n\u2019a apport\u00e9 aucune r\u00e9ponse claire aux attentes des travailleuses et travailleurs. Pour l\u2019intersyndicale c\u2019est une occasion manqu\u00e9e\u00a0\u00bb, <a href=\"https:\/\/www.humanite.fr\/social-et-economie\/cfdt\/francois-bayrou-drague-la-cfdt-a-son-universite-dete-qui-mobilisera-avec-lintersyndicale\" target=\"_blank\" rel=\"noopener\">confirme Marylise L\u00e9on (CFDT)<\/a> au nom de l\u2019intersyndicale.<\/p>\n<p>Accompagn\u00e9e de ses homologues, la secr\u00e9taire g\u00e9n\u00e9rale de la CFDT annonce une nouvelle journ\u00e9e de gr\u00e8ve le jeudi 2\u00a0octobre, sous condition de validation des instances syndicales respectives. <a href=\"https:\/\/www.humanite.fr\/social-et-economie\/sophie-binet\/sophie-binet-sebastien-lecornu-doit-abroger-la-reforme-des-retraites\" target=\"_blank\" rel=\"noopener\">Dans la foul\u00e9e, Sophie Binet, secr\u00e9taire g\u00e9n\u00e9rale de la CGT<\/a> assure qu\u2019\u00ab\u00a0aucun \u00e9l\u00e9ment pr\u00e9cis sur la justice fiscale n\u2019a filtr\u00e9 de cet \u00e9change\u00a0\u00bb.<\/p>\n<p>Pour rappel, l\u2019intersyndicale d\u00e9nonce le \u00ab\u00a0mus\u00e9e des horreurs\u00a0\u00bb du budget pr\u00e9sent\u00e9 en juillet par Fran\u00e7ois Bayrou et ses 44\u00a0milliards d\u2019euros d\u2019aust\u00e9rit\u00e9 auxquels l\u2019ex\u00e9cutif n\u2019a <a href=\"https:\/\/www.humanite.fr\/social-et-economie\/cgt\/vous-avez-abandonne-la-suppression-des-deux-jours-feries-mais-le-probleme-cest-tout-le-reste-apres-sa-rencontre-avec-sebastien-lecornu-sophie-binet-en-appelle\" target=\"_blank\" rel=\"noopener\">pas renonc\u00e9, en dehors de la suppression initialement envisag\u00e9e de deux jours f\u00e9ri\u00e9s<\/a>. Ce projet compte notamment une r\u00e9forme de l\u2019assurance-ch\u00f4mage, le gel des prestations sociales, des salaires des fonctionnaires, la d\u00e9sindexation des pensions de retraite, le doublement des franchises m\u00e9dicales, la remise en cause de la 5e semaine de cong\u00e9s pay\u00e9s ou encore des suppressions de postes dans les services publics.<\/p>\n<p>La r\u00e9action en vid\u00e9o de notre journaliste, Na\u00efm Sakhi <\/p>\n<p><strong>Aux c\u00f4t\u00e9s de celles et ceux qui luttent\u00a0!<\/strong><\/p>\n<p>L\u2019urgence sociale, c\u2019est chaque jour la priorit\u00e9 de l\u2019Humanit\u00e9.\u00a0<\/p>\n<ul class=\"wp-block-list\">\n<li>En exposant la violence patronale.\u00a0<\/li>\n<\/ul>\n<ul class=\"wp-block-list\">\n<li>En montrant ce que vivent celles et ceux qui travaillent et ceux qui aspirent \u00e0 le faire.\u00a0<\/li>\n<\/ul>\n<ul class=\"wp-block-list\">\n<li>En donnant des cl\u00e9s de compr\u00e9hension et des outils aux salari\u00e9.es pour se d\u00e9fendre contre les politiques ultralib\u00e9rales qui d\u00e9gradent leur qualit\u00e9 de vie.\u00a0<\/li>\n<\/ul>\n<p><strong>Vous connaissez d\u2019autres m\u00e9dias qui font \u00e7a\u202f?\u00a0\u00a0<\/strong><br \/><a href=\"https:\/\/www.humanite.fr\/lhumanite-cest-vous\" target=\"_blank\" rel=\"noopener\">Je veux en savoir plus\u00a0!<\/a><\/p>\n<p><strong>Aux c\u00f4t\u00e9s de celles et ceux qui luttent\u00a0!<\/strong><\/p>\n<p>L\u2019urgence sociale, c\u2019est chaque jour la priorit\u00e9 de l\u2019Humanit\u00e9.\u00a0<\/p>\n<ul class=\"wp-block-list\">\n<li>En exposant la violence patronale.\u00a0<\/li>\n<\/ul>\n<ul class=\"wp-block-list\">\n<li>En montrant ce que vivent celles et ceux qui travaillent et ceux qui aspirent \u00e0 le faire.\u00a0<\/li>\n<\/ul>\n<ul class=\"wp-block-list\">\n<li>En donnant des cl\u00e9s de compr\u00e9hension et des outils aux salari\u00e9.es pour se d\u00e9fendre contre les politiques ultralib\u00e9rales qui d\u00e9gradent leur qualit\u00e9 de vie.\u00a0<\/li>\n<\/ul>\n<p><strong>Vous connaissez d\u2019autres m\u00e9dias qui font \u00e7a\u202f?\u00a0\u00a0<\/strong><br \/><a href=\"https:\/\/www.humanite.fr\/lhumanite-cest-vous\" target=\"_blank\" rel=\"noopener\">Je veux en savoir plus\u00a0!<\/a><\/p>\n","protected":false},"excerpt":{"rendered":"Sans grande surprise, la \u00ab\u00a0rupture\u00a0\u00bb et la concertation promues par S\u00e9bastien Lecornu ne d\u00e9boucheront pas sur une remise&hellip;\n","protected":false},"author":2,"featured_media":414042,"comment_status":"","ping_status":"","sticky":false,"template":"","format":"standard","meta":{"footnotes":""},"categories":[2],"tags":[11,1270,1271,1011,27,16991,12,25],"class_list":{"0":"post-414041","1":"post","2":"type-post","3":"status-publish","4":"format-standard","5":"has-post-thumbnail","7":"category-actualites","8":"tag-actualites","9":"tag-cfdt","10":"tag-cgt","11":"tag-fr","12":"tag-france","13":"tag-intersyndicale","14":"tag-news","15":"tag-republique-francaise"},"share_on_mastodon":{"url":"https:\/\/pubeurope.com\/@fr\/115259482007922679","error":""},"_links":{"self":[{"href":"https:\/\/www.europesays.com\/fr\/wp-json\/wp\/v2\/posts\/414041","targetHints":{"allow":["GET"]}}],"collection":[{"href":"https:\/\/www.europesays.com\/fr\/wp-json\/wp\/v2\/posts"}],"about":[{"href":"https:\/\/www.europesays.com\/fr\/wp-json\/wp\/v2\/types\/post"}],"author":[{"embeddable":true,"href":"https:\/\/www.europesays.com\/fr\/wp-json\/wp\/v2\/users\/2"}],"replies":[{"embeddable":true,"href":"https:\/\/www.europesays.com\/fr\/wp-json\/wp\/v2\/comments?post=414041"}],"version-history":[{"count":0,"href":"https:\/\/www.europesays.com\/fr\/wp-json\/wp\/v2\/posts\/414041\/revisions"}],"wp:featuredmedia":[{"embeddable":true,"href":"https:\/\/www.europesays.com\/fr\/wp-json\/wp\/v2\/media\/414042"}],"wp:attachment":[{"href":"https:\/\/www.europesays.com\/fr\/wp-json\/wp\/v2\/media?parent=414041"}],"wp:term":[{"taxonomy":"category","embeddable":true,"href":"https:\/\/www.europesays.com\/fr\/wp-json\/wp\/v2\/categories?post=414041"},{"taxonomy":"post_tag","embeddable":true,"href":"https:\/\/www.europesays.com\/fr\/wp-json\/wp\/v2\/tags?post=414041"}],"curies":[{"name":"wp","href":"https:\/\/api.w.org\/{rel}","templated":true}]}}