{"id":414045,"date":"2025-09-24T13:22:18","date_gmt":"2025-09-24T13:22:18","guid":{"rendered":"https:\/\/www.europesays.com\/fr\/414045\/"},"modified":"2025-09-24T13:22:18","modified_gmt":"2025-09-24T13:22:18","slug":"la-passation-des-pouvoirs-au-club-de-golf-royal-quebec","status":"publish","type":"post","link":"https:\/\/www.europesays.com\/fr\/414045\/","title":{"rendered":"La passation des pouvoirs au club de golf Royal Qu\u00e9bec"},"content":{"rendered":"<p class=\"article-bodystyled__StyledText-sc-19uhgql-0 bGeyRM body-paragraph\" id=\"content-element-TS5EHXUKNVASHOCFNEEWJBPXUU\">Sa d\u00e9cision de quitter a \u00e9t\u00e9 prise il y a belle lurette. Bouchard, 62 ans, devait initialement quitter \u00e0 l\u2019automne 2024, mais il avait d\u00e9cid\u00e9 de prolonger son mandat afin de \u00abvivre parfaitement\u00bb le 150e anniversaire du club, l\u2019an pass\u00e9, la 100e ann\u00e9e sur le site de Boischatel cette ann\u00e9e.<\/p>\n<p class=\"article-bodystyled__StyledText-sc-19uhgql-0 bGeyRM body-paragraph\" id=\"content-element-TCX6GD2RMZFBFGSJJ5C4EYTMRI\">\u00abHonn\u00eatement, je ne suis pas tann\u00e9, loin de l\u00e0! lance-t-il en entrevue au Soleil. J\u2019ai eu de belles ann\u00e9es ici et l\u2019\u00e9l\u00e9ment qui a guid\u00e9 ma r\u00e9flexion, c\u2019est la sant\u00e9. Je voulais arr\u00eater en sant\u00e9 et profiter de beaux moments, avec mes enfants et mes petits-enfants.\u00bb<\/p>\n<p>Il ne voulait pas ralentir<img decoding=\"async\" data-chromatic=\"ignore\" alt=\"Mario Bouchard (&#xE0; droite) lors du Duc de Kent au Royal Qu&#xE9;bec en juillet 2024.\" class=\"c-image\" loading=\"lazy\" src=\"https:\/\/www.europesays.com\/fr\/wp-content\/uploads\/2025\/09\/AZGXZS4FYBCBVG6LWEJPWI2ZWY.jpg\"  width=\"1200\" height=\"799\"\/><\/p>\n<p class=\"image-metadata__MetadataParagraph-sc-1gfk7p2-0 cAaLKg image-metadata\">Mario Bouchard (\u00e0 droite) lors du Duc de Kent au Royal Qu\u00e9bec en juillet 2024. (Caroline Gr\u00e9goire\/Le Soleil)<\/p>\n<p class=\"article-bodystyled__StyledText-sc-19uhgql-0 bGeyRM body-paragraph\" id=\"content-element-4LZSDRKCDNGFXENRKHD46TIQ3Q\">Mario Bouchard quitte son emploi pour de bon, car \u00abralentir\u00bb n\u2019\u00e9tait pas une option comme DG. Son d\u00e9part ne signifie pas une retraite d\u00e9finitive, il pourrait bien continuer de travailler deux ou trois jours par semaine.<\/p>\n<p class=\"article-bodystyled__StyledText-sc-19uhgql-0 bGeyRM body-paragraph\" id=\"content-element-3UVN22CX3ZBMJMCEBGXEBA3DPY\">L\u2019opportunit\u00e9 \u00e0 saisir restant encore \u00e0 d\u00e9terminer. \u00abJ\u2019aurais pu faire \u00e7a encore quelques ann\u00e9es, mais ce n\u2019est pas un emploi que tu peux faire \u00e0 75 %. Tu continues \u00e0 100 % ou bien tu arr\u00eates\u00bb, dit celui qui assurera la transition jusqu\u2019en f\u00e9vrier prochain.<\/p>\n<p class=\"article-bodystyled__StyledText-sc-19uhgql-0 bGeyRM body-paragraph\" id=\"content-element-XM7K2DZ72JAP5FMMGQLNQOGECA\">Annonc\u00e9e aux membres le 3 juin dernier, la d\u00e9cision est devenue irr\u00e9vocable lors de la parution de l\u2019offre d\u2019emploi de son poste, en ao\u00fbt, une annonce publique qui est venue avec une d\u00e9ferlante de marques de reconnaissance.<\/p>\n<p>Un week-end \u00e9motif<img decoding=\"async\" data-chromatic=\"ignore\" alt=\"Mario Bouchard et sa famille au club de golf du Royal Qu&#xE9;bec le week-end dernier.\" class=\"c-image\" loading=\"lazy\" src=\"https:\/\/www.europesays.com\/fr\/wp-content\/uploads\/2025\/09\/KZVE6UABLZFZTPCSC2BMYRUYAQ.jpg\"  width=\"1200\" height=\"800\"\/><\/p>\n<p class=\"image-metadata__MetadataParagraph-sc-1gfk7p2-0 cAaLKg image-metadata\">Mario Bouchard et sa famille au club de golf du Royal Qu\u00e9bec le week-end dernier. (Royal Qu\u00e9bec)<\/p>\n<p class=\"article-bodystyled__StyledText-sc-19uhgql-0 bGeyRM body-paragraph\" id=\"content-element-FNADKW2NOZG35P5L2APAZ54NGU\">Le grand patron du club a d\u2019ailleurs \u00e9t\u00e9 souffl\u00e9 par les nombreux messages et t\u00e9moignages de f\u00e9licitations re\u00e7us dans les derniers jours, ayant \u00e9t\u00e9 honor\u00e9 \u00e0 l\u2019occasion du tournoi de fermeture du club, le week-end pass\u00e9. <\/p>\n<p class=\"article-bodystyled__StyledText-sc-19uhgql-0 bGeyRM body-paragraph\" id=\"content-element-TMU2LERMV5GH5DHL7KAB7WVYUA\">Fond\u00e9 en 1874, le Royal Qu\u00e9bec avait pr\u00e9vu plusieurs surprises pour celui qui a lanc\u00e9 sa carri\u00e8re de cadet sous les ordres de l\u2019ex-pr\u00e9sident, Paul Pouliot, au milieu des ann\u00e9es 1970, avant qu\u2019il soit embauch\u00e9 par Rodrigue Huot comme pr\u00e9pos\u00e9 aux b\u00e2tons.<\/p>\n<p class=\"article-bodystyled__StyledText-sc-19uhgql-0 bGeyRM body-paragraph\" id=\"content-element-JU4DKXVVLJA6XEDUR37DRQJCBE\">Pour l\u2019occasion, le club semi-priv\u00e9 haut de gamme a fait venir plusieurs anciens confr\u00e8res de la premi\u00e8re heure, dont Ben Boudreau et Yves Tremblay, ainsi que Jean-Philippe Pich\u00e9, avec qui Mario Bouchard a fait les 400 coups au Grand Portneuf pendant une quinzaine d\u2019ann\u00e9es. <\/p>\n<blockquote class=\"blockquote\" cite=\"\" id=\"content-element-3TWNVVNRLBDFLHG3D2CMLWSGTY\">\n<p class=\"secondary-font__SecondaryFontStyles-sc-jft5zj-0 kJOXaj\">Toute la famille du \u00abretrait\u00e9\u00bb \u00e9tait sur place, enfants et petits-enfants inclus, des moments imp\u00e9rissables pour les Bouchard.<\/p>\n<\/blockquote>\n<p class=\"article-bodystyled__StyledText-sc-19uhgql-0 bGeyRM body-paragraph\" id=\"content-element-V5FVWYNPIREIDFWVQ6QG56HD34\">\u00abJe n\u2019\u00e9tais pas au fait de \u00e7a, c\u2019\u00e9tait vraiment une belle surprise, relate la vedette de la journ\u00e9e. Il y a eu le fameux classique: \u201cOn va s\u2019ennuyer de toi, tu vas \u00eatre dur \u00e0 remplacer.\u201d C\u2019est le fun \u00e0 entendre, mais disons que je ne suis pas le premier \u00e0 qui on dit \u00e7a!\u00bb<\/p>\n<p>Proche des membres<img decoding=\"async\" data-chromatic=\"ignore\" alt=\"Le chalet du Royal Qu&#xE9;bec.\" class=\"c-image\" loading=\"lazy\" src=\"https:\/\/www.europesays.com\/fr\/wp-content\/uploads\/2025\/09\/VARCO4ZCZFCEZOSNUVTSMFOC44.jpg\"  width=\"1200\" height=\"800\"\/><\/p>\n<p class=\"image-metadata__MetadataParagraph-sc-1gfk7p2-0 cAaLKg image-metadata\">Le chalet du Royal Qu\u00e9bec. (Caroline Gr\u00e9goire\/Le Soleil)<\/p>\n<p class=\"article-bodystyled__StyledText-sc-19uhgql-0 bGeyRM body-paragraph\" id=\"content-element-OVYKEPBQRNBCHLG3U55J3XNCSA\">Plus d\u2019une quarantaine de personnes ont manifest\u00e9 leur int\u00e9r\u00eat au conseil d\u2019administration, qui a retenu de tr\u00e8s \u00abbonnes candidatures\u00bb en vue du choix final. Le C.A. devait arr\u00eater son choix dans les deux prochaines semaines. <\/p>\n<p class=\"article-bodystyled__StyledText-sc-19uhgql-0 bGeyRM body-paragraph\" id=\"content-element-EPCB6XSNP5ELDGPIZQFTH2ZXNM\">\u00abJe suis convaincu que la personne qui va me remplacer va \u00eatre \u00e0 un niveau tr\u00e8s int\u00e9ressant pour le Royal Qu\u00e9bec\u00bb, se contente-t-il de dire quand on le questionne sur sa succession. Je ne suis pas inquiet, \u00e7a va bien se passer.\u00bb<\/p>\n<p>Un club en sant\u00e9<img decoding=\"async\" data-chromatic=\"ignore\" alt=\"Le club de golf Royal Qu&#xE9;bec a &#xE9;t&#xE9; fond&#xE9; en 1874.\" class=\"c-image\" loading=\"lazy\" src=\"https:\/\/www.europesays.com\/fr\/wp-content\/uploads\/2025\/09\/WRKRRPMA7JHMNEGBWL3TW2IV7A.jpg\"  width=\"1200\" height=\"800\"\/><\/p>\n<p class=\"image-metadata__MetadataParagraph-sc-1gfk7p2-0 cAaLKg image-metadata\">Le club de golf Royal Qu\u00e9bec a \u00e9t\u00e9 fond\u00e9 en 1874. (Caroline Gr\u00e9goire\/Le Soleil)<\/p>\n<p class=\"article-bodystyled__StyledText-sc-19uhgql-0 bGeyRM body-paragraph\" id=\"content-element-QEICNAL7JZFYJH23YZ2UNQU27E\">Mario Bouchard, qui avait pris la rel\u00e8ve apr\u00e8s les 16 ans de r\u00e8gne de Marc Grenier, se fait une fiert\u00e9 d\u2019avoir \u00e9t\u00e9 un directeur g\u00e9n\u00e9ral pr\u00e8s des membres. Il s\u2019est fait le devoir de les saluer, les reconna\u00eetre, une \u00abchimie extr\u00eamement importante\u00bb au Royal Qu\u00e9bec, qui compte un peu plus de 1000 membres.<\/p>\n<p class=\"article-bodystyled__StyledText-sc-19uhgql-0 bGeyRM body-paragraph\" id=\"content-element-TFV7XXCGAZCL3GZSTP3EZETDZQ\">Tout cela alors que le golf qu\u00e9b\u00e9cois a connu plusieurs ann\u00e9es de d\u00e9croissance jusqu\u2019au regain de popularit\u00e9 enregistr\u00e9 lors de la pand\u00e9mie. <\/p>\n<p class=\"article-bodystyled__StyledText-sc-19uhgql-0 bGeyRM body-paragraph\" id=\"content-element-4FEVZ5VWPVDVDGUHZ2QA2O6PYI\">Le terrain de 36 trous, consid\u00e9r\u00e9 comme l\u2019un des plus vieux clubs en Am\u00e9rique du Nord, a su \u00abg\u00e9rer la d\u00e9croissance\u00bb avec brio jusqu\u2019en 2020: de six \u00e0 sept millions $ ont \u00e9t\u00e9 investis, sans cotisations sp\u00e9ciales et sans emprunt.<\/p>\n<p class=\"article-bodystyled__StyledText-sc-19uhgql-0 bGeyRM body-paragraph\" id=\"content-element-P5M2CZKPQBAWLOPCSGN35O5VQE\">\u00abLes installations sont passablement \u00e0 niveau, le membershsip est complet et le club op\u00e8re sans dette, fait-il remarquer avec fiert\u00e9. C\u2019est un mod\u00e8le parfaitement appropri\u00e9 pour la nouvelle personne qui arrive en poste. Elle aura un environnement favorable pour se concentrer sur les services aux membres et les petites attentions.\u00bb<\/p>\n","protected":false},"excerpt":{"rendered":"Sa d\u00e9cision de quitter a \u00e9t\u00e9 prise il y a belle lurette. Bouchard, 62 ans, devait initialement quitter&hellip;\n","protected":false},"author":2,"featured_media":414046,"comment_status":"","ping_status":"","sticky":false,"template":"","format":"standard","meta":{"footnotes":""},"categories":[1418],"tags":[54450,1011,27,1472,7810,54451,60,9621],"class_list":{"0":"post-414045","1":"post","2":"type-post","3":"status-publish","4":"format-standard","5":"has-post-thumbnail","7":"category-golf","8":"tag-duc-de-kent","9":"tag-fr","10":"tag-france","11":"tag-golf","12":"tag-quebec","13":"tag-royal-quebec","14":"tag-sports","15":"tag-tournoi"},"share_on_mastodon":{"url":"https:\/\/pubeurope.com\/@fr\/115259490583759323","error":""},"_links":{"self":[{"href":"https:\/\/www.europesays.com\/fr\/wp-json\/wp\/v2\/posts\/414045","targetHints":{"allow":["GET"]}}],"collection":[{"href":"https:\/\/www.europesays.com\/fr\/wp-json\/wp\/v2\/posts"}],"about":[{"href":"https:\/\/www.europesays.com\/fr\/wp-json\/wp\/v2\/types\/post"}],"author":[{"embeddable":true,"href":"https:\/\/www.europesays.com\/fr\/wp-json\/wp\/v2\/users\/2"}],"replies":[{"embeddable":true,"href":"https:\/\/www.europesays.com\/fr\/wp-json\/wp\/v2\/comments?post=414045"}],"version-history":[{"count":0,"href":"https:\/\/www.europesays.com\/fr\/wp-json\/wp\/v2\/posts\/414045\/revisions"}],"wp:featuredmedia":[{"embeddable":true,"href":"https:\/\/www.europesays.com\/fr\/wp-json\/wp\/v2\/media\/414046"}],"wp:attachment":[{"href":"https:\/\/www.europesays.com\/fr\/wp-json\/wp\/v2\/media?parent=414045"}],"wp:term":[{"taxonomy":"category","embeddable":true,"href":"https:\/\/www.europesays.com\/fr\/wp-json\/wp\/v2\/categories?post=414045"},{"taxonomy":"post_tag","embeddable":true,"href":"https:\/\/www.europesays.com\/fr\/wp-json\/wp\/v2\/tags?post=414045"}],"curies":[{"name":"wp","href":"https:\/\/api.w.org\/{rel}","templated":true}]}}