{"id":414049,"date":"2025-09-24T13:27:09","date_gmt":"2025-09-24T13:27:09","guid":{"rendered":"https:\/\/www.europesays.com\/fr\/414049\/"},"modified":"2025-09-24T13:27:09","modified_gmt":"2025-09-24T13:27:09","slug":"je-suis-pret-a-donner-mon-maximum","status":"publish","type":"post","link":"https:\/\/www.europesays.com\/fr\/414049\/","title":{"rendered":"\u00ab Je suis pr\u00eat \u00e0 donner mon maximum \u00bb"},"content":{"rendered":"<p>&#13;<\/p>\n<p><strong>Neuvi\u00e8me du championnat, le Ni\u00e7ois veut reprendre des couleurs sur les terres de la marque aux trois diapasons.<\/strong><\/p>\n<p>Apr\u00e8s un passage au si\u00e8ge de Yamaha au Japon, Fabio Quartararo d\u00e9barque \u00e0 Motegi pr\u00eat \u00e0 en d\u00e9coudre. \u00ab Courir au Japon est toujours sp\u00e9cial, les fans font des masques, des pancartes, des v\u00eatements personnalis\u00e9s\u2026 Il y a une ambiance unique dans le paddock, d\u00e9clare-t-il. Toute l\u2019\u00e9quipe est encore plus motiv\u00e9e ici, donc on va tout donner comme toujours. \u00bb<\/p>\n<p>Deuxi\u00e8me sur ce trac\u00e9 en 2019, le Fran\u00e7ais y compte depuis une huiti\u00e8me place comme meilleur r\u00e9sultat (2022). L&rsquo;objectif affich\u00e9 est clair : bien d\u00e9marrer d\u00e8s vendredi, malgr\u00e9 une M1 encore en retrait face \u00e0 la concurrence. \u00ab J\u2019esp\u00e8re qu\u2019on pourra \u00eatre dans le rythme d\u2019entr\u00e9e. Je suis pr\u00eat \u00e0 donner mon maximum. \u00bb<\/p>\n<p>&#13;<br \/>\n           &#13;<br \/>\n&#13;<br \/>\n    &#13;<br \/>\n    &#13;<\/p>\n","protected":false},"excerpt":{"rendered":"&#13; Neuvi\u00e8me du championnat, le Ni\u00e7ois veut reprendre des couleurs sur les terres de la marque aux trois&hellip;\n","protected":false},"author":2,"featured_media":414050,"comment_status":"","ping_status":"","sticky":false,"template":"","format":"standard","meta":{"footnotes":""},"categories":[1413],"tags":[1011,27,1457,1456,60],"class_list":{"0":"post-414049","1":"post","2":"type-post","3":"status-publish","4":"format-standard","5":"has-post-thumbnail","7":"category-moto","8":"tag-fr","9":"tag-france","10":"tag-moto","11":"tag-motocycle","12":"tag-sports"},"share_on_mastodon":{"url":"https:\/\/pubeurope.com\/@fr\/115259509561076058","error":""},"_links":{"self":[{"href":"https:\/\/www.europesays.com\/fr\/wp-json\/wp\/v2\/posts\/414049","targetHints":{"allow":["GET"]}}],"collection":[{"href":"https:\/\/www.europesays.com\/fr\/wp-json\/wp\/v2\/posts"}],"about":[{"href":"https:\/\/www.europesays.com\/fr\/wp-json\/wp\/v2\/types\/post"}],"author":[{"embeddable":true,"href":"https:\/\/www.europesays.com\/fr\/wp-json\/wp\/v2\/users\/2"}],"replies":[{"embeddable":true,"href":"https:\/\/www.europesays.com\/fr\/wp-json\/wp\/v2\/comments?post=414049"}],"version-history":[{"count":0,"href":"https:\/\/www.europesays.com\/fr\/wp-json\/wp\/v2\/posts\/414049\/revisions"}],"wp:featuredmedia":[{"embeddable":true,"href":"https:\/\/www.europesays.com\/fr\/wp-json\/wp\/v2\/media\/414050"}],"wp:attachment":[{"href":"https:\/\/www.europesays.com\/fr\/wp-json\/wp\/v2\/media?parent=414049"}],"wp:term":[{"taxonomy":"category","embeddable":true,"href":"https:\/\/www.europesays.com\/fr\/wp-json\/wp\/v2\/categories?post=414049"},{"taxonomy":"post_tag","embeddable":true,"href":"https:\/\/www.europesays.com\/fr\/wp-json\/wp\/v2\/tags?post=414049"}],"curies":[{"name":"wp","href":"https:\/\/api.w.org\/{rel}","templated":true}]}}