{"id":414051,"date":"2025-09-24T13:28:11","date_gmt":"2025-09-24T13:28:11","guid":{"rendered":"https:\/\/www.europesays.com\/fr\/414051\/"},"modified":"2025-09-24T13:28:11","modified_gmt":"2025-09-24T13:28:11","slug":"un-rwandais-sur-le-tour-de-france-dici-2040-cest-possible-selon-le-selectionneur-de-lequipe-nationale-de-cyclisme","status":"publish","type":"post","link":"https:\/\/www.europesays.com\/fr\/414051\/","title":{"rendered":"Un Rwandais sur le Tour de France d\u2019ici 2040\u00a0? \u00ab\u00a0C\u2019est possible\u00a0\u00bb selon le s\u00e9lectionneur de l\u2019\u00e9quipe nationale de cyclisme"},"content":{"rendered":"\n<p class=\"c-chapo \">\n  Les championnats du monde de cyclisme se d\u00e9roulent actuellement au Rwanda. Une premi\u00e8re pour une nation africaine. M\u00eame si l\u2019Erythr\u00e9e reste encore la nation phare de la discipline, les cyclistes rwandais ne cessent de progresser se f\u00e9licite le s\u00e9lectionneur de l\u2019\u00e9quipe nationale, David Louvet.\n<\/p>\n<p>            lire plus tard<\/p>\n<p id=\"dialog__title\" class=\"dialog__title\">Pour sauvegarder cet article, connectez-vous ou cr\u00e9ez un compte franceinfo<\/p>\n<p class=\"dialog__description\">Sans paiement. Sans abonnement.<\/p>\n<p>        Fermer la fen\u00eatre d\u2019activation des notifications France Info<\/p>\n<p>            cr\u00e9er votre compte<\/p>\n<p>            se connecter<\/p>\n<p>        Fermer la fen\u00eatre de pr\u00e9sentation<\/p>\n<p>    <img decoding=\"async\" class=\"signature__image\" width=\"44\" height=\"44\"  alt=\"\" src=\"https:\/\/www.franceinfo.fr\/assets\/common\/images\/galaxie-icons\/avatar-e7320e16.svg\" fetchpriority=\"high\"\/><\/p>\n<p>    Publi\u00e9 le 24\/09\/2025 15:09<\/p>\n<p>        Temps de lecture : 8min<\/p>\n<p>    <img decoding=\"async\"  alt=\"Des coureurs de l'\u00e9quipe cycliste masculine du Rwanda avant de la reconnaissance de l'\u00e9preuve du contre-la-montre \u00e0 Kigali (Rwanda) le 20 septembre 2025 (Fanny Lechevestrier)\" width=\"432\" height=\"243\" src=\"https:\/\/www.europesays.com\/fr\/wp-content\/uploads\/2025\/09\/whatsapp-image-2025-09-24-at-12-43-49-68d3dd9eaa9ca953706818.jpg\" fetchpriority=\"high\"\/><\/p>\n<p>      Des coureurs de l&rsquo;\u00e9quipe cycliste masculine du Rwanda avant de la reconnaissance de l&rsquo;\u00e9preuve du contre-la-montre \u00e0 Kigali (Rwanda) le 20 septembre 2025 (Fanny Lechevestrier)<\/p>\n<p>Quel coureur africain succ\u00e8dera \u00e0 l\u2019Erythr\u00e9en Biniam Girmay, le premier \u00e0 remporter une \u00e9tape sur un grand Tour (sur le Tour d\u2019Italie en 2022 puis trois fois sur le Tour de France en 2024) ? Il sera peut-\u00eatre originaire du Rwanda, <a href=\"https:\/\/www.franceinfo.fr\/sports\/cyclisme\/mondiaux\/reportage-cyclisme-comment-le-rwanda-se-prepare-a-accueillir-les-premiers-mondiaux-en-afrique_7100004.html\" target=\"_blank\" rel=\"noopener\">th\u00e9\u00e2tre des Championnats du monde sur route<\/a> (21-28 septembre) \u00e0 Kigali. Depuis novembre 2022, un Fran\u00e7ais, David Louvet, conduit les destin\u00e9es de l\u2019\u00e9quipe nationale. Et il met en avant l&rsquo;immense potentiel du Rwanda. \u00ab\u00a0Des personnes qui feraient de bons coureurs, on en croise \u00e0 tous les carrefours\u00a0\u00bb, explique -t-il. Il s&rsquo;est confi\u00e9 \u00e0 Radio France.\u00a0<\/p>\n<p><strong>Franceinfo : Comment \u00eates-vous devenu s\u00e9lectionneur du Rwanda, en 2022 ?<\/strong><\/p>\n<p><strong>David Louvet : <\/strong>Le pr\u00e9sident de la F\u00e9d\u00e9ration rwandaise de cyclisme de l&rsquo;\u00e9poque souhaitait avoir un entra\u00eeneur europ\u00e9en. Il a discut\u00e9 de cette possibilit\u00e9 avec le pr\u00e9sident de la F\u00e9d\u00e9ration fran\u00e7aise de cyclisme, Michel Coelho, qui en a fait part \u00e0 la Direction technique nationale. On m&rsquo;a propos\u00e9 le poste et je me suis dit : pourquoi pas ? J\u2019avais besoin d\u2019un nouveau challenge et je le trouvais plut\u00f4t int\u00e9ressant avec la perspective des Jeux Olympiques.<\/p>\n<p><strong>Comment s\u2019est d\u00e9roul\u00e9e votre arriv\u00e9e ?<\/strong><\/p>\n<p>\u00c7a n\u2019a pas commenc\u00e9 dans les meilleures conditions car le jour o\u00f9 j&rsquo;ai pos\u00e9 le pied \u00e0 Kigali, les responsables f\u00e9d\u00e9raux rwandais ont tous d\u00e9missionn\u00e9 ! Donc les trois premiers mois sont un peu compliqu\u00e9s pour moi. Et puis, au fur et \u00e0 mesure, j&rsquo;ai trouv\u00e9 ma place. J&rsquo;ai aussi eu la chance d&rsquo;\u00eatre \u00e9paul\u00e9 par mon adjoint F\u00e9lix Sempoma qui m\u2019a bien accueilli. On a ainsi pu travailler correctement et mettre en place des choses qui fonctionnent.<\/p>\n<p><strong>Avez-vous pu b\u00e9n\u00e9ficier rapidement de moyens ?<\/strong><\/p>\n<p>Pas sp\u00e9cialement, en fait, car les personnes qui assuraient l\u2019int\u00e9rim d\u00e9couvraient tout. Ce n&rsquo;\u00e9tait pas vraiment des experts, donc c&rsquo;\u00e9tait un peu compliqu\u00e9. Avoir des budgets, partir en course\u2026 Tout \u00e9tait un combat permanent. Heureusement, le minist\u00e8re a bien compris mes attentes et \u00a0m&rsquo;a beaucoup aid\u00e9 dans ma t\u00e2che.<\/p>\n<p><strong>Le d\u00e9veloppement du cyclisme au Rwanda est-il devenu une priorit\u00e9 ?<\/strong><\/p>\n<p>Oui. Le cyclisme au Rwanda, c&rsquo;est un peu comme le marathon pour les Kenyans. Ici, <a href=\"https:\/\/www.franceinfo.fr\/sports\/cyclisme\/mondiaux\/reportage-je-suis-content-de-voir-pogacar-de-mes-yeux-a-kigali-les-rwandais-vivent-les-premiers-championnats-du-monde-de-cyclisme-en-afrique_7505164.html\" target=\"_blank\" rel=\"noopener\">la culture du v\u00e9lo est omnipr\u00e9sente<\/a>, au Rwanda comme en \u00c9rythr\u00e9e. C&rsquo;est le sport national. \u00c7a court tous les week-ends et il y en a pour tout le monde, d\u00e8s le plus jeune \u00e2ge. Avec <a href=\"https:\/\/www.franceinfo.fr\/sports\/cyclisme\/championnat-du-monde-sur-route\/mondiaux-de-cyclisme-2025-hote-pour-la-premiere-fois-l-afrique-a-encore-du-retard-a-combler-dans-le-developpement-de-ses-coureurs_7113993.html\" target=\"_blank\" rel=\"noopener\">les Championnats du monde qui sont organis\u00e9s ici<\/a>, il fallait mettre les moyens pour r\u00e9pondre pr\u00e9sent et ne pas \u00eatre ridicules. Et relancer la dynamique du cyclisme rwandais qui a eu ses heures de gloire mais qui \u00e9tait en pente descendante par rapport \u00e0 certaines nations africaines comme l&rsquo;\u00c9rythr\u00e9e. Je pense qu&rsquo;on est en train de mettre les curseurs dans le bon sens. Mais aujourd&rsquo;hui, ce qu&rsquo;il manque, ce sont des comp\u00e9titions. Quand mes coureurs prennent le d\u00e9part, ils n\u2019ont que trois courses dans les jambes depuis le Tour du Rwanda. Ce n\u2019est pas suffisant pour \u00eatre au niveau, m\u00eame s&rsquo;ils arrivent quand m\u00eame \u00e0 \u00eatre dans le coup sur les contre-la-montre. Pour palier le manque de comp\u00e9tition, il a fallu faire des stages avec des heures et des heures de v\u00e9lo. Ils ont vraiment travaill\u00e9 avec rigueur et des charges assez importantes. C&rsquo;est l\u00e0 qu&rsquo;on voit que les coureurs rwandais sont de sacr\u00e9s combattants et qu\u2019ils ont des pr\u00e9dispositions physiologiques et physiques hors normes.<\/p>\n<p><strong>Le talent est-il l\u00e0 ?<\/strong><\/p>\n<p>Au Rwanda, \u00e0 tous les carrefours, on croise plein de gens qui pourraient faire de bons cyclistes. J&rsquo;ai des souvenirs de personnes \u00e0 v\u00e9lo, en claquettes, en jeans et en chemise, qui suivent l&rsquo;\u00e9quipe nationale dans un col, jusqu\u2019au sommet. Parfois, je suis oblig\u00e9 de demander aux coureurs d\u2019acc\u00e9l\u00e9rer pour les distancer parce que \u00e7a peut \u00eatre dangereux. Mais dans certains cas, on prend un num\u00e9ro de t\u00e9l\u00e9phone si on remarque un potentiel. Mon adjoint F\u00e9lix Sempoma a recrut\u00e9 pas mal de taxis-v\u00e9lo comme Eric Manizabayo [porte-drapeau de la d\u00e9l\u00e9gation rwandaise aux Jeux Olympiques de Paris 2024]. Ils sont vraiment forts. Apr\u00e8s, ils doivent progresser dans la position sur le v\u00e9lo. En transportant des gens ou des charges, ils ont tendance \u00e0 courber un peu le dos au niveau des lombaires. Donc, il faut retravailler tout \u00e7a, mais ce n\u2019est pas simple.<\/p>\n<p><strong>Craignez-vous que l\u2019engouement retombe apr\u00e8s les Championnats du monde\u00a0?<\/strong><\/p>\n<p>Apr\u00e8s chaque grand objectif, il y a toujours un moment de rel\u00e2che. J\u2019esp\u00e8re qu\u2019il ne va pas durer longtemps. J&rsquo;aimerais que, dans la foul\u00e9e, il y ait une course comme le championnat d&rsquo;Afrique. Qu&rsquo;il y ait un h\u00e9ritage et qu&rsquo;on puisse profiter de tout l\u2019entra\u00eenement r\u00e9alis\u00e9 afin de glaner des titres et des m\u00e9dailles.<\/p>\n<p><strong>Esp\u00e9rez-vous que certains coureurs se fassent rep\u00e9rer pour rejoindre des structures professionnelles en Europe par exemple ?<\/strong><\/p>\n<p>\u00c7a fait partie de mon travail. Si j\u2019entra\u00eene des coureurs ici, ce n\u2019est pas pour qu\u2019ils restent au Rwanda. J&rsquo;ai cibl\u00e9 des coureurs et je pense qu&rsquo;il y a des coureurs qui ne vont pas passer inaper\u00e7us. J\u2019essaie de donner un petit coup de pouce car j&rsquo;ai des jeunes qui ont des profils int\u00e9ressants. Ce serait dommage de les laisser ici. Apr\u00e8s, cela peut faire peur d\u2019int\u00e9grer un Africain dans son \u00e9quipe. Il faut mettre des choses en place pour \u00eatre s\u00fbr qu\u2019il n\u2019ait pas envie de rentrer au bout de deux mois. Il y a parfois la barri\u00e8re de la langue. Je le vois moi-m\u00eame quand je suis dans la voiture pour donner des consignes. Si je n\u2019ai pas F\u00e9lix avec moi, c\u2019est parfois compliqu\u00e9, surtout dans les moments cl\u00e9s. Et puis, il y a l\u2019\u00e9ternel souci des visas qui ne sont jamais faciles \u00e0 avoir. Parce qu\u2019au niveau du v\u00e9lo, il n&rsquo;y a pas de souci. Ils apprennent vite.<\/p>\n<p><strong>Quid du mat\u00e9riel ?<\/strong><\/p>\n<p>Gr\u00e2ce aux Championnats du monde, il y a beaucoup de dotations. Pour l&rsquo;\u00e9quipe nationale, des marques m\u2019ont soutenu. On a eu des prix pr\u00e9f\u00e9rentiels sur des v\u00e9los de contre-la-montre mais surtout sur des v\u00e9los de route. Aujourd&rsquo;hui, j&rsquo;ai 32 v\u00e9los neufs qui vont rester apr\u00e8s mon d\u00e9part. Le probl\u00e8me, c&rsquo;est l\u2019entretien et le manque de pi\u00e8ces d\u00e9tach\u00e9es. Ces machines sont comme des Formule 1 : c\u2019est de la haute technologie. Acqu\u00e9rir ici des pi\u00e8ces d\u00e9tach\u00e9es pour ces v\u00e9los, ce n&rsquo;est pas facile et \u00e7a co\u00fbte cher.<\/p>\n<p><strong>Peut-on imaginer un Rwandais gagner un jour le Tour de France ?<\/strong><\/p>\n<p>Avec leur profil de grimpeur, quand je vois les progr\u00e8s faits en l&rsquo;espace d&rsquo;une semaine sur contre-la-montre, je me dis que rien n&rsquo;est impossible. Apr\u00e8s, gagner un Tour dans moins de dix ans, \u00e7a va \u00eatre compliqu\u00e9. Par contre, voir un Rwandais participer au Tour de France dans moins de quinze ans, c\u2019est possible. Et pourquoi pas int\u00e9grer une \u00e9quipe World Tour <a href=\"https:\/\/www.franceinfo.fr\/tour-de-france\/hommes\/portrait-tour-de-france-2024-biniam-girmay-un-maillot-vert-pour-l-histoire-du-tour-et-du-cyclisme-africain_6667788.html\" target=\"_blank\" rel=\"noopener\">comme Biniam Girmay<\/a>. Ils n\u2019ont rien \u00e0 envier aux coureurs d\u2019Erythr\u00e9e qui reste la nation phare en Afrique.<\/p>\n<p><strong>Etes-vous plut\u00f4t optimiste pour la suite ?<\/strong><\/p>\n<p>Je ne voudrais pas qu&rsquo;on me laisse mes coureurs trop longtemps sans activit\u00e9, sans comp\u00e9tition. Parce que ce sont des athl\u00e8tes de haut niveau. Ils ont besoin de courses parce qu\u2019en ne faisant que des entra\u00eenements, on rentre dans une routine et ce n\u2019est pas int\u00e9ressant.<\/p>\n","protected":false},"excerpt":{"rendered":"Les championnats du monde de cyclisme se d\u00e9roulent actuellement au Rwanda. Une premi\u00e8re pour une nation africaine. M\u00eame&hellip;\n","protected":false},"author":2,"featured_media":414052,"comment_status":"","ping_status":"","sticky":false,"template":"","format":"standard","meta":{"footnotes":""},"categories":[1412],"tags":[1451,1452,1453,1454,1455,1011,27,60],"class_list":{"0":"post-414051","1":"post","2":"type-post","3":"status-publish","4":"format-standard","5":"has-post-thumbnail","7":"category-f1","8":"tag-f1","9":"tag-formula-1","10":"tag-formula1","11":"tag-formule-1","12":"tag-formule1","13":"tag-fr","14":"tag-france","15":"tag-sports"},"share_on_mastodon":{"url":"https:\/\/pubeurope.com\/@fr\/115259514039159283","error":""},"_links":{"self":[{"href":"https:\/\/www.europesays.com\/fr\/wp-json\/wp\/v2\/posts\/414051","targetHints":{"allow":["GET"]}}],"collection":[{"href":"https:\/\/www.europesays.com\/fr\/wp-json\/wp\/v2\/posts"}],"about":[{"href":"https:\/\/www.europesays.com\/fr\/wp-json\/wp\/v2\/types\/post"}],"author":[{"embeddable":true,"href":"https:\/\/www.europesays.com\/fr\/wp-json\/wp\/v2\/users\/2"}],"replies":[{"embeddable":true,"href":"https:\/\/www.europesays.com\/fr\/wp-json\/wp\/v2\/comments?post=414051"}],"version-history":[{"count":0,"href":"https:\/\/www.europesays.com\/fr\/wp-json\/wp\/v2\/posts\/414051\/revisions"}],"wp:featuredmedia":[{"embeddable":true,"href":"https:\/\/www.europesays.com\/fr\/wp-json\/wp\/v2\/media\/414052"}],"wp:attachment":[{"href":"https:\/\/www.europesays.com\/fr\/wp-json\/wp\/v2\/media?parent=414051"}],"wp:term":[{"taxonomy":"category","embeddable":true,"href":"https:\/\/www.europesays.com\/fr\/wp-json\/wp\/v2\/categories?post=414051"},{"taxonomy":"post_tag","embeddable":true,"href":"https:\/\/www.europesays.com\/fr\/wp-json\/wp\/v2\/tags?post=414051"}],"curies":[{"name":"wp","href":"https:\/\/api.w.org\/{rel}","templated":true}]}}