{"id":414061,"date":"2025-09-24T13:33:10","date_gmt":"2025-09-24T13:33:10","guid":{"rendered":"https:\/\/www.europesays.com\/fr\/414061\/"},"modified":"2025-09-24T13:33:10","modified_gmt":"2025-09-24T13:33:10","slug":"le-mans-la-destination-touristique-litteraire-de-la-rentree-2025","status":"publish","type":"post","link":"https:\/\/www.europesays.com\/fr\/414061\/","title":{"rendered":"Le Mans, la destination touristique litt\u00e9raire de la rentr\u00e9e 2025"},"content":{"rendered":"<p>Du 29 septembre au 5 octobre, au Mans, le festival Faites Lire\u00a0! rassemble 170 auteurs pour susciter l\u2019envie de la lecture, avec le plaisir des mots et le partage des \u00e9motions.<\/p>\n<p class=\"fig-paragraph\">Cette ann\u00e9e encore, Le\u00a0Mans affirme sa place de ville de r\u00e9f\u00e9rence culturelle avec son\u00a0<a href=\"http:\/\/www.lefigaro.fr\/livres\/dossier\/faites-lire-la-grande-fete-du-livre-du-mans\" data-fig-type=\"Topic\" data-gtm-custom-categorie=\"navigation\" data-gtm-custom-action=\"crossclick\" data-gtm-custom-label=\"Contextuel\" data-gtm-event=\"customEventSPE\" data-fig-domain=\"LEFIGARO\" target=\"_blank\" rel=\"noopener\">festival de la lecture Faites lire\u00a0!<\/a>\u00a0et son salon incontournable de la rentr\u00e9e litt\u00e9raire. Cette \u00e9dition 2025 s\u2019annonce vivante et lumineuse, \u00e0 l\u2019image du visuel original r\u00e9alis\u00e9 par notre invit\u00e9e d\u2019honneur,\u00a0<a href=\"https:\/\/www.lefigaro.fr\/livres\/rebecca-dautremer-illustratrice-de-la-face-obscure-de-l-amerique-20201202\" data-fig-type=\"Article\" data-gtm-custom-categorie=\"navigation\" data-gtm-custom-action=\"crossclick\" data-gtm-custom-label=\"Contextuel\" data-gtm-event=\"customEventSPE\" data-fig-domain=\"LEFIGARO\" target=\"_blank\" rel=\"noopener\">Rebecca Dautremer<\/a>. La programmation, ouverte \u00e0 tous et gratuite, comblera petits et grands, passionn\u00e9s du\u00a0livre et curieux. Des artistes et des\u00a0\u00e9crivains tels que\u00a0<a href=\"http:\/\/www.lefigaro.fr\/culture\/comment-amuser-les-enfants-au-musee-guillaume-gallienne-revele-ses-astuces-20250802\" data-fig-type=\"Article\" data-gtm-custom-categorie=\"navigation\" data-gtm-custom-action=\"crossclick\" data-gtm-custom-label=\"Contextuel\" data-gtm-event=\"customEventSPE\" data-fig-domain=\"LEFIGARO\" target=\"_blank\" rel=\"noopener\">Guillaume Gallienne<\/a>, Fran\u00e7ois Miquet-Marty, Mathias Malzieu, Rebecca Dautremer ou encore Bill Fran\u00e7ois vous proposeront au\u00a0fil de la semaine conf\u00e9rences, grandes rencontres, concerts, spectacles\u2026<\/p>\n<p class=\"fig-paragraph\">La journ\u00e9e scolaire organis\u00e9e par le r\u00e9seau des m\u00e9diath\u00e8ques aura lieu le vendredi 3\u00a0octobre et permettra aux nombreux \u00e9l\u00e8ves participants de rencontrer des auteurs et des autrices autour d\u2019un atelier. L\u2019acc\u00e8s \u00e0 la lecture pour la jeunesse est une priorit\u00e9 de notre politique culturelle. L\u2019<a href=\"http:\/\/www.lefigaro.fr\/livres\/la-poesie-de-l-acteur-gregoire-leprince-ringuet-distinguee-par-l-academie-francaise-20250704\" data-fig-type=\"Article\" data-gtm-custom-categorie=\"navigation\" data-gtm-custom-action=\"crossclick\" data-gtm-custom-label=\"Contextuel\" data-gtm-event=\"customEventSPE\" data-fig-domain=\"LEFIGARO\" target=\"_blank\" rel=\"noopener\">Acad\u00e9mie fran\u00e7aise\u00a0<\/a>a choisi Le\u00a0Mans comme ville complice pour la troisi\u00e8me ann\u00e9e cons\u00e9cutive, car ensemble nous partageons les valeurs de promotion de la lecture, de la litt\u00e9rature, d\u2019acc\u00e8s pour tous \u00e0 la lecture et \u00e0 la langue et de lutte contre l\u2019illettrisme.<\/p>\n<p>                                    <a class=\"fig-a11y-skip a11y-hidden\" href=\"#fig-a11y-skip-main-inarticle\"><br \/>\n        Passer la publicit\u00e9<br \/>\n    <\/a><\/p>\n<p class=\"fig-paragraph\"><a href=\"http:\/\/www.lefigaro.fr\/langue-francaise\/actu-des-mots\/crenilabres-pennie-paons-on-a-teste-la-grande-dictee-du-festival-du-livre-de-paris-20250411\" data-fig-type=\"Article\" data-gtm-custom-categorie=\"navigation\" data-gtm-custom-action=\"crossclick\" data-gtm-custom-label=\"Contextuel\" data-gtm-event=\"customEventSPE\" data-fig-domain=\"LEFIGARO\" target=\"_blank\" rel=\"noopener\">La Grande Dict\u00e9e\u00a0<\/a>sera le rendez-vous de la semaine qui symbolisera ce lien privil\u00e9gi\u00e9 entre Faites lire\u00a0! et l\u2019Acad\u00e9mie fran\u00e7aise. L\u2019auteur acad\u00e9micien\u00a0<a href=\"http:\/\/www.lefigaro.fr\/vox\/culture\/jean-christophe-rufin-il-est-encore-possible-de-voyager-loin-des-circuits-touristiques-comme-a-l-epoque-d-alexandre-dumas-20250825\" data-fig-type=\"Article\" data-gtm-custom-categorie=\"navigation\" data-gtm-custom-action=\"crossclick\" data-gtm-custom-label=\"Contextuel\" data-gtm-event=\"customEventSPE\" data-fig-domain=\"LEFIGARO\" target=\"_blank\" rel=\"noopener\">Jean-Christophe Ruffin<\/a>\u00a0nous fera l\u2019honneur de participer au salon. Le\u00a0Mans compte parmi les salons nationaux les plus importants depuis plusieurs ann\u00e9es\u200a; en t\u00e9moignent le public nombreux et les auteurs fid\u00e8les \u00e0 ce rendez-vous. 170\u00a0auteurs seront pr\u00e9sents cette ann\u00e9e.<\/p>\n<p>Pour tous les go\u00fbts<\/p>\n<p class=\"fig-paragraph\">Il y en aura pour tous les go\u00fbts entre la jeunesse, la BD et les mangas, la litt\u00e9rature g\u00e9n\u00e9rale, dans une volont\u00e9 de partage entre tous les genres litt\u00e9raires et entre tous les auteurs, premiers romans, auteurs confirm\u00e9s, auteurs locaux\u00a0: Anne Berest, Titiou Lecoq, Sarah Chiche, Nicolas Beuglet,\u00a0<a href=\"http:\/\/madame.lefigaro.fr\/celebrites\/culture\/ce-livre-que-david-foenkinos-met-dans-sa-valise-d-ete-j-ai-decide-de-le-relire-tous-les-dix-ans-20250715\" data-fig-type=\"Article\" data-gtm-custom-categorie=\"navigation\" data-gtm-custom-action=\"crossclick\" data-gtm-custom-label=\"Contextuel\" data-gtm-event=\"customEventSPE\" data-fig-domain=\"MADAME\" target=\"_blank\" rel=\"noopener\">David Foenkinos<\/a>,\u00a0<a href=\"http:\/\/www.lefigaro.fr\/actualite-france\/vous-m-avez-interdit-de-revenir-dans-mon-pays-la-colere-de-kamel-daoud-empeche-de-se-rendre-aux-funerailles-de-sa-mere-20250713\" data-fig-type=\"NewsFlash\" data-gtm-custom-categorie=\"navigation\" data-gtm-custom-action=\"crossclick\" data-gtm-custom-label=\"Contextuel\" data-gtm-event=\"customEventSPE\" data-fig-domain=\"LEFIGARO\" target=\"_blank\" rel=\"noopener\">Kamel Daoud<\/a>,\u00a0<a href=\"http:\/\/www.lefigaro.fr\/livres\/l-ecrivain-japonais-akira-mizubayashi-couronne-par-l-academie-francaise-20250627\" data-fig-type=\"NewsFlash\" data-gtm-custom-categorie=\"navigation\" data-gtm-custom-action=\"crossclick\" data-gtm-custom-label=\"Contextuel\" data-gtm-event=\"customEventSPE\" data-fig-domain=\"LEFIGARO\" target=\"_blank\" rel=\"noopener\">Akira Mizubayashi<\/a>\u2026 Mais aussi les cr\u00e9ateurs de la s\u00e9rie ph\u00e9nom\u00e8ne Les\u00a0Guerres de Lucas, La\u00a0Guerre des Lulus, Les\u00a0Enfants de la R\u00e9sistance\u2026<\/p>\n<p class=\"fig-paragraph\">Le salon du livre Faites lire\u00a0! est d\u2019ailleurs pr\u00e9curseur en la mati\u00e8re puisque tous les auteurs, tous genres confondus, sont r\u00e9mun\u00e9r\u00e9s, ce qui traduit un engagement pour d\u00e9fendre les auteurs, consid\u00e9rer leur fili\u00e8re professionnelle et encourager la cr\u00e9ation litt\u00e9raire. Au nom de cette conviction, le Centre national du livre apporte son soutien \u00e0 Faites lire\u00a0!.<\/p>\n<p class=\"fig-paragraph\">Le\u00a0Mans affirme son ambition d\u2019\u00eatre une ville vivante et anim\u00e9e, o\u00f9 la culture est un bien collectif et une priorit\u00e9. L\u2019enjeu de cette semaine, qui se termine en fanfare avec le salon du livre, c\u2019est de susciter l\u2019envie de lire, le plaisir des mots, le partage des \u00e9motions avec de belles rencontres. Avec ce festival enti\u00e8rement gratuit et dont le c\u0153ur se situe au pied de notre tr\u00e8s belle vieille ville, nous vous donnons rendez-vous du 29\u00a0septembre au 5\u00a0octobre 2025 au\u00a0Mans.<\/p>\n","protected":false},"excerpt":{"rendered":"Du 29 septembre au 5 octobre, au Mans, le festival Faites Lire\u00a0! rassemble 170 auteurs pour susciter l\u2019envie&hellip;\n","protected":false},"author":2,"featured_media":414062,"comment_status":"","ping_status":"","sticky":false,"template":"","format":"standard","meta":{"footnotes":""},"categories":[1357],"tags":[1379,58,59,849,2002,1011,27,1380,25849],"class_list":{"0":"post-414061","1":"post","2":"type-post","3":"status-publish","4":"format-standard","5":"has-post-thumbnail","7":"category-livres","8":"tag-books","9":"tag-divertissement","10":"tag-entertainment","11":"tag-festival","12":"tag-figaro-litteraire","13":"tag-fr","14":"tag-france","15":"tag-livres","16":"tag-sarthe"},"share_on_mastodon":{"url":"https:\/\/pubeurope.com\/@fr\/115259533146990475","error":""},"_links":{"self":[{"href":"https:\/\/www.europesays.com\/fr\/wp-json\/wp\/v2\/posts\/414061","targetHints":{"allow":["GET"]}}],"collection":[{"href":"https:\/\/www.europesays.com\/fr\/wp-json\/wp\/v2\/posts"}],"about":[{"href":"https:\/\/www.europesays.com\/fr\/wp-json\/wp\/v2\/types\/post"}],"author":[{"embeddable":true,"href":"https:\/\/www.europesays.com\/fr\/wp-json\/wp\/v2\/users\/2"}],"replies":[{"embeddable":true,"href":"https:\/\/www.europesays.com\/fr\/wp-json\/wp\/v2\/comments?post=414061"}],"version-history":[{"count":0,"href":"https:\/\/www.europesays.com\/fr\/wp-json\/wp\/v2\/posts\/414061\/revisions"}],"wp:featuredmedia":[{"embeddable":true,"href":"https:\/\/www.europesays.com\/fr\/wp-json\/wp\/v2\/media\/414062"}],"wp:attachment":[{"href":"https:\/\/www.europesays.com\/fr\/wp-json\/wp\/v2\/media?parent=414061"}],"wp:term":[{"taxonomy":"category","embeddable":true,"href":"https:\/\/www.europesays.com\/fr\/wp-json\/wp\/v2\/categories?post=414061"},{"taxonomy":"post_tag","embeddable":true,"href":"https:\/\/www.europesays.com\/fr\/wp-json\/wp\/v2\/tags?post=414061"}],"curies":[{"name":"wp","href":"https:\/\/api.w.org\/{rel}","templated":true}]}}