{"id":414075,"date":"2025-09-24T13:41:11","date_gmt":"2025-09-24T13:41:11","guid":{"rendered":"https:\/\/www.europesays.com\/fr\/414075\/"},"modified":"2025-09-24T13:41:11","modified_gmt":"2025-09-24T13:41:11","slug":"xiaomi-15t-en-france-quand-et-comment-suivre-lannonce-en-direct-frandroid","status":"publish","type":"post","link":"https:\/\/www.europesays.com\/fr\/414075\/","title":{"rendered":"Xiaomi 15T en France : quand et comment suivre l\u2019annonce en direct &#8211; Frandroid"},"content":{"rendered":"<ol>\n<li><a href=\"https:\/\/news.google.com\/rss\/articles\/CBMiuwFBVV95cUxPaGxzcjRoRm9leFR2UFZZQUV1azY0dEU5VlhRTFgzRjdKLUFkMnV0Nkw0LVpZMFpxMEJfajlHNnRKUmF2aGF1eXQyQWpqWkpZLWdYRk5XMEM5R1B3bi14WDdKaC0yLU5XMjluSmtiS0YtNVFfQUEwaEE4TVFrWWhRck1EaTNUd2dzZjU0T3RUcnBOZUdqQS04VXdEUkc3S1duZlZqczBsVUJ0ZUFPX3FsQktRN3djWUh1dkEw?oc=5\" target=\"_blank\" rel=\"noopener\">Xiaomi 15T en France : quand et comment suivre l\u2019annonce en direct<\/a>&nbsp;&nbsp;Frandroid<\/li>\n<li><a href=\"https:\/\/news.google.com\/rss\/articles\/CBMipwJBVV95cUxOd1ZzZ1hpUWt1YjZPNUtoUHVUWFJackY4TkNLdWxubjdJV0dFRUV4dnRsM0c2YW5md3IzZF9HVmtpRGF5cmhwY0ZSNG1XcWs2ai1MeEpsTngyUzA1QzcwQnJ6eTlrR0hhUmptb2liVmJDX1p1UTgwejJOLWdpNXVTUC1sTWhyQTdXN2Vpcld1X1YzOXowbkx0TXJIbXdYZmt2QThRVWlhQ1JDS3lrekxscFJ5ektnWWhqb3FSOFRHTE42Ri1Ib0lfdnBqd1NTWU0yMEJBSy1uVkgzcktkajZnRmZOM2p4UDU5cVI1bUlEeFBXTldLcGFXVUpVOVE3UE9pbldGaFBjbTFqOERtLUpSUC1DSW95RTRTNmR3d25qWUhRRDJwZzJz?oc=5\" target=\"_blank\" rel=\"noopener\">Xiaomi 15T et 15T Pro, le g\u00e9ant chinois d\u00e9voile deux smartphones gigantesques pens\u00e9s pour la photo, gr\u00e2ce \u00e0 Leica, et d&rsquo;excellentes performances<\/a>&nbsp;&nbsp;BFMTV<\/li>\n<li><a href=\"https:\/\/news.google.com\/rss\/articles\/CBMitAFBVV95cUxOU2VKX2hEX1ZFbUlYX2NpV2VfZGx2QUVSN1dPa1FISE9kdURTYlFQMG1adFlFdWt4VTE5bFAwTXNFQXVzblNqaUIzUGJkRXpuR19qUUdJQ1UxX0xTeVdsdU5rS19KMndQOXM3RTNlZmRuaEZuU2Fka2F5eF80cmE3eW9oU3V1MWFHcjlpcFBvaE5Td2l0TUpXNFRXbTRpTmFGTTZvT1hidzE1U3VkTEp3OTkxMU4?oc=5\" target=\"_blank\" rel=\"noopener\">Tablette, montre, \u00e9lectrom\u00e9nager : le grand d\u00e9ballage de rentr\u00e9e de Xiaomi !<\/a>&nbsp;&nbsp;L&rsquo;\u00c9claireur Fnac<\/li>\n<li><a href=\"https:\/\/news.google.com\/rss\/articles\/CBMihwFBVV95cUxOLUxpN0x2a0dMN3RjTl93bWFSUHZNNWRVeGpaSjFlWXM5UDgtdVlKSUF1NXFRd1VjNEpDNHNCeG4tZXdWaWJiVDQ1LU1KQnZpemloMjlRVldfV2NxQldjb21sUlVMczN3dS1KTmRKZVFPajZsMU9ua2M3VUZSMm9MdUREYVRBR2M?oc=5\" target=\"_blank\" rel=\"noopener\">Test Xiaomi 15T Pro : un smartphone bien \u00e9quip\u00e9 \u00e0 l&rsquo;\u00e9cran ultra-lumineux<\/a>&nbsp;&nbsp;Les Num\u00e9riques<\/li>\n<li><a href=\"https:\/\/news.google.com\/rss\/articles\/CBMilAJBVV95cUxOZ1llS01UNldLOUxELTBGd1ZPUWVnZl9HdXFGaWZPZ01FbUJfNE5UcFU3UnZXUGhPVE41bnpleW1VcC1lSWRCeFBFUlNHdkZCRms3TW1UYW15c3p1ZTV4eWpTSmk4Tl9TZkFRTkxWVUR5bmFTOWd1WThpU3pKUWd2bzRRS1BWYmNTVXRqdWh3YzRDVjhCZ0JEM0pJeFE5aVFuYjlJTXo1RXlNb0pYbDViN0dHWC14TlhnUXFKeTc0b3VUbk5UZ09WMlVUekIwRUhnOXYzV1RrQ2hiWVh4YkVMdVhLOEh4dkNuYndZcmFoVmR3XzQ1elRYU0xVbkY4ZDFsNlhLLWl1NzlTZ2N6Y3BCN1RJSGY?oc=5\" target=\"_blank\" rel=\"noopener\">S\u00e9rie Xiaomi 15T : disponibles sur Orange avec une offre, les smartphones sont ultra puissants<\/a>&nbsp;&nbsp;Ouest-France<\/li>\n<\/ol>\n","protected":false},"excerpt":{"rendered":"Xiaomi 15T en France : quand et comment suivre l\u2019annonce en direct&nbsp;&nbsp;Frandroid Xiaomi 15T et 15T Pro, le&hellip;\n","protected":false},"author":2,"featured_media":414076,"comment_status":"","ping_status":"","sticky":false,"template":"","format":"standard","meta":{"footnotes":""},"categories":[7],"tags":[270,1011,27,43,40,41,39,42,44,54453,54454],"class_list":{"0":"post-414075","1":"post","2":"type-post","3":"status-publish","4":"format-standard","5":"has-post-thumbnail","7":"category-sciences-et-technologies","8":"tag-breaking","9":"tag-fr","10":"tag-france","11":"tag-science","12":"tag-science-and-technology","13":"tag-sciences","14":"tag-sciences-et-technologies","15":"tag-technologies","16":"tag-technology","17":"tag-xiaomi-15t","18":"tag-xiaomi-15t-pro"},"share_on_mastodon":{"url":"https:\/\/pubeurope.com\/@fr\/115259564666504433","error":""},"_links":{"self":[{"href":"https:\/\/www.europesays.com\/fr\/wp-json\/wp\/v2\/posts\/414075","targetHints":{"allow":["GET"]}}],"collection":[{"href":"https:\/\/www.europesays.com\/fr\/wp-json\/wp\/v2\/posts"}],"about":[{"href":"https:\/\/www.europesays.com\/fr\/wp-json\/wp\/v2\/types\/post"}],"author":[{"embeddable":true,"href":"https:\/\/www.europesays.com\/fr\/wp-json\/wp\/v2\/users\/2"}],"replies":[{"embeddable":true,"href":"https:\/\/www.europesays.com\/fr\/wp-json\/wp\/v2\/comments?post=414075"}],"version-history":[{"count":0,"href":"https:\/\/www.europesays.com\/fr\/wp-json\/wp\/v2\/posts\/414075\/revisions"}],"wp:featuredmedia":[{"embeddable":true,"href":"https:\/\/www.europesays.com\/fr\/wp-json\/wp\/v2\/media\/414076"}],"wp:attachment":[{"href":"https:\/\/www.europesays.com\/fr\/wp-json\/wp\/v2\/media?parent=414075"}],"wp:term":[{"taxonomy":"category","embeddable":true,"href":"https:\/\/www.europesays.com\/fr\/wp-json\/wp\/v2\/categories?post=414075"},{"taxonomy":"post_tag","embeddable":true,"href":"https:\/\/www.europesays.com\/fr\/wp-json\/wp\/v2\/tags?post=414075"}],"curies":[{"name":"wp","href":"https:\/\/api.w.org\/{rel}","templated":true}]}}