{"id":414080,"date":"2025-09-24T13:44:10","date_gmt":"2025-09-24T13:44:10","guid":{"rendered":"https:\/\/www.europesays.com\/fr\/414080\/"},"modified":"2025-09-24T13:44:10","modified_gmt":"2025-09-24T13:44:10","slug":"cedric-jubillar-repond-a-ses-enfants","status":"publish","type":"post","link":"https:\/\/www.europesays.com\/fr\/414080\/","title":{"rendered":"C\u00e9dric Jubillar r\u00e9pond \u00e0 ses enfants"},"content":{"rendered":"<p>            Par<br \/>\n        <strong><br \/>\n            <a href=\"https:\/\/actu.fr\/auteur\/mareva-laville-actu-fr\" title=\"Consulter tous les articles de Mar\u00e9va Laville\" target=\"_blank\" rel=\"noopener\">Mar\u00e9va Laville<\/a><br \/>\n        <\/strong><\/p>\n<p>        Publi\u00e9 le<\/p>\n<p>            24 sept. 2025 \u00e0 13h21        <\/p>\n<p>Petit souffle d\u2019humanit\u00e9 entre les r\u00e9cits techniques. Ce mercredi 24\u00a0septembre 2025, pour la troisi\u00e8me journ\u00e9e d\u2019audience du<strong><a href=\"https:\/\/actu.fr\/tag\/affaire-delphine-jubillar\" target=\"_blank\" rel=\"noopener\"> proc\u00e8s Jubillar<\/a> aux assises d\u2019Albi (Tarn)<\/strong>, la pr\u00e9sidente du tribunal a donn\u00e9 la parole, inattendue, \u00e0 <strong>C\u00e9dric Jubillar, l\u2019accus\u00e9<\/strong> de ce proc\u00e8s. \u00ab\u00a0Souhaitez-vous r\u00e9agir \u00e0 la d\u00e9position de l\u2019administratrice ad hoc\u2009?\u00a0\u00bb \u2013 la veille, elle a port\u00e9 le t\u00e9moignage des enfants du couple Jubillar, Louis et Elyah.<\/p>\n<p class=\" wall-content\">L\u2019accus\u00e9 acquiesce, et r\u00e9pond dans la foul\u00e9e.<\/p>\n<p>\u00ab\u2009Je n\u2019ai pas tu\u00e9 Delphine\u2009\u00bb<\/p>\n<blockquote class=\"ac-article-quote wall-content\">\n<p>Je ne comprends pas la position qu\u2019ils puissent avoir sachant que je n\u2019ai pas tu\u00e9 Delphine.<\/p>\n<p>    <strong>C\u00e9dric Jubillar<\/strong><br \/>\n        accus\u00e9 du meurtre de sa femme    <\/p><\/blockquote>\n<p class=\" wall-content\">Il poursuit, d\u2019une voix pein\u00e9e. \u00ab\u2009Et le fait [l\u2019administratrice ad hoc] de me regarder dans les yeux, et de me dire que ma fille me demande si sa maman est vivante\u2026<strong> Je me sens concern\u00e9 et discrimin\u00e9\u2009\u00bb,<\/strong> ajoute le p\u00e8re d\u2019Elyah et Louis.<\/p>\n<p>Le t\u00e9moignage poignant des enfants<\/p>\n<p class=\" wall-content\">Hier, l\u2019administratrice ad hoc mandat\u00e9e par les juges et repr\u00e9sent\u00e9e par les deux avocats des enfants Mes Laurent Boguet et Malika Chmani, a donn\u00e9 <a href=\"https:\/\/actu.fr\/occitanie\/albi_81004\/proces-jubillar-jour-2-defense-combative-temoins-cles-parole-des-enfants-ce-qu-il-faut-retenir_63202072.html\" target=\"_blank\" rel=\"noopener\">des nouvelles de celui qui avait 6\u00a0ans lors de la disparition de sa m\u00e8re, et de celle qui avait alors 18\u00a0mois.<\/a> Aujourd\u2019hui, Louis a 11\u00a0ans et a fait sa rentr\u00e9e en 6e. Il est plut\u00f4t taiseux et joue au rugby. Elyah, plus spontan\u00e9e, a 6\u00a0ans, fait de la danse.<\/p>\n<p class=\" wall-content\">\u00ab\u2009Ils se portent bien\u2009\u00bb, r\u00e9sumait-elle, mais sont \u00ab\u00a0marqu\u00e9s par l\u2019absence de leur m\u00e8re\u00a0\u00bb. La petite pr\u00e9sente notamment des probl\u00e8mes d\u2019endormissements et fait usage d\u2019une baguette magique pour tenter de \u00ab\u2009faire revenir sa maman et ne pas l\u2019oublier\u2009\u00bb. Louis, quant \u00e0 lui, serait convaincu que sa m\u00e8re est au ciel et \u00ab\u2009que son papa est responsable\u2009\u00bb.<\/p>\n<p>Vid\u00e9os : en ce moment sur Actu\u00ab\u2009J\u2019ai peu \u00e9crit\u2009\u00bb, confesse C\u00e9dric<\/p>\n<p class=\" wall-content\">Un <strong>t\u00e9moignage lourd<\/strong> \u00e0 entendre pour celui qui clame depuis le d\u00e9but de l\u2019affaire son innocence. Pour rappel, depuis la fameuse nuit du 15 au 16\u00a0d\u00e9cembre 2020, le corps de Delphine Jubillar n\u2019a pas \u00e9t\u00e9 retrouv\u00e9, et le dossier ne mentionne<strong> aucun aveu ni sc\u00e8ne de crime<\/strong>. Alors comment le jeune Louis \u2013 victime de maltraitances dans son enfance \u2013 peut-il porter d\u00e9j\u00e0 cet avis\u2009?<\/p>\n<p>Votre r\u00e9gion, votre actu !<\/p>\n<p>Recevez chaque jour les infos qui comptent pour vous.<\/p>\n<p>\t<a href=\"https:\/\/actu.fr\/newsletter\" class=\"ac-btn ac-btn--corner ac-btn--medium ac-btn--blue800\" target=\"_blank\" rel=\"noopener\">S&rsquo;incrire<\/a><\/p>\n<p class=\" wall-content\">\u00ab\u2009Je pense que \u00e7a peut participer \u00e0 la col\u00e8re, le fait que j\u2019ai peu \u00e9crit\u2009\u00bb, marmonne C\u00e9dric Jubillar. Qu\u2019il n\u2019a peut-\u00eatre pas pris suffisamment de nouvelles\u2026<\/p>\n<p>Une dizaine de courriers en quatre ans et demi<\/p>\n<p class=\" wall-content\">\u00ab\u2009Louis faisait le souhait de venir vous voir. Vous vous rappelez avoir \u00e9t\u00e9 d\u2019accord\u2009? Pourquoi n\u2019a-t-on pas r\u00e9ussi \u00e0 faire ces visites m\u00e9diatis\u00e9es\u2009?\u2009\u00bb, questionne<strong> Me Malika Chmani, avocate de Louis et Elyah.<\/strong> \u00ab\u2009Parce que je n\u2019ai pas \u00e9crit. J\u2019ai fait les courriers, je voulais \u00e9crire \u00e0 mes enfants\u2009\u00bb, r\u00e9pond le p\u00e8re des deux enfants. Mais comme il l\u2019a mentionn\u00e9 <a href=\"https:\/\/actu.fr\/occitanie\/albi_81004\/direct-proces-jubillar-lancement-de-quatre-semaines-d-audience-pour-le-meurtre-de-delphine-jubillar_63191454.html\" target=\"_blank\" rel=\"noopener\">au d\u00e9but du proc\u00e8s, \u00ab\u2009il a baiss\u00e9 les bras\u2009\u00bb.<\/a><\/p>\n<p class=\" wall-content\">\u201cMon dernier courrier est dat\u00e9 du 28\u00a0juillet. \u00c7a fait deux mois et il n\u2019a toujours pas \u00e9t\u00e9 transmis. Le temps que j\u2019envoie le courrier et r\u00e9ception, il se passe 3-4\u00a0mois\u00a0\u00bb, t\u00e9moigne-t-il, en clignant de nombreuses fois les yeux. Depuis quatre ans et demi, soit la dur\u00e9e de son <strong>incarc\u00e9ration<\/strong>, il a envoy\u00e9 une <strong>dizaine de courriers,<\/strong> dans lesquels il lui est interdit de parler de la disparition de Delphine, sauf cette derni\u00e8re ann\u00e9e.<\/p>\n<p class=\" wall-content\">Il a re\u00e7u, quant \u00e0 lui, <strong>un seul courrier et deux dessins<\/strong> de ses enfants.<\/p>\n<p>\u00ab\u2009J\u2019avais des nouvelles par Jennyfer, du coup, je n\u2019en prenais pas\u2009\u00bb<\/p>\n<p class=\" wall-content\">En r\u00e9alit\u00e9, il se contente plut\u00f4t des nouvelles qu\u2019il parvenait \u00e0 obtenir via son ex-compagne, la derni\u00e8re en date, Jennyfer.<\/p>\n<blockquote class=\"ac-article-quote wall-content\">\n<p>Lorsque ma m\u00e8re avait les enfants, elle conviait Jennyfer et j\u2019avais des photos.<\/p>\n<p>    <strong>C\u00e9dric Jubillar<\/strong><br \/>\n        accus\u00e9 du meurtre de Delphine    <\/p><\/blockquote>\n<p class=\" wall-content\">Et lorsqu\u2019elle lui rendait visite, r\u00e9guli\u00e8rement avant la rupture,<strong> \u00ab\u00a0j\u2019avais des nouvelles par Jennyfer, du coup, je n\u2019en prenais pas<\/strong> [aupr\u00e8s de ses enfants]\u00a0\u00bb. Le p\u00e8re de Louis et Elyah dit avoir fait des d\u00e9marches lorsqu\u2019il \u00e9tait au service m\u00e9dical et social de la prison, pour voir ses enfants \u00ab\u00a0en visio\u00a0\u00bb plut\u00f4t qu\u2019en prison, \u00ab\u00a0mais d\u00e8s que je retourne au quartier d\u2019isolement, c\u2019est difficile qu\u2019elle [l\u2019assistance \u00e9ducative en milieu ouvert] vienne\u00a0\u00bb.\u00a0<\/p>\n<p class=\" wall-content\">Sauf qu\u2019un an, \u00ab\u2009c\u2019est long\u2009\u00bb, termine Me Malika Chmani.<\/p>\n<p class=\" wall-content\">Personnalisez votre actualit\u00e9 en ajoutant vos villes et m\u00e9dias en favori avec <a href=\"https:\/\/moncompte.actu.fr\" title=\"D\u00e9couvez Mon Actu\" rel=\"nofollow noopener\" data-trk=\"{&quot;cta&quot;:{&quot;action&quot;:&quot;https:\\\/\\\/moncompte.actu.fr&quot;,&quot;category&quot;:&quot;mon compte&quot;,&quot;from&quot;:&quot;article footer&quot;,&quot;name&quot;:&quot;Mon actu&quot;,&quot;type&quot;:&quot;cta&quot;}}\" target=\"_blank\">Mon Actu<\/a>.<\/p>\n","protected":false},"excerpt":{"rendered":"Par Mar\u00e9va Laville Publi\u00e9 le 24 sept. 2025 \u00e0 13h21 Petit souffle d\u2019humanit\u00e9 entre les r\u00e9cits techniques. Ce&hellip;\n","protected":false},"author":2,"featured_media":414081,"comment_status":"","ping_status":"","sticky":false,"template":"","format":"standard","meta":{"footnotes":""},"categories":[4],"tags":[11,38151,118,1011,27,303,12,25],"class_list":{"0":"post-414080","1":"post","2":"type-post","3":"status-publish","4":"format-standard","5":"has-post-thumbnail","7":"category-france","8":"tag-actualites","9":"tag-affaire-delphine-jubillar","10":"tag-faits-divers","11":"tag-fr","12":"tag-france","13":"tag-justice","14":"tag-news","15":"tag-republique-francaise"},"share_on_mastodon":{"url":"https:\/\/pubeurope.com\/@fr\/115259576391015641","error":""},"_links":{"self":[{"href":"https:\/\/www.europesays.com\/fr\/wp-json\/wp\/v2\/posts\/414080","targetHints":{"allow":["GET"]}}],"collection":[{"href":"https:\/\/www.europesays.com\/fr\/wp-json\/wp\/v2\/posts"}],"about":[{"href":"https:\/\/www.europesays.com\/fr\/wp-json\/wp\/v2\/types\/post"}],"author":[{"embeddable":true,"href":"https:\/\/www.europesays.com\/fr\/wp-json\/wp\/v2\/users\/2"}],"replies":[{"embeddable":true,"href":"https:\/\/www.europesays.com\/fr\/wp-json\/wp\/v2\/comments?post=414080"}],"version-history":[{"count":0,"href":"https:\/\/www.europesays.com\/fr\/wp-json\/wp\/v2\/posts\/414080\/revisions"}],"wp:featuredmedia":[{"embeddable":true,"href":"https:\/\/www.europesays.com\/fr\/wp-json\/wp\/v2\/media\/414081"}],"wp:attachment":[{"href":"https:\/\/www.europesays.com\/fr\/wp-json\/wp\/v2\/media?parent=414080"}],"wp:term":[{"taxonomy":"category","embeddable":true,"href":"https:\/\/www.europesays.com\/fr\/wp-json\/wp\/v2\/categories?post=414080"},{"taxonomy":"post_tag","embeddable":true,"href":"https:\/\/www.europesays.com\/fr\/wp-json\/wp\/v2\/tags?post=414080"}],"curies":[{"name":"wp","href":"https:\/\/api.w.org\/{rel}","templated":true}]}}