{"id":414084,"date":"2025-09-24T13:46:11","date_gmt":"2025-09-24T13:46:11","guid":{"rendered":"https:\/\/www.europesays.com\/fr\/414084\/"},"modified":"2025-09-24T13:46:11","modified_gmt":"2025-09-24T13:46:11","slug":"saint-etienne-sans-permis-il-est-controle-par-la-police-en-exces-de-vitesse","status":"publish","type":"post","link":"https:\/\/www.europesays.com\/fr\/414084\/","title":{"rendered":"Saint-\u00c9tienne : sans permis, il est contr\u00f4l\u00e9 par la police en exc\u00e8s de vitesse"},"content":{"rendered":"<p>Mardi 23 septembre, un automobiliste roulait sans permis de conduire et en exc\u00e8s de vitesse dans le quartier de Monthieu, \u00e0 Saint-\u00c9tienne. Il a \u00e9t\u00e9 interpell\u00e9 et plac\u00e9 en garde \u00e0 vue.<\/p>\n<p>Les faits se sont d\u00e9roul\u00e9s au niveau du\u00a0rond-point Antoine-Pinay. Mardi 23 septembre, au cours d&rsquo;une op\u00e9ration de police de la Brigade motoris\u00e9e de Saint-\u00c9tienne, <b>un conducteur de 26 ans a \u00e9t\u00e9 contr\u00f4l\u00e9 en exc\u00e8s de vitesse<\/b>.<\/p>\n<p>Il roulait trop vite et sans permis de conduire<\/p>\n<p>L&rsquo;automobiliste circulait <b>\u00e0 79 km\/h<\/b> au lieu de la vitesse limite de 50 km\/h. Au cours du contr\u00f4le, les forces de l&rsquo;ordre ont d\u00e9couvert que <b>le jeune homme n&rsquo;avait pas de permis de conduire valide<\/b>.<\/p>\n<p>Selon <a class=\"url\" href=\"https:\/\/www.leprogres.fr\/faits-divers-justice\/2025\/09\/24\/controle-en-en-exces-de-vitesse-l-automobiliste-roulait-sans-permis-de-conduire\" target=\"_blank\" rel=\"noopener\">Le Progr\u00e8s<\/a>, il aurait \u00e9galement refus\u00e9 la priorit\u00e9 \u00e0 des pi\u00e9tons avant le rond-point.<\/p>\n<p>Interpell\u00e9 et plac\u00e9 en garde \u00e0 vue, il compara\u00eetra devant la justice dans les prochaines semaines pour conduite sans permis en r\u00e9cidive.<\/p>\n<p><img loading=\"lazy\" decoding=\"async\" src=\"https:\/\/www.europesays.com\/fr\/wp-content\/uploads\/2025\/09\/1758721571_91_img\" width=\"350\" height=\"200\" border=\"0\" title=\"Un p\u00c3\u00a8re de famille interpell\u00c3\u00a9 ivre au volant par les gendarmes \u00c3\u00a0 Riorges\"\/><\/p>\n<p>\u25baFaits divers<\/p>\n<p style=\"font-size: 22px;\"><b>Loire : il va chercher sa fille en voiture avec 3g d&rsquo;alcool dans le sang<\/b><\/p>\n<p>Ce week-end, un homme de 59 ans a \u00e9t\u00e9 interpell\u00e9&#8230;<\/p>\n<p><\/p>\n","protected":false},"excerpt":{"rendered":"Mardi 23 septembre, un automobiliste roulait sans permis de conduire et en exc\u00e8s de vitesse dans le quartier&hellip;\n","protected":false},"author":2,"featured_media":414085,"comment_status":"","ping_status":"","sticky":false,"template":"","format":"standard","meta":{"footnotes":""},"categories":[9653],"tags":[1111,11,2430,1777,674,20531,6017,1011,27,3367,12,1072,25,9920,4001],"class_list":{"0":"post-414084","1":"post","2":"type-post","3":"status-publish","4":"format-standard","5":"has-post-thumbnail","7":"category-saint-etienne","8":"tag-actu","9":"tag-actualites","10":"tag-auvergne-rhone-alpes","11":"tag-eu","12":"tag-europe","13":"tag-excs-de-vitesse","14":"tag-fait-divers","15":"tag-fr","16":"tag-france","17":"tag-loire","18":"tag-news","19":"tag-police","20":"tag-republique-francaise","21":"tag-saint-tienne","22":"tag-saint-etienne"},"share_on_mastodon":{"url":"https:\/\/pubeurope.com\/@fr\/115259584854669727","error":""},"_links":{"self":[{"href":"https:\/\/www.europesays.com\/fr\/wp-json\/wp\/v2\/posts\/414084","targetHints":{"allow":["GET"]}}],"collection":[{"href":"https:\/\/www.europesays.com\/fr\/wp-json\/wp\/v2\/posts"}],"about":[{"href":"https:\/\/www.europesays.com\/fr\/wp-json\/wp\/v2\/types\/post"}],"author":[{"embeddable":true,"href":"https:\/\/www.europesays.com\/fr\/wp-json\/wp\/v2\/users\/2"}],"replies":[{"embeddable":true,"href":"https:\/\/www.europesays.com\/fr\/wp-json\/wp\/v2\/comments?post=414084"}],"version-history":[{"count":0,"href":"https:\/\/www.europesays.com\/fr\/wp-json\/wp\/v2\/posts\/414084\/revisions"}],"wp:featuredmedia":[{"embeddable":true,"href":"https:\/\/www.europesays.com\/fr\/wp-json\/wp\/v2\/media\/414085"}],"wp:attachment":[{"href":"https:\/\/www.europesays.com\/fr\/wp-json\/wp\/v2\/media?parent=414084"}],"wp:term":[{"taxonomy":"category","embeddable":true,"href":"https:\/\/www.europesays.com\/fr\/wp-json\/wp\/v2\/categories?post=414084"},{"taxonomy":"post_tag","embeddable":true,"href":"https:\/\/www.europesays.com\/fr\/wp-json\/wp\/v2\/tags?post=414084"}],"curies":[{"name":"wp","href":"https:\/\/api.w.org\/{rel}","templated":true}]}}