{"id":414107,"date":"2025-09-24T13:58:13","date_gmt":"2025-09-24T13:58:13","guid":{"rendered":"https:\/\/www.europesays.com\/fr\/414107\/"},"modified":"2025-09-24T13:58:13","modified_gmt":"2025-09-24T13:58:13","slug":"neo-va-revolutionner-la-conduite-des-elevages-laitiers","status":"publish","type":"post","link":"https:\/\/www.europesays.com\/fr\/414107\/","title":{"rendered":"N\u00e9o va r\u00e9volutionner la conduite des \u00e9levages laitiers"},"content":{"rendered":"<p>            Par<br \/>\n        <strong><br \/>\n            <a href=\"https:\/\/actu.fr\/auteur\/jp-massieu\" title=\"Consulter tous les articles de Jean-Philippe Massieu\" target=\"_blank\" rel=\"noopener\">Jean-Philippe Massieu<\/a><br \/>\n        <\/strong><\/p>\n<p>        Publi\u00e9 le<\/p>\n<p>            24 sept. 2025 \u00e0 13h44        <\/p>\n<p>Capteurs, intelligence artificielle, hotline\u2009: N\u00e9o va<b> r\u00e9volutionner <\/b>la <b>conduite <\/b>des <b>\u00e9levages laitiers<\/b>. Ce service a \u00e9t\u00e9 pr\u00e9sent\u00e9 le <b>jeudi 18\u00a0septembre 2025<\/b>, au <a href=\"https:\/\/actu.fr\/tag\/space-rennes\" target=\"_blank\" rel=\"noopener\">Space, \u00e0 Rennes<\/a>, par la <a href=\"https:\/\/www.innoval.com\/\" target=\"_blank\" rel=\"noopener\">coop\u00e9rative Innoval<\/a>.<\/p>\n<p class=\" wall-content\">Lors de la fondation d\u2019Innoval par la fusion de plusieurs coop\u00e9ratives il y a quatre ans et demi, \u00ab\u2009la demande de nos paires \u00e9tait d\u2019aller vers <b>plus d\u2019innovation\u2009<\/b>\u00bb, entame Gilles Le Floch, \u00ab\u2009<b>\u00e9leveur laitier<\/b> entre Foug\u00e8res et Saint-James\u2009\u00bb et <b>vice-pr\u00e9sident <\/b>de la coop\u00e9rative Innoval.<\/p>\n<p>\u00ab\u2009Une nouvelle \u00e8re qui arrive\u2009\u00bb<\/p>\n<p class=\" wall-content\">\u00ab\u2009Par les <b>\u00e9tudes men\u00e9es<\/b> aupr\u00e8s de nos \u00e9leveurs, ils nous disent qu\u2019ils ont <b>besoin de solutions<\/b> pour apporter de la s\u00e9r\u00e9nit\u00e9, de la simplicit\u00e9, du revenu.\u2009\u00bb<\/p>\n<p class=\" wall-content\">Avec l\u2019arriv\u00e9e de <a href=\"https:\/\/www.innoval.com\/neo-solution-monitoring\" target=\"_blank\" rel=\"noopener\">N\u00e9o<\/a>, \u00ab\u2009c\u2019est une nouvelle \u00e8re qui arrive dans les \u00e9levages\u2009\u00bb, assure Gilles Le Floch.<\/p>\n<blockquote class=\"ac-article-quote wall-content\">\n<p>L\u2019objectif est de r\u00e9pondre aux nouveaux besoins des \u00e9leveurs. C\u2019est une nouvelle \u00e8re qui arrive dans les \u00e9levages.<\/p>\n<p>Gilles Le Floch, vice-pr\u00e9sident de la coop\u00e9rative Innoval<\/p><\/blockquote>\n<p class=\" wall-content\">\u00ab\u2009C\u2019est le fruit d\u2019un travail d\u2019innovation qui a \u00e9t\u00e9 men\u00e9 depuis trois ans en associant <b>vingt fermes pilotes<\/b>\u2009\u00bb, retrace Martial Busuttil, <b>directeur <\/b>de la <b>vie coop\u00e9rative<\/b> et de la <b>communication<\/b>.<\/p>\n<p class=\" wall-content\">\u00ab\u2009Aujourd\u2019hui, on bascule d\u2019Innoval 4.0 \u00e0 N\u00e9o. On a mis des <b>groupes de travail<\/b> en place pour des remont\u00e9es de terrain. La volont\u00e9 \u00e9tait d\u2019optimiser la <b>main-d\u2019\u0153uvre<\/b> et le <b>temps de travail<\/b>\u2009\u00bb, poursuit St\u00e9phane Saill\u00e9 (directeur innovation du groupe Innoval).<\/p>\n<p class=\" wall-content\">\u00ab\u2009La deuxi\u00e8me chose \u00e9tait de diminuer ou mieux ma\u00eetriser la <b>charge mentale<\/b>. La troisi\u00e8me chose est qu\u2019il y a \u00e9norm\u00e9ment de donn\u00e9es. Il fallait produire des indicateurs de synth\u00e8se avec un point essentiel\u2009: faire du pr\u00e9dictif pour anticiper des <b>\u00e9v\u00e9nements sant\u00e9 <\/b>des <b>vaches<\/b>.\u2009\u00bb<\/p>\n<p>Votre r\u00e9gion, votre actu !<\/p>\n<p>Recevez chaque jour les infos qui comptent pour vous.<\/p>\n<p>\t<a href=\"https:\/\/actu.fr\/newsletter\" class=\"ac-btn ac-btn--corner ac-btn--medium ac-btn--blue800\" target=\"_blank\" rel=\"noopener\">S&rsquo;incrire<\/a><\/p>\n<p class=\" wall-content\">\u00ab\u2009On a cr\u00e9\u00e9 le r\u00e9seau de fermes pilotes en <b>2023 <\/b>avec une vingtaine d\u2019\u00e9leveurs innovateurs\u2009\u00bb, d\u2019un <b>syst\u00e8me bio toute herbe<\/b> avec 50 vaches \u00e0 une ferme avec 300 vaches restant en <b>b\u00e2timent<\/b>.<\/p>\n<p class=\" wall-content\">\u00ab\u2009On les sollicite \u00e9norm\u00e9ment et j\u2019en profite pour les remercier. Les capteurs qu\u2019on a test\u00e9s partent du monitoring de la vache\u2009\u00bb, d\u00e9sormais classiques (d\u00e9tecteurs de rumination, de chaleur, de v\u00ealage) auxquels ont \u00e9t\u00e9 ajout\u00e9s des \u00ab\u2009<b>capteurs b\u00e2timent et ensilage<\/b>\u2009\u00bb.<\/p>\n<p class=\" wall-content\">L\u2019exp\u00e9rience de ces \u00e9leveurs, des \u00e9quipes d\u2019Innoval et l\u2019<b>intelligence artificielle<\/b> qui permet d\u2019analyser des<b> quantit\u00e9s de donn\u00e9es<\/b> ont permis la mise au point de N\u00e9o.<\/p>\n<p>Deux fermes pilotes manchoises<\/p>\n<p>Parmi les vingt fermes pilotes, deux sont de la Manche : le Gaec de Montibi, \u00e0 Benoistville, et l&rsquo;EARL La Champagne, \u00e0 Bacilly. \u00ab Nous avons contribu\u00e9 \u00e0 d\u00e9finir ce qui manquait sur nos exploitations, comme le suivi de l&rsquo;abreuvement. Avant, on voyait si les abreuvoirs \u00e9taient pleins mais on ne savait pas si les vaches buvaient assez. Ces capteurs permettent d&rsquo;anticiper, surtout en p\u00e9riode de stress thermique. C&rsquo;est une vraie avanc\u00e9e, parce que \u00e7a compl\u00e8te notre regard d&rsquo;\u00e9leveur&#8230; mais en continu, 24 heures sur 24 \u00bb, t\u00e9moigne Hubert Leriche, co-g\u00e9rant du Gaec de Montibi, dans la plaquette de communication.<\/p>\n<p class=\" wall-content\">Ce <b>syst\u00e8me \u00e0 360\u00b0 <\/b>fonctionne avec un bo\u00eetier antenne, N\u00e9o connect, connect\u00e9 aux colliers classiques des vaches mais aussi \u00e0 des cam\u00e9ras, \u00e0 des capteurs de temp\u00e9rature et hygrom\u00e9trie, \u00e0 des capteurs de CO2 et de NH3, et \u00e9galement \u00e0 des compteurs sur les abreuvoirs.<\/p>\n<p>Qualit\u00e9 de l\u2019air, temps de couchage, abreuvement<\/p>\n<p class=\" wall-content\">D\u00e8s lors, \u00ab\u2009c\u2019est une <b>offre compl\u00e8te<\/b> de monitoring. N\u00e9o s\u2019\u00e9tend \u00e0 <b>l\u2019ensemble de l\u2019exploitation<\/b>, y compris sur <b>l\u2019environnement <\/b>par la qualit\u00e9 de l\u2019ambiance b\u00e2timent qui est r\u00e9pandu en \u00e9levage hors-sol mais peu utilis\u00e9 en <b>bovins\u2009<\/b>\u00bb, explique Matthieu Marteau, responsable des <b>solutions num\u00e9riques<\/b> chez Innoval.<\/p>\n<blockquote class=\"ac-article-quote wall-content\">\n<p>C\u2019est aussi piloter l\u2019abreuvement qui est en lien direct avec la bonne sant\u00e9 du troupeau.<\/p>\n<p>Matthieu Marteau, responsable des solutions num\u00e9riques chez Innoval<\/p><\/blockquote>\n<p class=\" wall-content\"><b>L\u2019abreuvement <\/b>est une<b> nouvelle pr\u00e9occupation<\/b> en \u00e9levage bovin dont d\u2019autres <b>organismes de conseil<\/b> se sont empar\u00e9s\u2009: \u00ab\u2009On s\u2019est rendu compte dans les vingt fermes pilotes que la<b> consommation d\u2019eau<\/b> n\u2019est pas toujours optimale. Ce sont des <b>litres de lait<\/b> en moins, et donc du<b> revenu en moins<\/b> pour l\u2019\u00e9leveur.\u2009\u00bb<\/p>\n<p class=\" wall-content\">N\u00e9o est capable de <b>localiser les fuites <\/b>d\u2019eau qui, elles aussi, peuvent \u00eatre sources de <b>pertes \u00e9conomiques importantes<\/b>.<\/p>\n<blockquote class=\"ac-article-quote wall-content\">\n<p>Avant, on regardait dans le r\u00e9tro, maintenant on est dans l\u2019anticipation.<\/p>\n<p>Matthieu Marteau, responsable des solutions num\u00e9riques chez Innoval<\/p><\/blockquote>\n<p class=\" wall-content\">N\u00e9o permet aussi d\u2019anticiper les p\u00e9riodes de <b>stress thermique<\/b> et d\u2019amoindrir les pertes de production qui peuvent aussi \u00eatre induites par la<b> qualit\u00e9 de l\u2019air <\/b>dans le b\u00e2timent.<\/p>\n<p class=\" wall-content\">Si les vaches se concentrent dans une partie, elles risquent de passer moins de temps couch\u00e9es. Or, \u00ab\u2009deux heures de couchage en moins, c\u2019est 1,5\u00a0kg de lait en moins\u2009\u00bb. C\u2019est aussi un risque de mammites.<\/p>\n<p class=\" wall-content\">Ce n\u2019est pas tout, N\u00e9o peut aussi permettre de suivre le<b> stock fourrager<\/b> des <b>silos de ma\u00efs<\/b>. \u00ab\u2009On travaille aussi sur l\u2019herbe, bio masse disponible et qualit\u00e9, mais c\u2019est plus compliqu\u00e9 que sur le ma\u00efs.\u2009\u00bb<\/p>\n<p>Une hotline en accompagnement<\/p>\n<p class=\" wall-content\">Une autre r\u00e9volution de ce service est que les \u00e9leveurs pourront appeler une hotline 5\u00a0jours sur 7 pour, s\u2019ils le souhaitent, savoir <b>comment agir <\/b>si un ou des indicateurs d\u00e9vie (nt).<\/p>\n<p class=\" wall-content\">La hotline d\u2019Innoval sera compos\u00e9e d\u2019une <b>\u00e9quipe d\u2019experts<\/b> qui \u00ab\u2009pourrait aller facilement de 10 \u00e0 20\u00a0personnes. La ressource est d\u00e9j\u00e0 pr\u00e9sente chez nous\u2009\u00bb. Le <b>co\u00fbt <\/b>est de <b>6,50\u00a0\u20ac<\/b> par vache par mois, maintenance incluse.<\/p>\n<p class=\" wall-content\">Personnalisez votre actualit\u00e9 en ajoutant vos villes et m\u00e9dias en favori avec <a href=\"https:\/\/moncompte.actu.fr\" title=\"D\u00e9couvez Mon Actu\" rel=\"nofollow noopener\" data-trk=\"{&quot;cta&quot;:{&quot;action&quot;:&quot;https:\\\/\\\/moncompte.actu.fr&quot;,&quot;category&quot;:&quot;mon compte&quot;,&quot;from&quot;:&quot;article footer&quot;,&quot;name&quot;:&quot;Mon actu&quot;,&quot;type&quot;:&quot;cta&quot;}}\" target=\"_blank\">Mon Actu<\/a>.<\/p>\n","protected":false},"excerpt":{"rendered":"Par Jean-Philippe Massieu Publi\u00e9 le 24 sept. 2025 \u00e0 13h44 Capteurs, intelligence artificielle, hotline\u2009: N\u00e9o va r\u00e9volutionner la&hellip;\n","protected":false},"author":2,"featured_media":414108,"comment_status":"","ping_status":"","sticky":false,"template":"","format":"standard","meta":{"footnotes":""},"categories":[2821],"tags":[1111,11,327,829,1777,674,1011,27,5701,12,584,25,2631,49243],"class_list":{"0":"post-414107","1":"post","2":"type-post","3":"status-publish","4":"format-standard","5":"has-post-thumbnail","7":"category-rennes","8":"tag-actu","9":"tag-actualites","10":"tag-agriculture","11":"tag-bretagne","12":"tag-eu","13":"tag-europe","14":"tag-fr","15":"tag-france","16":"tag-innovation","17":"tag-news","18":"tag-rennes","19":"tag-republique-francaise","20":"tag-sciences-technologie","21":"tag-space-rennes"},"share_on_mastodon":{"url":"https:\/\/pubeurope.com\/@fr\/115259631472443020","error":""},"_links":{"self":[{"href":"https:\/\/www.europesays.com\/fr\/wp-json\/wp\/v2\/posts\/414107","targetHints":{"allow":["GET"]}}],"collection":[{"href":"https:\/\/www.europesays.com\/fr\/wp-json\/wp\/v2\/posts"}],"about":[{"href":"https:\/\/www.europesays.com\/fr\/wp-json\/wp\/v2\/types\/post"}],"author":[{"embeddable":true,"href":"https:\/\/www.europesays.com\/fr\/wp-json\/wp\/v2\/users\/2"}],"replies":[{"embeddable":true,"href":"https:\/\/www.europesays.com\/fr\/wp-json\/wp\/v2\/comments?post=414107"}],"version-history":[{"count":0,"href":"https:\/\/www.europesays.com\/fr\/wp-json\/wp\/v2\/posts\/414107\/revisions"}],"wp:featuredmedia":[{"embeddable":true,"href":"https:\/\/www.europesays.com\/fr\/wp-json\/wp\/v2\/media\/414108"}],"wp:attachment":[{"href":"https:\/\/www.europesays.com\/fr\/wp-json\/wp\/v2\/media?parent=414107"}],"wp:term":[{"taxonomy":"category","embeddable":true,"href":"https:\/\/www.europesays.com\/fr\/wp-json\/wp\/v2\/categories?post=414107"},{"taxonomy":"post_tag","embeddable":true,"href":"https:\/\/www.europesays.com\/fr\/wp-json\/wp\/v2\/tags?post=414107"}],"curies":[{"name":"wp","href":"https:\/\/api.w.org\/{rel}","templated":true}]}}