{"id":414111,"date":"2025-09-24T14:00:14","date_gmt":"2025-09-24T14:00:14","guid":{"rendered":"https:\/\/www.europesays.com\/fr\/414111\/"},"modified":"2025-09-24T14:00:14","modified_gmt":"2025-09-24T14:00:14","slug":"bischheim-trois-jardins-pedagogiques-et-familiaux-mis-a-disposition-des-eleves","status":"publish","type":"post","link":"https:\/\/www.europesays.com\/fr\/414111\/","title":{"rendered":"Bischheim. Trois jardins p\u00e9dagogiques et familiaux mis \u00e0 disposition des \u00e9l\u00e8ves"},"content":{"rendered":"<p>\u00ab\u00a0Celui-l\u00e0, il est super dur\u00a0!\u00a0\u00bb s\u2019exclame une jeune fille, en d\u00e9terrant un oignon du potager du jardin p\u00e9dagogique. Autour d\u2019elle, ses petits camarades s\u2019agitent avec vigueur, des haricots, des tomates ou des oignons \u00e0 la main\u00a0: ce mardi 16\u00a0septembre, c\u2019est l\u2019heure de la r\u00e9colte pour les \u00e9l\u00e8ves de la grande section de l\u2019\u00e9cole des Prunelliers, \u00e0 Bischheim\u2026 Et leurs parents. Ouafae accompagne sa fille Basma, 5 ans, dans cette activit\u00e9 matinale. \u00ab\u00a0Je peux expliquer \u00e0 ma fille \u00e0 quel point ces aliments sont bons pour la sant\u00e9\u00a0\u00bb, appr\u00e9cie-t-elle.<\/p>\n<p>Des jardins \u00ab\u00a0pr\u00e9curseurs\u00a0\u00bb<\/p>\n<p>Depuis 2014, la soci\u00e9t\u00e9 des jardins familiaux de Bischheim (SJFB) met ainsi \u00e0 disposition ce \u00ab\u00a0jardin p\u00e9dagogique\u00a0\u00bb situ\u00e9&#8230;<\/p>\n","protected":false},"excerpt":{"rendered":"\u00ab\u00a0Celui-l\u00e0, il est super dur\u00a0!\u00a0\u00bb s\u2019exclame une jeune fille, en d\u00e9terrant un oignon du potager du jardin p\u00e9dagogique.&hellip;\n","protected":false},"author":2,"featured_media":414112,"comment_status":"","ping_status":"","sticky":false,"template":"","format":"standard","meta":{"footnotes":""},"categories":[2820],"tags":[1111,11,13205,2880,1057,436,1777,674,107,1011,27,775,3354,15108,10425,12,25,640,3265],"class_list":{"0":"post-414111","1":"post","2":"type-post","3":"status-publish","4":"format-standard","5":"has-post-thumbnail","7":"category-strasbourg","8":"tag-actu","9":"tag-actualites","10":"tag-bischheim","11":"tag-edition-strasbourg","12":"tag-education","13":"tag-environnement","14":"tag-eu","15":"tag-europe","16":"tag-fil-info","17":"tag-fr","18":"tag-france","19":"tag-grand-est","20":"tag-jardin","21":"tag-magazine-lifestyle","22":"tag-maternelle-elementaire","23":"tag-news","24":"tag-republique-francaise","25":"tag-strasbourg","26":"tag-strasbourg-nord"},"share_on_mastodon":{"url":"https:\/\/pubeurope.com\/@fr\/115259639337713918","error":""},"_links":{"self":[{"href":"https:\/\/www.europesays.com\/fr\/wp-json\/wp\/v2\/posts\/414111","targetHints":{"allow":["GET"]}}],"collection":[{"href":"https:\/\/www.europesays.com\/fr\/wp-json\/wp\/v2\/posts"}],"about":[{"href":"https:\/\/www.europesays.com\/fr\/wp-json\/wp\/v2\/types\/post"}],"author":[{"embeddable":true,"href":"https:\/\/www.europesays.com\/fr\/wp-json\/wp\/v2\/users\/2"}],"replies":[{"embeddable":true,"href":"https:\/\/www.europesays.com\/fr\/wp-json\/wp\/v2\/comments?post=414111"}],"version-history":[{"count":0,"href":"https:\/\/www.europesays.com\/fr\/wp-json\/wp\/v2\/posts\/414111\/revisions"}],"wp:featuredmedia":[{"embeddable":true,"href":"https:\/\/www.europesays.com\/fr\/wp-json\/wp\/v2\/media\/414112"}],"wp:attachment":[{"href":"https:\/\/www.europesays.com\/fr\/wp-json\/wp\/v2\/media?parent=414111"}],"wp:term":[{"taxonomy":"category","embeddable":true,"href":"https:\/\/www.europesays.com\/fr\/wp-json\/wp\/v2\/categories?post=414111"},{"taxonomy":"post_tag","embeddable":true,"href":"https:\/\/www.europesays.com\/fr\/wp-json\/wp\/v2\/tags?post=414111"}],"curies":[{"name":"wp","href":"https:\/\/api.w.org\/{rel}","templated":true}]}}