{"id":414119,"date":"2025-09-24T14:04:16","date_gmt":"2025-09-24T14:04:16","guid":{"rendered":"https:\/\/www.europesays.com\/fr\/414119\/"},"modified":"2025-09-24T14:04:16","modified_gmt":"2025-09-24T14:04:16","slug":"foulques-chombart-de-lauwe-officiellement-investi-par-les-lr","status":"publish","type":"post","link":"https:\/\/www.europesays.com\/fr\/414119\/","title":{"rendered":"Foulques Chombart de Lauwe officiellement investi par les LR"},"content":{"rendered":"<p>Apr\u00e8s un \u00e9t\u00e9 mouvement\u00e9, la CNI des R\u00e9publicains avait officialis\u00e9 une primaire entre Julien Bainvel et Foulques Chombart de Lauwe. Cette derni\u00e8re, qui s\u2019est d\u00e9roul\u00e9e le 30 et 31\u00a0ao\u00fbt, a vu la nette victoire du second, pl\u00e9biscit\u00e9 \u00e0 62\u00a0% par les militants LR.<\/p>\n<p>C\u2019est pourquoi la CNI, r\u00e9unie pour d\u00e9signer les candidats dans plusieurs villes, a suivi le choix des militants et act\u00e9 la d\u00e9signation de Foulques Chombart de Lauwe comme candidat aux Municipales \u00e0 Nantes.<\/p>\n<p>\u00a0<\/p>\n","protected":false},"excerpt":{"rendered":"Apr\u00e8s un \u00e9t\u00e9 mouvement\u00e9, la CNI des R\u00e9publicains avait officialis\u00e9 une primaire entre Julien Bainvel et Foulques Chombart&hellip;\n","protected":false},"author":2,"featured_media":414120,"comment_status":"","ping_status":"","sticky":false,"template":"","format":"standard","meta":{"footnotes":""},"categories":[2818],"tags":[1111,11,52615,1777,674,52614,1011,27,50269,52616,3228,766,12,11137,2636,25],"class_list":{"0":"post-414119","1":"post","2":"type-post","3":"status-publish","4":"format-standard","5":"has-post-thumbnail","7":"category-nantes","8":"tag-actu","9":"tag-actualites","10":"tag-chombart","11":"tag-eu","12":"tag-europe","13":"tag-foulques","14":"tag-fr","15":"tag-france","16":"tag-investi","17":"tag-lauwe","18":"tag-lr","19":"tag-nantes","20":"tag-news","21":"tag-officiellement","22":"tag-pays-de-la-loire","23":"tag-republique-francaise"},"share_on_mastodon":{"url":"https:\/\/pubeurope.com\/@fr\/115259655400249967","error":""},"_links":{"self":[{"href":"https:\/\/www.europesays.com\/fr\/wp-json\/wp\/v2\/posts\/414119","targetHints":{"allow":["GET"]}}],"collection":[{"href":"https:\/\/www.europesays.com\/fr\/wp-json\/wp\/v2\/posts"}],"about":[{"href":"https:\/\/www.europesays.com\/fr\/wp-json\/wp\/v2\/types\/post"}],"author":[{"embeddable":true,"href":"https:\/\/www.europesays.com\/fr\/wp-json\/wp\/v2\/users\/2"}],"replies":[{"embeddable":true,"href":"https:\/\/www.europesays.com\/fr\/wp-json\/wp\/v2\/comments?post=414119"}],"version-history":[{"count":0,"href":"https:\/\/www.europesays.com\/fr\/wp-json\/wp\/v2\/posts\/414119\/revisions"}],"wp:featuredmedia":[{"embeddable":true,"href":"https:\/\/www.europesays.com\/fr\/wp-json\/wp\/v2\/media\/414120"}],"wp:attachment":[{"href":"https:\/\/www.europesays.com\/fr\/wp-json\/wp\/v2\/media?parent=414119"}],"wp:term":[{"taxonomy":"category","embeddable":true,"href":"https:\/\/www.europesays.com\/fr\/wp-json\/wp\/v2\/categories?post=414119"},{"taxonomy":"post_tag","embeddable":true,"href":"https:\/\/www.europesays.com\/fr\/wp-json\/wp\/v2\/tags?post=414119"}],"curies":[{"name":"wp","href":"https:\/\/api.w.org\/{rel}","templated":true}]}}