{"id":414123,"date":"2025-09-24T14:06:20","date_gmt":"2025-09-24T14:06:20","guid":{"rendered":"https:\/\/www.europesays.com\/fr\/414123\/"},"modified":"2025-09-24T14:06:20","modified_gmt":"2025-09-24T14:06:20","slug":"luniversite-de-bordeaux-devrait-enregistrer-un-nouveau-budget-deficitaire-en-2025","status":"publish","type":"post","link":"https:\/\/www.europesays.com\/fr\/414123\/","title":{"rendered":"L\u2019Universit\u00e9 de Bordeaux devrait enregistrer un nouveau budget d\u00e9ficitaire en 2025"},"content":{"rendered":"<p>\u00c9cosyst\u00e8me<\/p>\n<p>mercredi 24 septembre  2025<\/p>\n<p class=\"legende\">\n\t\t\t\t\t\t\t\t\tLe pr\u00e9sident de l&rsquo;Universit\u00e9 de Bordeaux Dean Lewis a \u00e9voqu\u00e9 la situation budg\u00e9taire de l&rsquo;\u00e9tablissement en conf\u00e9rence de presse. Cr\u00e9dits : MBC\n\t\t\t\t\t\t\t\t<\/p>\n<p class=\"excerpt\">Apr\u00e8s une ann\u00e9e 2024 marqu\u00e9e par un d\u00e9ficit de sept millions d\u2019euros pour l\u2019Universit\u00e9 de Bordeaux, son pr\u00e9sident Dean Lewis tire de nouveau la sonnette d\u2019alarme : le budget pr\u00e9visionnel devrait avoisiner les dix millions, entra\u00eenant des cons\u00e9quences directes pour la structure.<\/p>\n<p>Cet article premium vous int\u00e9resse ?<\/p>\n<p>Rejoignez nos 1000 adh\u00e9rents<\/p>\n<p>\n\t\t\t\t\t\t\t\t\t\t\t\t\t\tGagnez en visibilit\u00e9 et profitez d\u2019un r\u00e9seau de plusieurs centaines d\u2019adh\u00e9rents.\n\t\t\t\t\t\t\t\t\t\t\t\t\t<\/p>\n","protected":false},"excerpt":{"rendered":"\u00c9cosyst\u00e8me mercredi 24 septembre 2025 Le pr\u00e9sident de l&rsquo;Universit\u00e9 de Bordeaux Dean Lewis a \u00e9voqu\u00e9 la situation budg\u00e9taire&hellip;\n","protected":false},"author":2,"featured_media":414124,"comment_status":"","ping_status":"","sticky":false,"template":"","format":"standard","meta":{"footnotes":""},"categories":[2817],"tags":[1111,11,1997,1777,674,1011,27,12,2219,5645,25],"class_list":{"0":"post-414123","1":"post","2":"type-post","3":"status-publish","4":"format-standard","5":"has-post-thumbnail","7":"category-bordeaux","8":"tag-actu","9":"tag-actualites","10":"tag-bordeaux","11":"tag-eu","12":"tag-europe","13":"tag-fr","14":"tag-france","15":"tag-news","16":"tag-nouvelle-aquitaine","17":"tag-placco-placeco","18":"tag-republique-francaise"},"share_on_mastodon":{"url":"https:\/\/pubeurope.com\/@fr\/115259663190821827","error":""},"_links":{"self":[{"href":"https:\/\/www.europesays.com\/fr\/wp-json\/wp\/v2\/posts\/414123","targetHints":{"allow":["GET"]}}],"collection":[{"href":"https:\/\/www.europesays.com\/fr\/wp-json\/wp\/v2\/posts"}],"about":[{"href":"https:\/\/www.europesays.com\/fr\/wp-json\/wp\/v2\/types\/post"}],"author":[{"embeddable":true,"href":"https:\/\/www.europesays.com\/fr\/wp-json\/wp\/v2\/users\/2"}],"replies":[{"embeddable":true,"href":"https:\/\/www.europesays.com\/fr\/wp-json\/wp\/v2\/comments?post=414123"}],"version-history":[{"count":0,"href":"https:\/\/www.europesays.com\/fr\/wp-json\/wp\/v2\/posts\/414123\/revisions"}],"wp:featuredmedia":[{"embeddable":true,"href":"https:\/\/www.europesays.com\/fr\/wp-json\/wp\/v2\/media\/414124"}],"wp:attachment":[{"href":"https:\/\/www.europesays.com\/fr\/wp-json\/wp\/v2\/media?parent=414123"}],"wp:term":[{"taxonomy":"category","embeddable":true,"href":"https:\/\/www.europesays.com\/fr\/wp-json\/wp\/v2\/categories?post=414123"},{"taxonomy":"post_tag","embeddable":true,"href":"https:\/\/www.europesays.com\/fr\/wp-json\/wp\/v2\/tags?post=414123"}],"curies":[{"name":"wp","href":"https:\/\/api.w.org\/{rel}","templated":true}]}}