{"id":414133,"date":"2025-09-24T14:12:10","date_gmt":"2025-09-24T14:12:10","guid":{"rendered":"https:\/\/www.europesays.com\/fr\/414133\/"},"modified":"2025-09-24T14:12:10","modified_gmt":"2025-09-24T14:12:10","slug":"decouvrez-le-square-oum-kalthoum-actualites","status":"publish","type":"post","link":"https:\/\/www.europesays.com\/fr\/414133\/","title":{"rendered":"D\u00e9couvrez le square Oum Kalthoum \/ Actualit\u00e9s"},"content":{"rendered":"<p>Ce projet permet d&rsquo;apprendre, d\u00e9couvrir et surtout de s&rsquo;adonner \u00e0 diff\u00e9rentes activit\u00e9s, quel que soit l&rsquo;\u00e2ge !\u00a0<\/p>\n<p>            <img loading=\"lazy\" decoding=\"async\" src=\"\/var\/www\/storage\/images\/mediatheque\/mairie-de-lille\/mon-quartier\/lille-sud\/images\/square-allee-des-jardins\/3721776-3-fre-FR\/Square-Allee-des-Jardins_news_image_top.jpg\" width=\"779\" height=\"519\" alt=\"\"\/><br \/>\n    \tLe square de l&rsquo;All\u00e9e des Jardins, ici en septembre 2025.<\/p>\n<p>Le site, all\u00e9e des Jardins, est cl\u00f4tur\u00e9 avec une entr\u00e9e, rue Sylv\u00e8re Verhulst. Il comprend un <strong>verger<\/strong> et une <strong>mare<\/strong>. Des <strong>tables de pique-nique<\/strong> composent l&rsquo;espace central, lieu de d\u00e9tente et de rencontre.<\/p>\n<p>Une autre partie du site sera consacr\u00e9e au bien-\u00eatre animal avec la cr\u00e9ation d&rsquo;un <strong>caniparc<\/strong> \u00e9quip\u00e9 d&rsquo;agr\u00e8s ludiques pour chiens. Des <strong>parcours d&rsquo;aventures ludiques<\/strong> feront le bonheur\u00a0des enfants, mais aussi des plus grands ! Un chemin finlandais, un tronc couch\u00e9 comme passerelle, une entr\u00e9e par un tunnel v\u00e9g\u00e9talis\u00e9, un passage dans une prairie avec panneau didactique : voici quelques \u00e9l\u00e9ments\u00a0qui \u00e9quiperont ces circuits ludiques et p\u00e9dagogiques. Plusieurs parcelles de jardins potagers individuelles et collectives seront ouvertes, ainsi qu&rsquo;un potager pour enfants.<\/p>\n<p>Dans la continuit\u00e9 du verdissement de la ville, une op\u00e9ration de plantation citoyenne avait eu lieu le 26 mars 2025 : des petits fruitiers, des arbustes en lisi\u00e8re, des vivaces aromatiques, ont \u00e9t\u00e9 plant\u00e9s par les riverains.<\/p>\n<p>            <img src-full=\"\/var\/www\/storage\/images\/mediatheque\/mairie-de-lille\/actualites\/images\/2025\/mars-2025\/plantations-citoyennes-parc-de-l-allee-des-jardins2\/3725734-1-fre-FR\/Plantations-citoyennes-parc-de-l-Allee-des-Jardins.jpg\" data-caption-full=\"Plantations citoyennes, parc de l'All\u00e9e des Jardins, 26 mars 2025.\" width=\"465\" height=\"261\" alt=\"Plantations citoyennes, parc de l'All\u00e9e des Jardins\" title=\"Plantations citoyennes, parc de l'All\u00e9e des Jardins\" class=\"align-\"\/>\n    <\/p>\n<p>Le projet en chiffres<\/p>\n<ul class=\"listPuce\">\n<li><strong>Un jardin de proximit\u00e9 de 3 250m2<\/strong><\/li>\n<li>80 arbres plant\u00e9s<\/li>\n<li>1350 m\u00b2 de massifs arbustifs et vivaces<\/li>\n<li>350m\u00b2 de boisement suppl\u00e9mentaire<\/li>\n<li>340m\u00b2 de verger<\/li>\n<li>460 m\u00b2 de jardin potager divis\u00e9 en 12 parcelles individuelles<\/li>\n<li>500m\u00b2 d&rsquo;espace d\u00e9di\u00e9 aux chiens<\/li>\n<li>60 m\u00e8tres lin\u00e9aires de parcours aventure<\/li>\n<\/ul>\n<p>Le site est ouvert au public depuis septembre 2025.<\/p>\n<p>Notons que des ateliers de concertation ont \u00e9t\u00e9 organis\u00e9s dans le quartier pour trouver un nom \u00e0 ce nouveau square lillois. Et ce nouveau square s&rsquo;appelle&#8230; Oum Kalthoum ! (nom d&rsquo;une chanteuse egyptienne du XXe si\u00e8cle, appel\u00e9e aussi \u00ab\u00a0l&rsquo;Astre de l&rsquo;Orient).<\/p>\n","protected":false},"excerpt":{"rendered":"Ce projet permet d&rsquo;apprendre, d\u00e9couvrir et surtout de s&rsquo;adonner \u00e0 diff\u00e9rentes activit\u00e9s, quel que soit l&rsquo;\u00e2ge !\u00a0 Le&hellip;\n","protected":false},"author":2,"featured_media":414134,"comment_status":"","ping_status":"","sticky":false,"template":"","format":"standard","meta":{"footnotes":""},"categories":[2815],"tags":[1111,11,4763,1777,674,1011,27,811,1307,5415,12,25],"class_list":{"0":"post-414133","1":"post","2":"type-post","3":"status-publish","4":"format-standard","5":"has-post-thumbnail","7":"category-lille","8":"tag-actu","9":"tag-actualites","10":"tag-agenda","11":"tag-eu","12":"tag-europe","13":"tag-fr","14":"tag-france","15":"tag-hauts-de-france","16":"tag-lille","17":"tag-mairie","18":"tag-news","19":"tag-republique-francaise"},"share_on_mastodon":{"url":"https:\/\/pubeurope.com\/@fr\/115259686940360730","error":""},"_links":{"self":[{"href":"https:\/\/www.europesays.com\/fr\/wp-json\/wp\/v2\/posts\/414133","targetHints":{"allow":["GET"]}}],"collection":[{"href":"https:\/\/www.europesays.com\/fr\/wp-json\/wp\/v2\/posts"}],"about":[{"href":"https:\/\/www.europesays.com\/fr\/wp-json\/wp\/v2\/types\/post"}],"author":[{"embeddable":true,"href":"https:\/\/www.europesays.com\/fr\/wp-json\/wp\/v2\/users\/2"}],"replies":[{"embeddable":true,"href":"https:\/\/www.europesays.com\/fr\/wp-json\/wp\/v2\/comments?post=414133"}],"version-history":[{"count":0,"href":"https:\/\/www.europesays.com\/fr\/wp-json\/wp\/v2\/posts\/414133\/revisions"}],"wp:featuredmedia":[{"embeddable":true,"href":"https:\/\/www.europesays.com\/fr\/wp-json\/wp\/v2\/media\/414134"}],"wp:attachment":[{"href":"https:\/\/www.europesays.com\/fr\/wp-json\/wp\/v2\/media?parent=414133"}],"wp:term":[{"taxonomy":"category","embeddable":true,"href":"https:\/\/www.europesays.com\/fr\/wp-json\/wp\/v2\/categories?post=414133"},{"taxonomy":"post_tag","embeddable":true,"href":"https:\/\/www.europesays.com\/fr\/wp-json\/wp\/v2\/tags?post=414133"}],"curies":[{"name":"wp","href":"https:\/\/api.w.org\/{rel}","templated":true}]}}