{"id":414135,"date":"2025-09-24T14:13:09","date_gmt":"2025-09-24T14:13:09","guid":{"rendered":"https:\/\/www.europesays.com\/fr\/414135\/"},"modified":"2025-09-24T14:13:09","modified_gmt":"2025-09-24T14:13:09","slug":"marseille-parmi-les-100-villes-neutres-en-carbone-dici-2030","status":"publish","type":"post","link":"https:\/\/www.europesays.com\/fr\/414135\/","title":{"rendered":"Marseille parmi les 100 villes neutres en carbone d\u2019ici 2030"},"content":{"rendered":"<p>                    <img loading=\"lazy\" decoding=\"async\" src=\"https:\/\/www.europesays.com\/fr\/wp-content\/uploads\/2025\/09\/d069abef90ba95bcc40e64bb6666d8.jpg\" class=\"img-responsive post-image\" width=\"680\" height=\"510\" alt=\"Marseille parmi les (\u2026)\" title=\"Marseille parmi les 100 villes neutres en carbone d'ici 2030\"\/><\/p>\n<p class=\"chapo\">S\u00e9lectionn\u00e9e en 2022 par la Commission europ\u00e9enne parmi 377 communes candidates, la Ville de Marseille a obtenu, en mars 2024, le label \u00ab\u00a0100 Villes neutres en carbone d\u2019ici 2030\u00a0\u00bb.<\/p>\n<p>Ce dernier r\u00e9compense la qualit\u00e9 du \u00ab\u00a0Contrat Ville Climat\u00a0\u00bb, \u00e9labor\u00e9 par la Ville avec 200 partenaires, et refl\u00e8te son engagement concret pour la transformation \u00e9cologique de son territoire. Gr\u00e2ce \u00e0 ce label, la Ville b\u00e9n\u00e9ficie de financements europ\u00e9ens et d\u2019un appui technique de la Banque Europ\u00e9enne d\u2019Investissement pour investir dans la transition \u00e9cologique. D\u2019ores et d\u00e9j\u00e0, 5 millions d\u2019\u20ac de financements europ\u00e9ens ont \u00e9t\u00e9 obtenus par la Ville pour le d\u00e9veloppement du photovolta\u00efque, des r\u00e9seaux de chaleur ou encore la r\u00e9novation \u00e9nerg\u00e9tique du patrimoine.<br class=\"texte\"\/><br \/>\nUne <strong>Cit\u00e9 des transitions<\/strong> a vu le jour \u00e0 Marseille en 2023, soutenue par la Ville. Cette structure f\u00e9d\u00e8re les acteurs associatifs engag\u00e9s dans des projets \u00e9cologiques, sociaux et solidaires. Elle s\u2019est install\u00e9e en f\u00e9vrier 2025 dans des locaux mis \u00e0 disposition par la Ville de Marseille au 47, rue Chape (4\u00e8me).<\/p>\n<p>Un plan de sobri\u00e9t\u00e9 \u00e9nerg\u00e9tique<\/p>\n<p>Depuis 2022, la Ville a d\u00e9ploy\u00e9 un plan de sobri\u00e9t\u00e9 \u00e9nerg\u00e9tique dans tous les b\u00e2timents municipaux qui lui a permis de r\u00e9duire de 12% sa facture \u00e9nerg\u00e9tique et de faire face \u00e0 la hausse des prix de l\u2019\u00e9nergie dans le monde. Baisse du chauffage, meilleure adaptation de la climatisation, passage progressif de l\u2019\u00e9clairage public en LED tr\u00e8s basse consommation, meilleure gestion de la ventilation&#8230; La Ville agit au quotidien pour \u00e9conomiser l\u2019\u00e9nergie et limiter son empreinte carbone. Elle a, par ailleurs, \u00e9tabli des objectifs ambitieux dans sa strat\u00e9gie \u00ab\u00a0<strong>Marseille 2030 Objectif Climat<\/strong>\u00a0\u00bb, visant \u00e0 obtenir 36% de son \u00e9nergie \u00e0 partir de sources renouvelables d\u2019ici 2030.<br class=\"autobr\"\/><br \/>\nLors de la r\u00e9novation et de la construction de ses b\u00e2timents municipaux (\u00e9coles, gymnases, casernes&#8230;), la Ville privil\u00e9gie une conception durable. Installation de panneaux photovolta\u00efques, d\u00e9simperm\u00e9abilisation des sols, v\u00e9g\u00e9talisation des espaces ou des toitures, orientation des b\u00e2timents, mat\u00e9riaux adapt\u00e9s permettent de garantir un confort aux usagers, hiver comme \u00e9t\u00e9, tout en r\u00e9duisant les co\u00fbts \u00e9nerg\u00e9tiques et en limitant l\u2019empreinte carbone.<br class=\"autobr\"\/><br \/>\nPour faire face \u00e0 l\u2019urgence climatique et aux d\u00e9fis du territoire en mati\u00e8re d\u2019approvisionnement \u00e9nerg\u00e9tique, elle a lanc\u00e9 en 2025 u<strong>ne d\u00e9l\u00e9gation de service public pour la cr\u00e9ation et l\u2019exploitation d\u2019un r\u00e9seau de chaleur et de froid dans les 15\u00e8me et 16\u00e8me arrondissement qui sera d\u00e9ploy\u00e9 progressivement<\/strong>. Ce r\u00e9seau de 28 km desservira en \u00e9nergies renouvelables l\u2019\u00e9quivalent de 17 000 logements (copropri\u00e9t\u00e9s, h\u00f4pitaux, b\u00e2timents d\u2019enseignement et logements sociaux) ainsi que le b\u00e2ti municipal (casernes de pompiers, \u00e9quipements sportifs, piscines et \u00e9quipements scolaires). Il fera notamment appel \u00e0 la thalasso-thermie, qui consiste \u00e0 utiliser l\u2019eau de mer pour chauffer et rafra\u00eechir les habitats.<\/p>\n<p>Photo de Une\u00a0: \u00a9Ville de Marseille<\/p>\n","protected":false},"excerpt":{"rendered":"S\u00e9lectionn\u00e9e en 2022 par la Commission europ\u00e9enne parmi 377 communes candidates, la Ville de Marseille a obtenu, en&hellip;\n","protected":false},"author":2,"featured_media":414136,"comment_status":"","ping_status":"","sticky":false,"template":"","format":"standard","meta":{"footnotes":""},"categories":[2814],"tags":[1111,11,2408,1777,674,1011,27,884,12,882,25],"class_list":{"0":"post-414135","1":"post","2":"type-post","3":"status-publish","4":"format-standard","5":"has-post-thumbnail","7":"category-marseille","8":"tag-actu","9":"tag-actualites","10":"tag-appels-d","11":"tag-eu","12":"tag-europe","13":"tag-fr","14":"tag-france","15":"tag-marseille","16":"tag-news","17":"tag-provence-alpes-cote-dazur","18":"tag-republique-francaise"},"share_on_mastodon":{"url":"https:\/\/pubeurope.com\/@fr\/115259690629858086","error":""},"_links":{"self":[{"href":"https:\/\/www.europesays.com\/fr\/wp-json\/wp\/v2\/posts\/414135","targetHints":{"allow":["GET"]}}],"collection":[{"href":"https:\/\/www.europesays.com\/fr\/wp-json\/wp\/v2\/posts"}],"about":[{"href":"https:\/\/www.europesays.com\/fr\/wp-json\/wp\/v2\/types\/post"}],"author":[{"embeddable":true,"href":"https:\/\/www.europesays.com\/fr\/wp-json\/wp\/v2\/users\/2"}],"replies":[{"embeddable":true,"href":"https:\/\/www.europesays.com\/fr\/wp-json\/wp\/v2\/comments?post=414135"}],"version-history":[{"count":0,"href":"https:\/\/www.europesays.com\/fr\/wp-json\/wp\/v2\/posts\/414135\/revisions"}],"wp:featuredmedia":[{"embeddable":true,"href":"https:\/\/www.europesays.com\/fr\/wp-json\/wp\/v2\/media\/414136"}],"wp:attachment":[{"href":"https:\/\/www.europesays.com\/fr\/wp-json\/wp\/v2\/media?parent=414135"}],"wp:term":[{"taxonomy":"category","embeddable":true,"href":"https:\/\/www.europesays.com\/fr\/wp-json\/wp\/v2\/categories?post=414135"},{"taxonomy":"post_tag","embeddable":true,"href":"https:\/\/www.europesays.com\/fr\/wp-json\/wp\/v2\/tags?post=414135"}],"curies":[{"name":"wp","href":"https:\/\/api.w.org\/{rel}","templated":true}]}}