{"id":414137,"date":"2025-09-24T14:14:15","date_gmt":"2025-09-24T14:14:15","guid":{"rendered":"https:\/\/www.europesays.com\/fr\/414137\/"},"modified":"2025-09-24T14:14:15","modified_gmt":"2025-09-24T14:14:15","slug":"sauvetage-spectaculaire-a-marseille-une-femme-victime-dun-avc-evacuee-par-la-fenetre","status":"publish","type":"post","link":"https:\/\/www.europesays.com\/fr\/414137\/","title":{"rendered":"Sauvetage spectaculaire \u00e0 Marseille : une femme victime d&rsquo;un AVC \u00e9vacu\u00e9e par la fen\u00eatre"},"content":{"rendered":"<p class=\"jsx-4058425199 jsx-2164199691 ExpandableText__Text\">Sauvetage spectaculaire \u00e0 Marseille : une femme victime d&rsquo;un AVC \u00e9vacu\u00e9e par la fen\u00eatre \u00e0 cause d&rsquo;ascenseurs en panne  Une quinquag\u00e9naire, victime d\u2019un AVC chez elle, a \u00e9t\u00e9 \u00e9vacu\u00e9e par les secours qui ont d\u00fb la suspendre dans le vide faute d&rsquo;ascenseur en \u00e9tat de fonctionnement. La femme r\u00e9side au 9eme \u00e9tage d\u2019un immeuble qui en compte douze et dont les ascenseurs sont en panne depuis deux ans. <\/p>\n<p>Lire plusReplier<\/p>\n","protected":false},"excerpt":{"rendered":"Sauvetage spectaculaire \u00e0 Marseille : une femme victime d&rsquo;un AVC \u00e9vacu\u00e9e par la fen\u00eatre \u00e0 cause d&rsquo;ascenseurs en&hellip;\n","protected":false},"author":2,"featured_media":414138,"comment_status":"","ping_status":"","sticky":false,"template":"","format":"standard","meta":{"footnotes":""},"categories":[2814],"tags":[1111,11,6778,1777,674,1011,27,2954,884,12,882,25,17255,133,2953],"class_list":{"0":"post-414137","1":"post","2":"type-post","3":"status-publish","4":"format-standard","5":"has-post-thumbnail","7":"category-marseille","8":"tag-actu","9":"tag-actualites","10":"tag-bonjour-la-matinale-tf1","11":"tag-eu","12":"tag-europe","13":"tag-fr","14":"tag-france","15":"tag-justice-et-faits-divers","16":"tag-marseille","17":"tag-news","18":"tag-provence-alpes-cote-dazur","19":"tag-republique-francaise","20":"tag-tf1info-shorts","21":"tag-video","22":"tag-video-police"},"share_on_mastodon":{"url":"https:\/\/pubeurope.com\/@fr\/115259694380269998","error":""},"_links":{"self":[{"href":"https:\/\/www.europesays.com\/fr\/wp-json\/wp\/v2\/posts\/414137","targetHints":{"allow":["GET"]}}],"collection":[{"href":"https:\/\/www.europesays.com\/fr\/wp-json\/wp\/v2\/posts"}],"about":[{"href":"https:\/\/www.europesays.com\/fr\/wp-json\/wp\/v2\/types\/post"}],"author":[{"embeddable":true,"href":"https:\/\/www.europesays.com\/fr\/wp-json\/wp\/v2\/users\/2"}],"replies":[{"embeddable":true,"href":"https:\/\/www.europesays.com\/fr\/wp-json\/wp\/v2\/comments?post=414137"}],"version-history":[{"count":0,"href":"https:\/\/www.europesays.com\/fr\/wp-json\/wp\/v2\/posts\/414137\/revisions"}],"wp:featuredmedia":[{"embeddable":true,"href":"https:\/\/www.europesays.com\/fr\/wp-json\/wp\/v2\/media\/414138"}],"wp:attachment":[{"href":"https:\/\/www.europesays.com\/fr\/wp-json\/wp\/v2\/media?parent=414137"}],"wp:term":[{"taxonomy":"category","embeddable":true,"href":"https:\/\/www.europesays.com\/fr\/wp-json\/wp\/v2\/categories?post=414137"},{"taxonomy":"post_tag","embeddable":true,"href":"https:\/\/www.europesays.com\/fr\/wp-json\/wp\/v2\/tags?post=414137"}],"curies":[{"name":"wp","href":"https:\/\/api.w.org\/{rel}","templated":true}]}}