{"id":414139,"date":"2025-09-24T14:15:18","date_gmt":"2025-09-24T14:15:18","guid":{"rendered":"https:\/\/www.europesays.com\/fr\/414139\/"},"modified":"2025-09-24T14:15:18","modified_gmt":"2025-09-24T14:15:18","slug":"gregory-doucet-en-appelle-a-letat-pour-tester-lencadrement-des-baux-commerciaux","status":"publish","type":"post","link":"https:\/\/www.europesays.com\/fr\/414139\/","title":{"rendered":"Gr\u00e9gory Doucet en appelle \u00e0 l\u2019\u00c9tat pour tester l\u2019encadrement des baux commerciaux"},"content":{"rendered":"<p>Le temps presse. Ils n\u2019ont pas attendu la nomination du nouveau ministre du Commerce pour envoyer la missive qu\u2019ils tenaient pr\u00eate depuis la fin de l\u2019\u00e9t\u00e9. Dans un courrier adress\u00e9 au Premier ministre, Gr\u00e9gory Doucet, maire de Lyon et Pierre Hurmic son homologue de Bordeaux en appellent, aujourd\u2019hui, \u00e0 l\u2019Etat pour demander une exp\u00e9rimentation d\u2019un encadrement des loyers commerciaux dans leur ville. \u00ab\u00a0Afin d\u2019\u00e9viter que certains propri\u00e9taires se fassent des culbutes de malades notamment quand les affaires changent\u00a0\u00bb, disait-il au Progr\u00e8s, il y a quelques mois.<\/p>\n<p>Au Premier ministre, les deux \u00e9lus racontent comment \u00ab\u00a0dans les rues les plus commer\u00e7antes, les loyers sont souvent totalement d\u00e9connect\u00e9s de la r\u00e9alit\u00e9 \u00e9conomique [\u2026] emp\u00eachant l\u2019installation de nouveaux commerces ind\u00e9pendants, acc\u00e9l\u00e9rant le d\u00e9part des anciens et entra\u00eenant une multiplication des grandes cha\u00eenes commerciales.\u00a0\u00bb<\/p>\n<p>L\u2019enjeu, donc\u00a0: la survie du commerce ind\u00e9pendant. Entre le taux de vacance des cellules qui a augment\u00e9 de plus de 50\u00a0% entre Rh\u00f4ne et Sa\u00f4ne ces trois derni\u00e8res ann\u00e9es et la baisse de chiffre d\u2019affaires (-10\u00a0% \u00e0 -30\u00a0%), le contexte est compliqu\u00e9. Autre indicateur qui plombe le tableau, \u00ab\u00a0l\u2019Indice des Loyers Commerciaux (ILC) a bondi de 18\u00a0% en moins de 4 ans.<\/p>\n<p>  Un enjeu pour les prochaines \u00e9lections municipales<\/p>\n<p>La probl\u00e9matique, si elle est de plus en plus pr\u00e9gnante \u00e0 Lyon comme dans l\u2019Hexagone, n\u2019est pas nouvelle. Elle s\u2019inscrit aussi dans un contexte, celui d\u2019une fronde port\u00e9e par une partie du secteur du commerce qui attribue les difficult\u00e9s rencontr\u00e9es aux politiques publiques d\u00e9ploy\u00e9es par les \u00e9cologistes, tant \u00e0 la Ville qu\u2019\u00e0 la M\u00e9tropole.<\/p>\n<p>Parmi les reproches, les probl\u00e8mes d\u2019acc\u00e8s caus\u00e9s par les travaux, l\u2019augmentation des co\u00fbts de stationnement, la suppression de places de parking, et la mise en place de la ZTL. Symbole de la col\u00e8re\u00a0: les\u00a0affiches sauvages \u00ab\u00a0Doucet m\u2019a tuer\u00a0\u00bb coll\u00e9es sur les vitrines de locaux commerciaux vides et les manifestations organis\u00e9es par le collectif des D\u00e9fenseurs de Lyon. Relay\u00e9e par la droite, l\u2019inqui\u00e9tude des professionnels est devenue, de fait, aujourd\u2019hui, un enjeu pour la campagne des \u00e9lections municipales de 2026.<\/p>\n<p>Face aux attaques de son opposition, Gr\u00e9gory Doucet, candidat \u00e0 sa r\u00e9\u00e9lection, joue la carte de l\u2019action. Il se montre au chevet des commer\u00e7ants\u00a0: apr\u00e8s ses assises du commerce, il avait annonc\u00e9 un plan d\u2019action de 54 mesures concr\u00e8tes pour dynamiser le secteur et \u00ab\u00a0faire du tissu commercial lyonnais l\u2019un des plus dynamiques de France\u00a0\u00bb. Il avait promis de travailler sur l\u2019encadrement des loyers et de plaider cette cause au national. Avec cette lettre adress\u00e9e au gouvernement, c\u2019est d\u00e9sormais chose faite.<\/p>\n","protected":false},"excerpt":{"rendered":"Le temps presse. Ils n\u2019ont pas attendu la nomination du nouveau ministre du Commerce pour envoyer la missive&hellip;\n","protected":false},"author":2,"featured_media":414140,"comment_status":"","ping_status":"","sticky":false,"template":"","format":"standard","meta":{"footnotes":""},"categories":[1889],"tags":[1111,11,2430,2757,4188,1777,674,1011,27,3539,2428,2756,12,316,25,2429,216],"class_list":{"0":"post-414139","1":"post","2":"type-post","3":"status-publish","4":"format-standard","5":"has-post-thumbnail","7":"category-lyon","8":"tag-actu","9":"tag-actualites","10":"tag-auvergne-rhone-alpes","11":"tag-edition-lyon-villeurbanne","12":"tag-elections-municipales","13":"tag-eu","14":"tag-europe","15":"tag-fr","16":"tag-france","17":"tag-les-ecologistes","18":"tag-lyon","19":"tag-lyon-bassin","20":"tag-news","21":"tag-politique","22":"tag-republique-francaise","23":"tag-rhone","24":"tag-vie-des-entreprises"},"share_on_mastodon":{"url":"https:\/\/pubeurope.com\/@fr\/115259698291176346","error":""},"_links":{"self":[{"href":"https:\/\/www.europesays.com\/fr\/wp-json\/wp\/v2\/posts\/414139","targetHints":{"allow":["GET"]}}],"collection":[{"href":"https:\/\/www.europesays.com\/fr\/wp-json\/wp\/v2\/posts"}],"about":[{"href":"https:\/\/www.europesays.com\/fr\/wp-json\/wp\/v2\/types\/post"}],"author":[{"embeddable":true,"href":"https:\/\/www.europesays.com\/fr\/wp-json\/wp\/v2\/users\/2"}],"replies":[{"embeddable":true,"href":"https:\/\/www.europesays.com\/fr\/wp-json\/wp\/v2\/comments?post=414139"}],"version-history":[{"count":0,"href":"https:\/\/www.europesays.com\/fr\/wp-json\/wp\/v2\/posts\/414139\/revisions"}],"wp:featuredmedia":[{"embeddable":true,"href":"https:\/\/www.europesays.com\/fr\/wp-json\/wp\/v2\/media\/414140"}],"wp:attachment":[{"href":"https:\/\/www.europesays.com\/fr\/wp-json\/wp\/v2\/media?parent=414139"}],"wp:term":[{"taxonomy":"category","embeddable":true,"href":"https:\/\/www.europesays.com\/fr\/wp-json\/wp\/v2\/categories?post=414139"},{"taxonomy":"post_tag","embeddable":true,"href":"https:\/\/www.europesays.com\/fr\/wp-json\/wp\/v2\/tags?post=414139"}],"curies":[{"name":"wp","href":"https:\/\/api.w.org\/{rel}","templated":true}]}}