{"id":414143,"date":"2025-09-24T14:17:12","date_gmt":"2025-09-24T14:17:12","guid":{"rendered":"https:\/\/www.europesays.com\/fr\/414143\/"},"modified":"2025-09-24T14:17:12","modified_gmt":"2025-09-24T14:17:12","slug":"ile-de-france-410-km-de-bouchons-ce-mercredi-matin-situation-encore-tres-perturbee-sur-les-routes","status":"publish","type":"post","link":"https:\/\/www.europesays.com\/fr\/414143\/","title":{"rendered":"\u00cele-de-France\u00a0: 410\u00a0km de bouchons ce mercredi matin, situation encore tr\u00e8s perturb\u00e9e sur les routes"},"content":{"rendered":"<p class=\"paragraph text_align_left lp-f-body-02\">Mardi avait \u00e9t\u00e9 synonyme de gal\u00e8re pour les automobilistes <a href=\"https:\/\/www.leparisien.fr\/info-paris-ile-de-france-oise\/\" target=\"_self\" rel=\"noopener\">en \u00cele-de-France<\/a>. Et ce mercredi risque bien de lui ressembler. En effet, de nombreux embouteillages ont \u00e9t\u00e9 constat\u00e9s, atteignant 410 km de bouchons cumul\u00e9s \u00e0 9 heures. Un niveau sup\u00e9rieur au seuil exceptionnel \u00bb d\u00e9fini par Sytadin, l\u2019organisme qui mesure en temps r\u00e9el l\u2019\u00e9tat du trafic routier en r\u00e9gion parisienne.<\/p>\n<p class=\"paragraph text_align_left lp-f-body-02\">Cette situation tendue s\u2019explique en partie par plusieurs incidents survenus aux heures de pointe. D\u00e8s 8 heures, une voie a \u00e9t\u00e9 neutralis\u00e9e sur l\u2019A86 ext\u00e9rieure au niveau de Fontenay-sous-Bois <a href=\"https:\/\/www.leparisien.fr\/val-de-marne-94\/\" target=\"_self\" rel=\"noopener\">(Val-de-Marne)<\/a>, cr\u00e9ant un important goulot d\u2019\u00e9tranglement. Quelques minutes plus tard, \u00e0 8h10, c\u2019est sur l\u2019A13 en direction de Paris, pr\u00e8s de Poissy <a href=\"https:\/\/www.leparisien.fr\/yvelines-78\/\" target=\"_self\" rel=\"noopener\">(Yvelines)<\/a>, qu\u2019un autre accident a entra\u00een\u00e9 la fermeture d\u2019une voie.<\/p>\n<p>Des accidents\u2026 et de la pluie<\/p>\n<p class=\"paragraph text_align_left lp-f-body-02\">La s\u00e9rie noire s\u2019est poursuivie avec un troisi\u00e8me incident \u00e0 8h26 sur l\u2019A15 en direction de <a href=\"https:\/\/www.leparisien.fr\/paris-75\/\" target=\"_self\" rel=\"noopener\">Paris<\/a> \u00e0 hauteur d\u2019Argenteuil <a href=\"https:\/\/www.leparisien.fr\/val-d-oise-95\/\" target=\"_self\" rel=\"noopener\">(Val-d\u2019Oise)<\/a>, ne faisant qu\u2019aggraver une situation d\u00e9j\u00e0 critique.<\/p>\n<p class=\"paragraph text_align_left lp-f-body-02\">Sytadin a \u00e9mis un flash sp\u00e9cial \u00e0 9h15 concernant la Francilienne (A104), signalant une circulation difficile \u00bb entre Coll\u00e9gien et Villeparisis <a href=\"https:\/\/www.leparisien.fr\/seine-et-marne-77\/\" target=\"_self\" rel=\"noopener\">(Seine-et-Marne)<\/a> : Temps de parcours actuel : environ 35 minutes \u00bb, contre 14 minutes habituellement, pour un itin\u00e9raire de seulement 11 km.<\/p>\n<p class=\"paragraph text_align_left lp-f-body-02\">Les fortes pluies qui se sont abattues sur l\u2019\u00cele-de-France ce matin ont \u00e9galement contribu\u00e9 \u00e0 ralentir la circulation et \u00e0 augmenter les risques d\u2019accident.<\/p>\n","protected":false},"excerpt":{"rendered":"Mardi avait \u00e9t\u00e9 synonyme de gal\u00e8re pour les automobilistes en \u00cele-de-France. Et ce mercredi risque bien de lui&hellip;\n","protected":false},"author":2,"featured_media":414144,"comment_status":"","ping_status":"","sticky":false,"template":"","format":"standard","meta":{"footnotes":""},"categories":[1592],"tags":[1111,11,1777,674,1011,27,662,1944,12,626,25,2382],"class_list":{"0":"post-414143","1":"post","2":"type-post","3":"status-publish","4":"format-standard","5":"has-post-thumbnail","7":"category-ile-de-france","8":"tag-actu","9":"tag-actualites","10":"tag-eu","11":"tag-europe","12":"tag-fr","13":"tag-france","14":"tag-ile-de-france","15":"tag-ma-ville","16":"tag-news","17":"tag-paris","18":"tag-republique-francaise","19":"tag-transport-idf-oise"},"share_on_mastodon":{"url":"https:\/\/pubeurope.com\/@fr\/115259706173233169","error":""},"_links":{"self":[{"href":"https:\/\/www.europesays.com\/fr\/wp-json\/wp\/v2\/posts\/414143","targetHints":{"allow":["GET"]}}],"collection":[{"href":"https:\/\/www.europesays.com\/fr\/wp-json\/wp\/v2\/posts"}],"about":[{"href":"https:\/\/www.europesays.com\/fr\/wp-json\/wp\/v2\/types\/post"}],"author":[{"embeddable":true,"href":"https:\/\/www.europesays.com\/fr\/wp-json\/wp\/v2\/users\/2"}],"replies":[{"embeddable":true,"href":"https:\/\/www.europesays.com\/fr\/wp-json\/wp\/v2\/comments?post=414143"}],"version-history":[{"count":0,"href":"https:\/\/www.europesays.com\/fr\/wp-json\/wp\/v2\/posts\/414143\/revisions"}],"wp:featuredmedia":[{"embeddable":true,"href":"https:\/\/www.europesays.com\/fr\/wp-json\/wp\/v2\/media\/414144"}],"wp:attachment":[{"href":"https:\/\/www.europesays.com\/fr\/wp-json\/wp\/v2\/media?parent=414143"}],"wp:term":[{"taxonomy":"category","embeddable":true,"href":"https:\/\/www.europesays.com\/fr\/wp-json\/wp\/v2\/categories?post=414143"},{"taxonomy":"post_tag","embeddable":true,"href":"https:\/\/www.europesays.com\/fr\/wp-json\/wp\/v2\/tags?post=414143"}],"curies":[{"name":"wp","href":"https:\/\/api.w.org\/{rel}","templated":true}]}}