{"id":414155,"date":"2025-09-24T14:23:16","date_gmt":"2025-09-24T14:23:16","guid":{"rendered":"https:\/\/www.europesays.com\/fr\/414155\/"},"modified":"2025-09-24T14:23:16","modified_gmt":"2025-09-24T14:23:16","slug":"en-direct-ukraine-zelensky-appelle-a-arreter-poutine-maintenant-depuis-la-tribune-de-lonu","status":"publish","type":"post","link":"https:\/\/www.europesays.com\/fr\/414155\/","title":{"rendered":"EN DIRECT &#8211; Ukraine : Zelensky appelle \u00e0 \u00ab\u00a0arr\u00eater Poutine maintenant\u00a0\u00bb depuis la tribune de l&rsquo;ONU"},"content":{"rendered":"<p>Le pr\u00e9sident ukrainien, Volodymyr Zelensky, a d\u00e9clar\u00e9 mardi \u00e0 la table du Conseil de s\u00e9curit\u00e9 de l&rsquo;ONU que la Chine pourrait, si elle le voulait, contraindre la Russie \u00e0 mettre fin \u00e0 la guerre en Ukraine. \u00ab\u00a0Sans la Chine, la Russie de Poutine n&rsquo;est rien. Pourtant, trop souvent, la Chine reste silencieuse et distante au lieu d&rsquo;agir pour la paix\u00a0\u00bb, a d\u00e9clar\u00e9 le dirigeant ukrainien.<\/p>\n<p>S&rsquo;exprimant dans la m\u00eame enceinte, l&rsquo;ambassadeur adjoint de Chine aupr\u00e8s de l&rsquo;ONU, Geng Shuang, a d\u00e9clar\u00e9 que \u00ab\u00a0depuis le premier jour de la crise, la Chine a maintenu une position objective et impartiale, appelant \u00e0 une cessation des hostilit\u00e9s, plaidant pour des pourparlers de paix en vue d&rsquo;une solution politique\u00a0\u00bb.<\/p>\n","protected":false},"excerpt":{"rendered":"Le pr\u00e9sident ukrainien, Volodymyr Zelensky, a d\u00e9clar\u00e9 mardi \u00e0 la table du Conseil de s\u00e9curit\u00e9 de l&rsquo;ONU que&hellip;\n","protected":false},"author":2,"featured_media":414156,"comment_status":"","ping_status":"","sticky":false,"template":"","format":"standard","meta":{"footnotes":""},"categories":[1591],"tags":[1111,11,1921,5925,75,1887,28083,1922,12,2543,1885,1886,132,220,1917,133,1920,135,134],"class_list":{"0":"post-414155","1":"post","2":"type-post","3":"status-publish","4":"format-standard","5":"has-post-thumbnail","7":"category-russie","8":"tag-actu","9":"tag-actualites","10":"tag-article-video","11":"tag-conflits-et-guerre","12":"tag-donald-trump","13":"tag-federation-de-russie","14":"tag-guerre-en-ukraine-une-treve-sera-t-elle-possible","15":"tag-info","16":"tag-news","17":"tag-relations-internationales","18":"tag-russia","19":"tag-russian-federation","20":"tag-russie","21":"tag-ukraine","22":"tag-ukraine-4-annee-de-guerre","23":"tag-video","24":"tag-video-international","25":"tag-vladimir-poutine","26":"tag-volodymyr-zelensky"},"share_on_mastodon":{"url":"https:\/\/pubeurope.com\/@fr\/115259729833734163","error":""},"_links":{"self":[{"href":"https:\/\/www.europesays.com\/fr\/wp-json\/wp\/v2\/posts\/414155","targetHints":{"allow":["GET"]}}],"collection":[{"href":"https:\/\/www.europesays.com\/fr\/wp-json\/wp\/v2\/posts"}],"about":[{"href":"https:\/\/www.europesays.com\/fr\/wp-json\/wp\/v2\/types\/post"}],"author":[{"embeddable":true,"href":"https:\/\/www.europesays.com\/fr\/wp-json\/wp\/v2\/users\/2"}],"replies":[{"embeddable":true,"href":"https:\/\/www.europesays.com\/fr\/wp-json\/wp\/v2\/comments?post=414155"}],"version-history":[{"count":0,"href":"https:\/\/www.europesays.com\/fr\/wp-json\/wp\/v2\/posts\/414155\/revisions"}],"wp:featuredmedia":[{"embeddable":true,"href":"https:\/\/www.europesays.com\/fr\/wp-json\/wp\/v2\/media\/414156"}],"wp:attachment":[{"href":"https:\/\/www.europesays.com\/fr\/wp-json\/wp\/v2\/media?parent=414155"}],"wp:term":[{"taxonomy":"category","embeddable":true,"href":"https:\/\/www.europesays.com\/fr\/wp-json\/wp\/v2\/categories?post=414155"},{"taxonomy":"post_tag","embeddable":true,"href":"https:\/\/www.europesays.com\/fr\/wp-json\/wp\/v2\/tags?post=414155"}],"curies":[{"name":"wp","href":"https:\/\/api.w.org\/{rel}","templated":true}]}}