{"id":414157,"date":"2025-09-24T14:24:14","date_gmt":"2025-09-24T14:24:14","guid":{"rendered":"https:\/\/www.europesays.com\/fr\/414157\/"},"modified":"2025-09-24T14:24:14","modified_gmt":"2025-09-24T14:24:14","slug":"renault-explore-la-possibilite-de-produire-des-drones-pour-lukraine","status":"publish","type":"post","link":"https:\/\/www.europesays.com\/fr\/414157\/","title":{"rendered":"Renault explore la possibilit\u00e9 de produire des drones pour l\u2019Ukraine"},"content":{"rendered":"<p style=\"text-align:justify;\">AA \/ Paris \/ \u00dcmit D\u00f6nmez<\/p>\n<p style=\"text-align:justify;\">\u200b\u200b\u200b\u200b\u200b\u200b\u200b<\/p>\n<p style=\"text-align:justify;\">Renault a confirm\u00e9 avoir \u00e9t\u00e9 approch\u00e9 par le minist\u00e8re fran\u00e7ais des Arm\u00e9es pour envisager la production de drones destin\u00e9s \u00e0 l\u2019arm\u00e9e ukrainienne.<\/p>\n<p style=\"text-align:justify;\">Cit\u00e9 par la presse nationale, le constructeur automobile a pr\u00e9cis\u00e9 que \u00ab des \u00e9changes ont eu lieu, mais aucune d\u00e9cision n\u2019a \u00e9t\u00e9 prise \u00e0 ce stade \u00bb, dans l\u2019attente de pr\u00e9cisions gouvernementales. Le Premier ministre, S\u00e9bastien Lecornu, avait \u00e9voqu\u00e9 en juin, lorsqu&rsquo;il dirigeait le minist\u00e8re, la possibilit\u00e9 d\u2019une alliance entre une grande entreprise industrielle et une PME de d\u00e9fense afin de lancer des lignes de production directement en Ukraine.<\/p>\n<p style=\"text-align:justify;\">Selon la presse fran\u00e7aise, l\u2019initiative viserait \u00e0 doter Kiev de moyens suppl\u00e9mentaires pour faire face \u00e0 la guerre en cours, tout en cr\u00e9ant des retomb\u00e9es industrielles pour les partenaires fran\u00e7ais. Le type exact de drones envisag\u00e9 n\u2019a toutefois pas \u00e9t\u00e9 pr\u00e9cis\u00e9, laissant ouvertes les hypoth\u00e8ses allant de l\u2019appareil de surveillance au drone arm\u00e9.<\/p>\n<p style=\"text-align:justify;\">Une note interne, r\u00e9v\u00e9l\u00e9e le 24 septembre, montre que Renault a d\u00e9j\u00e0 inform\u00e9 ses salari\u00e9s des discussions en cours. Le groupe y met en avant la possibilit\u00e9 de valoriser son \u00ab savoir-faire industriel \u00bb dans le domaine de la d\u00e9fense, tout en reconnaissant des incertitudes li\u00e9es \u00e0 la s\u00e9curit\u00e9, \u00e0 la cybers\u00e9curit\u00e9 ou encore \u00e0 l\u2019image de marque de l\u2019entreprise.<\/p>\n<p style=\"text-align:justify;\">Les r\u00e9actions en interne sont contrast\u00e9es. Certains salari\u00e9s affirment qu\u2019ils \u00ab ont sign\u00e9 pour fabriquer des voitures, pas des armes \u00bb, tandis que d\u2019autres voient dans ce projet un d\u00e9bouch\u00e9 potentiel dans un secteur jug\u00e9 plus porteur que l\u2019automobile.<\/p>\n<p style=\"text-align:justify;\">Aucune implantation pr\u00e9cise en Ukraine n\u2019a encore \u00e9t\u00e9 confirm\u00e9e, et Renault n\u2019a pas indiqu\u00e9 si des \u00e9quipes fran\u00e7aises seraient mobilis\u00e9es sur place ou si la main-d\u2019\u0153uvre locale serait privil\u00e9gi\u00e9e. Le calendrier du projet reste, lui aussi, ind\u00e9termin\u00e9, selon la presse fran\u00e7aise.<\/p>\n<p style=\"text-align:justify;\">La guerre en Ukraine, d\u00e9clench\u00e9e par une \u00ab op\u00e9ration sp\u00e9ciale \u00bb russe en f\u00e9vrier 2022, se poursuit plus de trois ans apr\u00e8s avec une intensit\u00e9 toujours \u00e9lev\u00e9e sur plusieurs fronts.<\/p>\n<p>                            &#13;<br \/>\n                                <a href=\"https:\/\/www.aa.com.tr\/fr\/p\/abonnement\/1001\" target=\"_blank\" style=\"font-size:12px; color:#444; text-decoration:none;\" rel=\"noopener\">&#13;<br \/>\n                                    Seulement une partie des d\u00e9p\u00eaches, que l&rsquo;Agence Anadolu diffuse \u00e0 ses abonn\u00e9s via le Syst\u00e8me de Diffusion interne (HAS), est diffus\u00e9e sur le site de l&rsquo;AA, de mani\u00e8re r\u00e9sum\u00e9e. <b style=\"color:#1897F7\">Contactez-nous s&rsquo;il vous pla\u00eet pour vous abonner.<\/b>&#13;<br \/>\n                                <\/a>&#13;<\/p>\n","protected":false},"excerpt":{"rendered":"AA \/ Paris \/ \u00dcmit D\u00f6nmez \u200b\u200b\u200b\u200b\u200b\u200b\u200b Renault a confirm\u00e9 avoir \u00e9t\u00e9 approch\u00e9 par le minist\u00e8re fran\u00e7ais des&hellip;\n","protected":false},"author":2,"featured_media":414158,"comment_status":"","ping_status":"","sticky":false,"template":"","format":"standard","meta":{"footnotes":""},"categories":[1590],"tags":[11,1785,564,54456,1777,674,27,54457,54458,3482,12,220],"class_list":{"0":"post-414157","1":"post","2":"type-post","3":"status-publish","4":"format-standard","5":"has-post-thumbnail","7":"category-ukraine","8":"tag-actualites","9":"tag-anadolu-ajansi","10":"tag-drone","11":"tag-drones-militaires","12":"tag-eu","13":"tag-europe","14":"tag-france","15":"tag-france-ukraine","16":"tag-groupe-renault","17":"tag-guerre-russie-ukraine","18":"tag-news","19":"tag-ukraine"},"share_on_mastodon":{"url":"https:\/\/pubeurope.com\/@fr\/115259735827748011","error":""},"_links":{"self":[{"href":"https:\/\/www.europesays.com\/fr\/wp-json\/wp\/v2\/posts\/414157","targetHints":{"allow":["GET"]}}],"collection":[{"href":"https:\/\/www.europesays.com\/fr\/wp-json\/wp\/v2\/posts"}],"about":[{"href":"https:\/\/www.europesays.com\/fr\/wp-json\/wp\/v2\/types\/post"}],"author":[{"embeddable":true,"href":"https:\/\/www.europesays.com\/fr\/wp-json\/wp\/v2\/users\/2"}],"replies":[{"embeddable":true,"href":"https:\/\/www.europesays.com\/fr\/wp-json\/wp\/v2\/comments?post=414157"}],"version-history":[{"count":0,"href":"https:\/\/www.europesays.com\/fr\/wp-json\/wp\/v2\/posts\/414157\/revisions"}],"wp:featuredmedia":[{"embeddable":true,"href":"https:\/\/www.europesays.com\/fr\/wp-json\/wp\/v2\/media\/414158"}],"wp:attachment":[{"href":"https:\/\/www.europesays.com\/fr\/wp-json\/wp\/v2\/media?parent=414157"}],"wp:term":[{"taxonomy":"category","embeddable":true,"href":"https:\/\/www.europesays.com\/fr\/wp-json\/wp\/v2\/categories?post=414157"},{"taxonomy":"post_tag","embeddable":true,"href":"https:\/\/www.europesays.com\/fr\/wp-json\/wp\/v2\/tags?post=414157"}],"curies":[{"name":"wp","href":"https:\/\/api.w.org\/{rel}","templated":true}]}}