{"id":414165,"date":"2025-09-24T14:28:10","date_gmt":"2025-09-24T14:28:10","guid":{"rendered":"https:\/\/www.europesays.com\/fr\/414165\/"},"modified":"2025-09-24T14:28:10","modified_gmt":"2025-09-24T14:28:10","slug":"les-retraites-francais-sont-ils-plus-pauvres-que-les-autres-en-europe","status":"publish","type":"post","link":"https:\/\/www.europesays.com\/fr\/414165\/","title":{"rendered":"Les retrait\u00e9s fran\u00e7ais sont-ils plus pauvres que les autres en Europe\u00a0?"},"content":{"rendered":"<p>Les <a href=\"https:\/\/www.20minutes.fr\/dossier\/retraite\" class=\"c-link c-link--is-underlined\" target=\"_blank\" rel=\"noopener\">retrait\u00e9s<\/a> fran\u00e7ais sont-ils moins bien lotis que leurs voisins <a href=\"https:\/\/www.20minutes.fr\/dossier\/europe\" class=\"c-link c-link--is-underlined\" target=\"_blank\" rel=\"noopener\">europ\u00e9ens<\/a>\u00a0? Une \u00e9tude de la Drees <a href=\"https:\/\/drees.solidarites-sante.gouv.fr\/publications-communique-de-presse\/etudes-et-resultats\/250924_ER-personnes-pauvres-et-modestes-en-europe\" rel=\"nofollow noopener\" target=\"_blank\" class=\"c-link c-link--is-underlined\">publi\u00e9e ce mercredi<\/a> apporte certains \u00e9l\u00e9ments de r\u00e9ponse, alors m\u00eame que le poids des seniors dans les finances publiques fran\u00e7aises \u00e9tait au c\u0153ur des <a href=\"https:\/\/www.20minutes.fr\/politique\/4174757-20250924-budget-2026-sebastien-lecornu-toujours-gouvernement-pourquoi-prend-autant-temps\" class=\"c-link c-link--is-underlined\" target=\"_blank\" rel=\"noopener\">discussions budg\u00e9taires<\/a> ces derniers mois.<\/p>\n<p>Dans ces travaux du service statistique des minist\u00e8res sociaux, une personne est consid\u00e9r\u00e9e comme \u00ab\u00a0<a href=\"https:\/\/www.20minutes.fr\/dossier\/pauvrete\" class=\"c-link c-link--is-underlined\" target=\"_blank\" rel=\"noopener\">pauvre<\/a>\u00a0\u00bb \u00e0 partir du moment o\u00f9 son niveau de vie est inf\u00e9rieur \u00e0 60\u00a0% de la m\u00e9diane du pays. Cela signifie donc qu\u2019\u00eatre \u00ab\u00a0pauvre\u00a0\u00bb n\u2019a pas la m\u00eame signification d\u2019un territoire \u00e0 l\u2019autre puisqu\u2019on ne part pas de la m\u00eame base. Le seuil de pauvret\u00e9 est ainsi de 530 euros par mois en Roumanie, contre 1.500 euros au Luxembourg.<\/p>\n<p>La France compte 14\u00a0% de personnes pauvres<\/p>\n<p>En France en\u00a02021, on comptait 14\u00a0% de personnes \u00ab\u00a0pauvres\u00a0\u00bb, contre 17\u00a0% en moyenne dans l\u2019UE. Et les retrait\u00e9s, dans tout \u00e7a\u00a0? Quelle est la proportion des personnes dans le besoin parmi eux\u00a0? Est-on vraiment \u00e0 plaindre par rapport aux autres pays du continent\u00a0?<\/p>\n<p>Pour le savoir, regardez notre carte interactive ci-dessous\u00a0:<\/p>\n","protected":false},"excerpt":{"rendered":"Les retrait\u00e9s fran\u00e7ais sont-ils moins bien lotis que leurs voisins europ\u00e9ens\u00a0? Une \u00e9tude de la Drees publi\u00e9e ce&hellip;\n","protected":false},"author":2,"featured_media":414166,"comment_status":"","ping_status":"","sticky":false,"template":"","format":"standard","meta":{"footnotes":""},"categories":[1586],"tags":[47,11,1261,11617,1777,674,1011,27,74,12,4518,10181,25,137],"class_list":{"0":"post-414165","1":"post","2":"type-post","3":"status-publish","4":"format-standard","5":"has-post-thumbnail","7":"category-europe","8":"tag-actualite","9":"tag-actualites","10":"tag-argent","11":"tag-carte","12":"tag-eu","13":"tag-europe","14":"tag-fr","15":"tag-france","16":"tag-monde","17":"tag-news","18":"tag-pauvrete","19":"tag-precarite","20":"tag-republique-francaise","21":"tag-retraite"},"share_on_mastodon":{"url":"https:\/\/pubeurope.com\/@fr\/115259749426935940","error":""},"_links":{"self":[{"href":"https:\/\/www.europesays.com\/fr\/wp-json\/wp\/v2\/posts\/414165","targetHints":{"allow":["GET"]}}],"collection":[{"href":"https:\/\/www.europesays.com\/fr\/wp-json\/wp\/v2\/posts"}],"about":[{"href":"https:\/\/www.europesays.com\/fr\/wp-json\/wp\/v2\/types\/post"}],"author":[{"embeddable":true,"href":"https:\/\/www.europesays.com\/fr\/wp-json\/wp\/v2\/users\/2"}],"replies":[{"embeddable":true,"href":"https:\/\/www.europesays.com\/fr\/wp-json\/wp\/v2\/comments?post=414165"}],"version-history":[{"count":0,"href":"https:\/\/www.europesays.com\/fr\/wp-json\/wp\/v2\/posts\/414165\/revisions"}],"wp:featuredmedia":[{"embeddable":true,"href":"https:\/\/www.europesays.com\/fr\/wp-json\/wp\/v2\/media\/414166"}],"wp:attachment":[{"href":"https:\/\/www.europesays.com\/fr\/wp-json\/wp\/v2\/media?parent=414165"}],"wp:term":[{"taxonomy":"category","embeddable":true,"href":"https:\/\/www.europesays.com\/fr\/wp-json\/wp\/v2\/categories?post=414165"},{"taxonomy":"post_tag","embeddable":true,"href":"https:\/\/www.europesays.com\/fr\/wp-json\/wp\/v2\/tags?post=414165"}],"curies":[{"name":"wp","href":"https:\/\/api.w.org\/{rel}","templated":true}]}}