{"id":41417,"date":"2025-04-21T11:48:15","date_gmt":"2025-04-21T11:48:15","guid":{"rendered":"https:\/\/www.europesays.com\/fr\/41417\/"},"modified":"2025-04-21T11:48:15","modified_gmt":"2025-04-21T11:48:15","slug":"tout-savoir-et-tout-comprendre-sur-le-stage-a-letranger-voulu-par-de-zerbi-et-sa-direction","status":"publish","type":"post","link":"https:\/\/www.europesays.com\/fr\/41417\/","title":{"rendered":"tout savoir et tout comprendre sur le stage \u00e0 l&rsquo;\u00e9tranger voulu par De Zerbi et sa direction"},"content":{"rendered":"<p>Quel est le point commun entre Marseille et Lecce\u00a0? \u00c0 premi\u00e8re vue, pas grand-chose ne rassemble ces deux clubs, si ce n\u2019est leur position g\u00e9ographique, les deux villes \u00e9tant cal\u00e9es dans le sud-est de leur pays respectif. Et pourtant, leurs clubs de football viennent de prendre une mesure similaire et radicale\u00a0: \u00e0 l\u2019image de <a href=\"https:\/\/www.antennasud.com\/il-lecce-conferma-giampaolo-squadra-in-ritiro\/\" target=\"_blank\" rel=\"noopener\">Marco Giampaolo \u00e0 la t\u00eate de l\u2019\u00e9curie apulienne<\/a>, Roberto De Zerbi vient de d\u00e9cr\u00e9ter, \u00e0 l\u2019OM, un \u00ab\u00a0ritiro\u00a0\u00bb pour les jours \u00e0 venir.<\/p>\n<p>De Zerbi veut des joueurs seulement concern\u00e9s par le football<\/p>\n<p>Ritiro, qu\u00e9saco\u00a0? Dans la langue de Dante, ce mot signifie \u00ab\u00a0retraite\u00a0\u00bb et a presque un sens spirituel pour ceux qui veulent se retirer du monde qui les entoure pour mieux se concentrer sur eux-m\u00eames. \u00c0 la lutte pour son maintien en Serie A apr\u00e8s sa nouvelle d\u00e9faite \u00e0 domicile contre C\u00f4me samedi, Lecce a pris une telle d\u00e9cision pour sauver ce qui peut encore l\u2019\u00eatre \u00e0 cinq journ\u00e9es de la fin du championnat.<\/p>\n","protected":false},"excerpt":{"rendered":"Quel est le point commun entre Marseille et Lecce\u00a0? \u00c0 premi\u00e8re vue, pas grand-chose ne rassemble ces deux&hellip;\n","protected":false},"author":2,"featured_media":41418,"comment_status":"","ping_status":"","sticky":false,"template":"","format":"standard","meta":{"footnotes":""},"categories":[2],"tags":[17,11,12635,1011,27,12,149,12634,3866,3356,3585],"class_list":{"0":"post-41417","1":"post","2":"type-post","3":"status-publish","4":"format-standard","5":"has-post-thumbnail","7":"category-actualites","8":"tag-17","9":"tag-actualites","10":"tag-comprendre","11":"tag-fr","12":"tag-france","13":"tag-news","14":"tag-om","15":"tag-savoir","16":"tag-stage","17":"tag-sur","18":"tag-tout"},"share_on_mastodon":{"url":"https:\/\/pubeurope.com\/@fr\/114375799823165580","error":""},"_links":{"self":[{"href":"https:\/\/www.europesays.com\/fr\/wp-json\/wp\/v2\/posts\/41417","targetHints":{"allow":["GET"]}}],"collection":[{"href":"https:\/\/www.europesays.com\/fr\/wp-json\/wp\/v2\/posts"}],"about":[{"href":"https:\/\/www.europesays.com\/fr\/wp-json\/wp\/v2\/types\/post"}],"author":[{"embeddable":true,"href":"https:\/\/www.europesays.com\/fr\/wp-json\/wp\/v2\/users\/2"}],"replies":[{"embeddable":true,"href":"https:\/\/www.europesays.com\/fr\/wp-json\/wp\/v2\/comments?post=41417"}],"version-history":[{"count":0,"href":"https:\/\/www.europesays.com\/fr\/wp-json\/wp\/v2\/posts\/41417\/revisions"}],"wp:featuredmedia":[{"embeddable":true,"href":"https:\/\/www.europesays.com\/fr\/wp-json\/wp\/v2\/media\/41418"}],"wp:attachment":[{"href":"https:\/\/www.europesays.com\/fr\/wp-json\/wp\/v2\/media?parent=41417"}],"wp:term":[{"taxonomy":"category","embeddable":true,"href":"https:\/\/www.europesays.com\/fr\/wp-json\/wp\/v2\/categories?post=41417"},{"taxonomy":"post_tag","embeddable":true,"href":"https:\/\/www.europesays.com\/fr\/wp-json\/wp\/v2\/tags?post=41417"}],"curies":[{"name":"wp","href":"https:\/\/api.w.org\/{rel}","templated":true}]}}