{"id":414180,"date":"2025-09-24T14:40:14","date_gmt":"2025-09-24T14:40:14","guid":{"rendered":"https:\/\/www.europesays.com\/fr\/414180\/"},"modified":"2025-09-24T14:40:14","modified_gmt":"2025-09-24T14:40:14","slug":"felipe-drugovich-confirme-en-formule-e-avec-andretti","status":"publish","type":"post","link":"https:\/\/www.europesays.com\/fr\/414180\/","title":{"rendered":"Felipe Drugovich confirm\u00e9 en Formule E avec Andretti"},"content":{"rendered":"<p>AUTOhebdo le pr\u00e9disait il y a quelques semaines et c\u2019est \u00e0 pr\u00e9sent act\u00e9. Felipe Drugovich fait son retour en tant que pilote \u00e0 temps plein pour la premi\u00e8re fois depuis son titre de champion de <a href=\"https:\/\/www.autohebdo.fr\/actualites\/monoplace\/formule-2\" data-internallinksmanager029f6b8e52c=\"14\" title=\"Formule 2\" target=\"_blank\" rel=\"noopener\">Formule 2<\/a>. S\u2019\u00e9loignant des monoplaces Dallara F2\/18 et des AMR25, le Br\u00e9silien courra en <a href=\"https:\/\/www.autohebdo.fr\/actualites\/monoplace\/formule-e\" data-internallinksmanager029f6b8e52c=\"63\" title=\"Formule E\" target=\"_blank\" rel=\"noopener\">Formule E<\/a> la saison prochaine. Le pilote de r\u00e9serve <a href=\"https:\/\/www.autohebdo.fr\/actualites\/ecurie\/aston-martin\" data-internallinksmanager029f6b8e52c=\"77\" title=\"Ecurie Aston Martin F1 Team\" target=\"_blank\" rel=\"noopener\">Aston Martin<\/a> fera \u00e9quipe avec le champion de la neuvi\u00e8me saison Jake Dennis et remplacer Nico M\u00fcller chez <a href=\"https:\/\/fiaformulae.com\/en\/news\/759653\" target=\"_blank\" rel=\"noopener\">Andretti<\/a>. L\u2019allemand est pour sa part pressenti pour rejoindre <a href=\"https:\/\/www.autohebdo.fr\/actualites\/ecurie\/porsche-team\" data-internallinksmanager029f6b8e52c=\"111\" title=\"Porsche Team\" target=\"_blank\" rel=\"noopener\">Porsche<\/a> \u00e0 la place d\u2019Ant\u00f3nio F\u00e9lix da Costa. Avec cette signature, le Br\u00e9silien abandonne-t-il sa qu\u00eate d\u2019un baquet en <a href=\"https:\/\/www.autohebdo.fr\/actualites\/f1\" data-internallinksmanager029f6b8e52c=\"1\" title=\"F1\" target=\"_blank\" rel=\"noopener\">Formule 1<\/a>\u202f?<\/p>\n<p><strong>\u00c0 LIRE AUSSI &gt; <a href=\"https:\/\/www.autohebdo.fr\/actualites\/monoplace\/formule-e\/porsche-annonce-officiellement-le-depart-dantonio-felix-da-costa.html\" target=\"_blank\" rel=\"noopener\">Porsche annonce officiellement le d\u00e9part d\u2019Ant\u00f3nio F\u00e9lix da Costa<\/a><\/strong><\/p>\n<p>L\u2019annonce attendue s\u2019est finalement concr\u00e9tis\u00e9e.\u00a0 \u00ab Je suis tr\u00e8s heureux d\u2019annoncer que je vais rejoindre Andretti Formula E. Je suis aussi vraiment impatient de voir ce que l\u2019avenir nous r\u00e9serve, se r\u00e9jouit Drugovich. Mon \u00e9quipe et moi sommes en contact avec Andretti depuis que j\u2019ai remport\u00e9 le titre de Formule 2. C\u2019est donc formidable que nous ayons r\u00e9ussi \u00e0 rester en contact pendant tout ce temps et que nous ayons enfin l\u2019occasion de travailler ensemble. \u00bb<\/p>\n<p>De la Formule 2 \u00e0 la Formule E en passant par la Formule 1, Drugovic retrouve le volant \u00e0 plein temps avec Andretti<\/p>\n<p>En 2023, le pilote de 25 ans faisait ses d\u00e9buts au sein de la cat\u00e9gorie \u00e9lectrique de la FIA et \u00e9tablissait le meilleur temps du Rookie Test de Berlin. Toujours dans la capitale allemande, il impressionnait en 2025 en marquant ses premiers points \u00e0 l\u2019E-Prix de Berlin. \u00c9galement pilote de r\u00e9serve Aston Martin depuis septembre 2022, le natif de Maring\u00e1 (Br\u00e9sil) n\u2019a pris part qu\u2019\u00e0 sept s\u00e9ances d\u2019essais libres en Formule 1 avec l\u2019\u00e9curie de Silverstone et aux <a href=\"https:\/\/www.autohebdo.fr\/actualites\/endurance\/wec\/24-h-le-mans\" data-internallinksmanager029f6b8e52c=\"56\" title=\"24h du mans\" target=\"_blank\" rel=\"noopener\">24 Heures du Mans<\/a> et \u00e0 l\u2019<a href=\"https:\/\/www.autohebdo.fr\/actualites\/endurance\/imsa\" data-internallinksmanager029f6b8e52c=\"58\" title=\"imsa\" target=\"_blank\" rel=\"noopener\">IMSA<\/a> avec Cadillac Racing.<\/p>\n<p>De retour en championnat \u00e0 plein temps, le pilote jubile de cette premi\u00e8re depuis trois ans. \u00ab\u00a0Cela fait trop longtemps que je n\u2019ai pas couru, d\u00e9plore-t-il. Je suis donc extr\u00eamement motiv\u00e9 \u00e0 l\u2019id\u00e9e de revenir sur les circuits. Cela signifie beaucoup pour moi de savoir que je participerai \u00e0 toutes les sessions et que je ne serai pas seulement rempla\u00e7ant, comme cela a \u00e9t\u00e9 le cas ces derni\u00e8res ann\u00e9es.\u00a0\u00bb<\/p>\n<p>Cette annonce intervient apr\u00e8s que Cadillac ait jet\u00e9 son d\u00e9volu sur <a href=\"https:\/\/www.autohebdo.fr\/pilote\/f1\/valtteri-bottas\" data-internallinksmanager029f6b8e52c=\"45\" title=\"Valtteri Bottas\" target=\"_blank\" rel=\"noopener\">Valtteri Bottas<\/a> et Sergio P\u00e9rez pour sa formation 2026 en Formule 1, alors m\u00eame que Drugovich a particip\u00e9 aux 24 Heures de Daytona et \u00e0 deux reprises aux 24 Heures du Mans au volant de l\u2019Hypercar de la marque am\u00e9ricaine.<\/p>\n<p>L\u2019ancien pilote de Formule 2 est \u00ab\u00a0tr\u00e8s reconnaissant \u00e0 toute l\u2019organisation Andretti Global \u00bb. Il saluait \u00e9galement Roger Griffiths, le directeur de sa future \u00e9curie, pour son appui et sa confiance. \u00ab Je tiens \u00e9galement \u00e0 remercier tout particuli\u00e8rement Roger [Griffiths] pour m\u2019avoir contact\u00e9 et avoir rendu cela possible. Je suis concentr\u00e9, motiv\u00e9 et enthousiaste pour l\u2019avenir, et je sais qu\u2019Andretti dispose de tous les outils n\u00e9cessaires pour que je r\u00e9ussisse. Je suis convaincu que ce nouveau chapitre que nous allons \u00e9crire ensemble sera m\u00e9morable\u00a0\u00bb conclue Drugovich.<\/p><\/p>\n","protected":false},"excerpt":{"rendered":"AUTOhebdo le pr\u00e9disait il y a quelques semaines et c\u2019est \u00e0 pr\u00e9sent act\u00e9. Felipe Drugovich fait son retour&hellip;\n","protected":false},"author":2,"featured_media":414181,"comment_status":"","ping_status":"","sticky":false,"template":"","format":"standard","meta":{"footnotes":""},"categories":[1412],"tags":[47839,1709,1451,37906,1452,1453,1454,8313,1455,1011,27,60],"class_list":{"0":"post-414180","1":"post","2":"type-post","3":"status-publish","4":"format-standard","5":"has-post-thumbnail","7":"category-f1","8":"tag-andretti","9":"tag-aston-martin","10":"tag-f1","11":"tag-felipe-drugovich","12":"tag-formula-1","13":"tag-formula1","14":"tag-formule-1","15":"tag-formule-e","16":"tag-formule1","17":"tag-fr","18":"tag-france","19":"tag-sports"},"share_on_mastodon":{"url":"https:\/\/pubeurope.com\/@fr\/115259796614060138","error":""},"_links":{"self":[{"href":"https:\/\/www.europesays.com\/fr\/wp-json\/wp\/v2\/posts\/414180","targetHints":{"allow":["GET"]}}],"collection":[{"href":"https:\/\/www.europesays.com\/fr\/wp-json\/wp\/v2\/posts"}],"about":[{"href":"https:\/\/www.europesays.com\/fr\/wp-json\/wp\/v2\/types\/post"}],"author":[{"embeddable":true,"href":"https:\/\/www.europesays.com\/fr\/wp-json\/wp\/v2\/users\/2"}],"replies":[{"embeddable":true,"href":"https:\/\/www.europesays.com\/fr\/wp-json\/wp\/v2\/comments?post=414180"}],"version-history":[{"count":0,"href":"https:\/\/www.europesays.com\/fr\/wp-json\/wp\/v2\/posts\/414180\/revisions"}],"wp:featuredmedia":[{"embeddable":true,"href":"https:\/\/www.europesays.com\/fr\/wp-json\/wp\/v2\/media\/414181"}],"wp:attachment":[{"href":"https:\/\/www.europesays.com\/fr\/wp-json\/wp\/v2\/media?parent=414180"}],"wp:term":[{"taxonomy":"category","embeddable":true,"href":"https:\/\/www.europesays.com\/fr\/wp-json\/wp\/v2\/categories?post=414180"},{"taxonomy":"post_tag","embeddable":true,"href":"https:\/\/www.europesays.com\/fr\/wp-json\/wp\/v2\/tags?post=414180"}],"curies":[{"name":"wp","href":"https:\/\/api.w.org\/{rel}","templated":true}]}}