{"id":414182,"date":"2025-09-24T14:41:10","date_gmt":"2025-09-24T14:41:10","guid":{"rendered":"https:\/\/www.europesays.com\/fr\/414182\/"},"modified":"2025-09-24T14:41:10","modified_gmt":"2025-09-24T14:41:10","slug":"cyclisme-championnats-du-monde-primoz-roglic-nous-avons-vu-ce-que-pogacar-peut-faire","status":"publish","type":"post","link":"https:\/\/www.europesays.com\/fr\/414182\/","title":{"rendered":"Cyclisme. Championnats du Monde &#8211; Primoz Roglic : \u00abNous avons vu ce que Pogacar peut faire\u00bb"},"content":{"rendered":"<p>Ce n&rsquo;est un secret pour personne, le grand favori pour la course en ligne des <strong>Championnats du Monde <\/strong>ce dimanche, n&rsquo;est ni plus ni moins que le vainqueur sortant, <strong><a href=\"https:\/\/www.cyclismactu.net\/..\/news-championnats-du-monde-route-tadej-pogacar-je-serai-pret-pour-ce-dimanche-90260.html\" target=\"_blank\" rel=\"noopener\">Tadej Pogacar<\/a><\/strong>. Et s&rsquo;il y a quelques ann\u00e9es, on aurait pu d\u00e9plorer le manque d&rsquo;\u00e9quipiers pour l&rsquo;\u00e9pauler pendant toute la course, cette ann\u00e9e la Slov\u00e9nie fait partie des \u00e9quipes les plus all\u00e9chantes au d\u00e9part et comptera m\u00eame neuf coureurs, contre huit pour la plupart des principales nations. <strong>Matej Mohoric<\/strong>, <strong>Domen Novak<\/strong>, <strong>Luka Mezgec<\/strong>&#8230; Tous seront d\u00e9vou\u00e9s pour leur leader, et parmi eux, un \u00e9quipier plus m\u00e9diatis\u00e9 que les autres : <strong><a href=\"https:\/\/www.cyclismactu.net\/..\/news-classement-uci-route-vingegaard-redevient-dauphin-de-pogacar-roglic-degringole-90174.html\" target=\"_blank\" rel=\"noopener\">Primoz Roglic<\/a><\/strong>.<\/p>\n<p>Vid\u00e9o &#8211; Tadej Pogacar va vouloir sa revanche dimanche Lire la suite de l&rsquo;article&#13;<\/p>\n<p>\u00a0<\/p>\n<p>&#13;<br \/>\n\u00ab\u00a0J&rsquo;esp\u00e8re avoir assez d&rsquo;\u00e9nergie dans le r\u00e9servoir\u00a0\u00bb&#13;<\/p>\n<p>Le v\u00e9t\u00e9ran Slov\u00e8ne a en effet appel\u00e9 pour se rendre au Rwanda et y disputer ses sixi\u00e8mes <strong>Championnats du Monde<\/strong>, lui qui n&rsquo;a jamais fait mieux qu&rsquo;une sixi\u00e8me place, sur le parcours tr\u00e8s exigeant d&rsquo;Imola, en 2020. Cependant, cette fois-ci, <strong>Primoz Roglic <\/strong>ne devrait pas jouer pour lui mais bien pour <strong>Tadej Pogacar<\/strong>, comme il l&rsquo;explique dans un entretien avec <a href=\"https:\/\/www.24ur.com\/sport\/ostalo\/iz-vasih-ust-v-bozja-usesa.html\" target=\"_blank\" rel=\"noopener\">24ur.com<\/a>\u00a0: \u00ab\u00a0Nous avons le privil\u00e8ge d\u2019\u00eatre dans la course avec neuf coureurs et nous signerions probablement tous pour qu\u2019elle se termine par le r\u00e9sultat de 2024. Ensuite, nous avons tous vu ce que Tadej \u00e9tait capable de faire, je pense qu\u2019il faudra lui laisser de l\u2019espace, pour ne pas le g\u00eaner. Pour nous autres, ce sera un grand d\u00e9fi d\u2019atteindre la ligne d\u2019arriv\u00e9e.\u00a0\u00bb\u00a0Ce sera \u00e9galement le retour \u00e0 la comp\u00e9tition pour le Slov\u00e8ne qui n&rsquo;a pas couru depuis sa 22e place sur la <strong>Clasica San Sebastian <\/strong>: \u00ab\u00a0J\u2019esp\u00e8re surtout avoir encore assez d\u2019\u00e9nergie dans le r\u00e9servoir, car une course tr\u00e8s difficile nous attend au Rwanda\u00a0\u00bb<\/p>\n<p>&#13;<\/p>\n<p>Le Slov\u00e8ne est \u00e9galement revenu sur la future arriv\u00e9e de <strong>Remco Evenepoel <\/strong>dans son \u00e9quipe, la <strong>Red Bull-Bora-Hansgrohe<\/strong>, l&rsquo;ann\u00e9e prochaine : \u00ab\u00a0C&rsquo;est une bonne chose.\u00a0Tout ne reposera pas sur mes \u00e9paules en mati\u00e8re de r\u00e9sultats. Il est jeune, mais d\u00e9j\u00e0 tr\u00e8s exp\u00e9riment\u00e9 et pourra prendre un r\u00f4le plus important.\u00a0Combien me reste-t-il \u00e0 courir ? Si je connaissais la r\u00e9ponse, tout serait beaucoup plus facile. Le temps nous le dira, ce qui se passe enverra des signaux et \u00e0 ce moment-l\u00e0, nous ferons le meilleur choix possible.\u00a0\u00bb<\/p>\n","protected":false},"excerpt":{"rendered":"Ce n&rsquo;est un secret pour personne, le grand favori pour la course en ligne des Championnats du Monde&hellip;\n","protected":false},"author":2,"featured_media":414183,"comment_status":"","ping_status":"","sticky":false,"template":"","format":"standard","meta":{"footnotes":""},"categories":[1411],"tags":[22448,1154,207,211,1011,27,209,60,210,212,208,213],"class_list":{"0":"post-414182","1":"post","2":"type-post","3":"status-publish","4":"format-standard","5":"has-post-thumbnail","7":"category-cyclisme","8":"tag-championnats-du-monde","9":"tag-cycling","10":"tag-cyclisme","11":"tag-ffc","12":"tag-fr","13":"tag-france","14":"tag-route","15":"tag-sports","16":"tag-tour-de-france","17":"tag-uci","18":"tag-velo","19":"tag-world-tour"},"share_on_mastodon":{"url":"https:\/\/pubeurope.com\/@fr\/115259800559139465","error":""},"_links":{"self":[{"href":"https:\/\/www.europesays.com\/fr\/wp-json\/wp\/v2\/posts\/414182","targetHints":{"allow":["GET"]}}],"collection":[{"href":"https:\/\/www.europesays.com\/fr\/wp-json\/wp\/v2\/posts"}],"about":[{"href":"https:\/\/www.europesays.com\/fr\/wp-json\/wp\/v2\/types\/post"}],"author":[{"embeddable":true,"href":"https:\/\/www.europesays.com\/fr\/wp-json\/wp\/v2\/users\/2"}],"replies":[{"embeddable":true,"href":"https:\/\/www.europesays.com\/fr\/wp-json\/wp\/v2\/comments?post=414182"}],"version-history":[{"count":0,"href":"https:\/\/www.europesays.com\/fr\/wp-json\/wp\/v2\/posts\/414182\/revisions"}],"wp:featuredmedia":[{"embeddable":true,"href":"https:\/\/www.europesays.com\/fr\/wp-json\/wp\/v2\/media\/414183"}],"wp:attachment":[{"href":"https:\/\/www.europesays.com\/fr\/wp-json\/wp\/v2\/media?parent=414182"}],"wp:term":[{"taxonomy":"category","embeddable":true,"href":"https:\/\/www.europesays.com\/fr\/wp-json\/wp\/v2\/categories?post=414182"},{"taxonomy":"post_tag","embeddable":true,"href":"https:\/\/www.europesays.com\/fr\/wp-json\/wp\/v2\/tags?post=414182"}],"curies":[{"name":"wp","href":"https:\/\/api.w.org\/{rel}","templated":true}]}}