{"id":414187,"date":"2025-09-24T14:44:10","date_gmt":"2025-09-24T14:44:10","guid":{"rendered":"https:\/\/www.europesays.com\/fr\/414187\/"},"modified":"2025-09-24T14:44:10","modified_gmt":"2025-09-24T14:44:10","slug":"entre-les-deux-peintres-la-pesanteur-et-la-grace","status":"publish","type":"post","link":"https:\/\/www.europesays.com\/fr\/414187\/","title":{"rendered":"entre les deux peintres, la pesanteur et la Gr\u00e2ce"},"content":{"rendered":"<p data-module=\"standfirst\" data-context=\"@media (min-width:48em)\"><strong>GRAND D\u00c9CRYPTAGE &#8211;<\/strong> Tout s\u00e9pare leur art\u00a0: les genres, la mani\u00e8re, la lumi\u00e8re, la palette, la peinture religieuse elle-m\u00eame. Le premier sugg\u00e8re l\u2019action du divin parmi les humbles quand le second fait de l\u2019apolog\u00e9tique. Ils ne se sont rejoints que dans la repr\u00e9sentation de l\u2019invisible.<\/p>\n<p class=\"fig-paragraph fig-paragraph--dropped\">Cet article est issu du Figaro hors-s\u00e9rie \u00ab Georges de La Tour, Ombres et lumi\u00e8res\u00a0\u00bb. Plongez dans le myst\u00e8re La Tour et\u00a0<a href=\"https:\/\/boutique.lefigaro.fr\/produit\/140822-georges-de-la-tour-l-enigmatique\" target=\"_blank\" rel=\"noopener\" data-gtm-custom-categorie=\"navigation\" data-gtm-custom-action=\"crossclick\" data-gtm-custom-label=\"Contextuel\" data-gtm-event=\"customEventSPE\">la compr\u00e9hension de son \u0153uvre en 160 pages<\/a> \u00a0, magnifiquement illustr\u00e9es.<\/p>\n<p>    Georges de La Tour, Ombres et Lumi\u00e8res<br \/>\n                Le Figaro<\/p>\n<p class=\"fig-paragraph fig-paragraph--dropped\">Fr\u00e9d\u00e9rique Lano\u00eb est conservatrice en charge des arts graphiques, Mission de pr\u00e9figuration du Mus\u00e9e du Grand Si\u00e8cle.<\/p>\n<p class=\"fig-paragraph fig-paragraph--dropped\">Ils sont pass\u00e9s \u00e0 la post\u00e9rit\u00e9 comme deux grands noms de la peinture fran\u00e7aise du Grand Si\u00e8cle, \u00e0 la dimension spirituelle remarquable. Pourtant l\u2019art de\u00a0<a href=\"http:\/\/www.lefigaro.fr\/arts-expositions\/georges-de-la-tour-poete-des-flammes-avait-une-comprehension-exceptionnelle-de-l-ame-humaine-20250915\" data-fig-type=\"Article\" data-gtm-custom-categorie=\"navigation\" data-gtm-custom-action=\"crossclick\" data-gtm-custom-label=\"Contextuel\" data-gtm-event=\"customEventSPE\" data-fig-domain=\"LEFIGARO\" target=\"_blank\" rel=\"noopener\">Georges de La Tour<\/a>\u00a0et celui de Philippe de Champaigne paraissent si diff\u00e9rents que leur rapprochement peut sembler incongru. S\u2019ils se sont illustr\u00e9s dans la peinture religieuse, ils ne se sont pas en effet confront\u00e9s aux m\u00eames genres de peintures.<\/p>\n<p class=\"fig-paragraph fig-paragraph--dropped\">Alors que La Tour d\u00e9veloppe avec bonheur la sc\u00e8ne\u00a0<a href=\"http:\/\/www.lefigaro.fr\/arts-expositions\/georges-de-la-tour-un-acteur-resolu-du-premier-caravagisme-20250917\" data-fig-type=\"Article\" data-gtm-custom-categorie=\"navigation\" data-gtm-custom-action=\"crossclick\" data-gtm-custom-label=\"Contextuel\" data-gtm-event=\"customEventSPE\" data-fig-domain=\"LEFIGARO\" target=\"_blank\" rel=\"noopener\">de genre caravagesque<\/a>, aucune trace de th\u00e9\u00e2tre ou de jeux de dupes chez Champaigne, qui se concentrera plut\u00f4t sur le portrait et le paysage. Ils m\u00fbrissent leurs styles respectifs par une approche fondamentalement divergente de la lumi\u00e8re&amp;nbsp\u2026<\/p>\n<p class=\"fig-premium-paywall__infos\">\n        Cet article est r\u00e9serv\u00e9 aux abonn\u00e9s.        Il vous reste 93% \u00e0 d\u00e9couvrir.\n    <\/p>\n<p>                <img  data- alt=\"Le Figaro\" class=\"fig-img--complete fig-img\"\/><\/p>\n<p class=\"fig-premium-paywall__title\">Vous avez envie de lire la suite ?<\/p>\n<p class=\"fig-premium-paywall__subtitle\">D\u00e9bloquez tous les articles imm\u00e9diatement.<\/p>\n<p class=\"fig-premium-paywall__connect\">\n                D\u00e9j\u00e0 abonn\u00e9\u00a0?                <a class=\"fig-premium-paywall__connect-link\" href=\"https:\/\/connect.lefigaro.fr\/login?client=horizon_web&amp;type=main&amp;redirect_uri=https%3A%2F%2Fwww.lefigaro.fr%2Farts-expositions%2Fgeorges-de-la-tour-et-philippe-de-champaigne-entre-les-deux-artistes-la-pesanteur-et-la-grace-20250924\" data-js-gtm=\"{&quot;customCategorie&quot;: &quot;conversion&quot;, &quot;customAction&quot;: &quot;before_Landing_Connexion_paywall_auto&quot;, &quot;customLabel&quot;: &quot;bGVmaWdhcm8uZnJfXzFmMDk3YjY5LTczYzctNjAzYS04MTAxLWJmYWZjMDM5ZDhlNl9fQXJ0aWNsZQ==_Georges de La\u00a0Tour et Philippe de Champaigne\u00a0: entre les deux peintres, la pesanteur et la Gr\u00e2ce_285&quot;, &quot;customIDSPE&quot;: &quot;bGVmaWdhcm8uZnJfXzFmMDk3YjY5LTczYzctNjAzYS04MTAxLWJmYWZjMDM5ZDhlNl9fQXJ0aWNsZQ==&quot;, &quot;event&quot;: &quot;customEventSPE&quot;}\" target=\"_blank\" rel=\"noopener\"><br \/>\n                    Connectez-vous<br \/>\n                <\/a>\n            <\/p>\n","protected":false},"excerpt":{"rendered":"GRAND D\u00c9CRYPTAGE &#8211; Tout s\u00e9pare leur art\u00a0: les genres, la mani\u00e8re, la lumi\u00e8re, la palette, la peinture religieuse&hellip;\n","protected":false},"author":2,"featured_media":414188,"comment_status":"","ping_status":"","sticky":false,"template":"","format":"standard","meta":{"footnotes":""},"categories":[1358],"tags":[1348,1384,1385,1386,58,59,1011,27,51539],"class_list":{"0":"post-414187","1":"post","2":"type-post","3":"status-publish","4":"format-standard","5":"has-post-thumbnail","7":"category-arts-et-design","8":"tag-arts","9":"tag-arts-and-design","10":"tag-arts-et-design","11":"tag-design","12":"tag-divertissement","13":"tag-entertainment","14":"tag-fr","15":"tag-france","16":"tag-georges-de-la-tour"},"share_on_mastodon":{"url":"https:\/\/pubeurope.com\/@fr\/115259812378956868","error":""},"_links":{"self":[{"href":"https:\/\/www.europesays.com\/fr\/wp-json\/wp\/v2\/posts\/414187","targetHints":{"allow":["GET"]}}],"collection":[{"href":"https:\/\/www.europesays.com\/fr\/wp-json\/wp\/v2\/posts"}],"about":[{"href":"https:\/\/www.europesays.com\/fr\/wp-json\/wp\/v2\/types\/post"}],"author":[{"embeddable":true,"href":"https:\/\/www.europesays.com\/fr\/wp-json\/wp\/v2\/users\/2"}],"replies":[{"embeddable":true,"href":"https:\/\/www.europesays.com\/fr\/wp-json\/wp\/v2\/comments?post=414187"}],"version-history":[{"count":0,"href":"https:\/\/www.europesays.com\/fr\/wp-json\/wp\/v2\/posts\/414187\/revisions"}],"wp:featuredmedia":[{"embeddable":true,"href":"https:\/\/www.europesays.com\/fr\/wp-json\/wp\/v2\/media\/414188"}],"wp:attachment":[{"href":"https:\/\/www.europesays.com\/fr\/wp-json\/wp\/v2\/media?parent=414187"}],"wp:term":[{"taxonomy":"category","embeddable":true,"href":"https:\/\/www.europesays.com\/fr\/wp-json\/wp\/v2\/categories?post=414187"},{"taxonomy":"post_tag","embeddable":true,"href":"https:\/\/www.europesays.com\/fr\/wp-json\/wp\/v2\/tags?post=414187"}],"curies":[{"name":"wp","href":"https:\/\/api.w.org\/{rel}","templated":true}]}}