{"id":414189,"date":"2025-09-24T14:45:13","date_gmt":"2025-09-24T14:45:13","guid":{"rendered":"https:\/\/www.europesays.com\/fr\/414189\/"},"modified":"2025-09-24T14:45:13","modified_gmt":"2025-09-24T14:45:13","slug":"dix-autrices-a-lhonneur-revue-les-libraires","status":"publish","type":"post","link":"https:\/\/www.europesays.com\/fr\/414189\/","title":{"rendered":"Dix autrices \u00e0 l\u2019honneur \u2014 Revue Les libraires"},"content":{"rendered":"<p>La deuxi\u00e8me \u00e9dition du prix Janette-Bertrand est lanc\u00e9e : une s\u00e9lection de dix livres a \u00e9t\u00e9 d\u00e9termin\u00e9e.<\/p>\n<p>Le prix Janette-Bertrand a \u00e9t\u00e9 cr\u00e9\u00e9 pour rendre hommage \u00e0 la grande dame et \u00e0 son implication \u00e0 d\u00e9fendre la justice sociale tout au long de sa vie. Le prix vise \u00e0 soutenir les autrices de la francophonie canadienne qui utilisent leur plume pour traiter des enjeux d\u2019autonomie, d\u2019\u00e9galit\u00e9 et de violences de genre.<\/p>\n<p>Le jury, dont les membres ont r\u00e9it\u00e9r\u00e9 leur mandat cette ann\u00e9e, est pr\u00e9sid\u00e9 par Pauline Marois et compos\u00e9 de Vanessa Allnutt, Jeanne Boivin, Vanessa Destin\u00e9 et Philippe Fortin. Cette premi\u00e8re s\u00e9lection, choisie minutieusement, sera \u00e9court\u00e9e \u00e0 l\u2019annonce des cinq finalistes \u00e0 la mi-octobre.<\/p>\n<p>Voici les dix livres s\u00e9lectionn\u00e9s\u00a0:<\/p>\n<p><a href=\"https:\/\/www.leslibraires.ca\/livres\/eminentes-victoriennes-manon-louisa-auger-9782895188391.html\" target=\"_blank\" rel=\"noopener\">\u00c9minentes Victoriennes\u00a0: Laure Conan, Henriette Dessaules, Az\u00e9lie Papineau et Jos\u00e9phine Marchand<\/a>, de Manon Louisa Auger (Nota Bene)<\/p>\n<p><a href=\"https:\/\/www.leslibraires.ca\/livres\/presque-vierge-josee-blanchette-9782897117290.html\" target=\"_blank\" rel=\"noopener\">Presque vierge<\/a>, de Jos\u00e9e Blanchette (Druide)<\/p>\n<p><a href=\"https:\/\/www.leslibraires.ca\/livres\/l-embouchure-myriam-de-gaspe-9782894198940.html\" target=\"_blank\" rel=\"noopener\">L\u2019embouchure<\/a>, de Myriam de Gasp\u00e9 (Les Herbes rouges)<\/p>\n<p><a href=\"https:\/\/www.leslibraires.ca\/livres\/34-b-isabelle-hubert-9782895024927.html\" target=\"_blank\" rel=\"noopener\">34 B<\/a>, d\u2019Isabelle Hubert (L\u2019instant m\u00eame)<\/p>\n<p><a href=\"https:\/\/www.leslibraires.ca\/livres\/la-mere-des-larves-maude-jarry-9782925110989.html\" target=\"_blank\" rel=\"noopener\">La m\u00e8re des larves<\/a>, de Maude Jarry (Ta M\u00e8re)<\/p>\n<p><a href=\"https:\/\/www.leslibraires.ca\/livres\/un-roman-au-four-marie-sissi-labreche-9782760949638.html\" target=\"_blank\" rel=\"noopener\">Un roman au four<\/a>, de Marie-Sissi Labr\u00e8che (Lem\u00e9ac)<\/p>\n<p><a href=\"https:\/\/www.leslibraires.ca\/livres\/l-ete-de-la-colere-elizabeth-lemay-9782764628379.html\" target=\"_blank\" rel=\"noopener\">L\u2019\u00e9t\u00e9 de la col\u00e8re<\/a>, d\u2019Elizabeth Lemay (Bor\u00e9al)<\/p>\n<p><a href=\"https:\/\/www.leslibraires.ca\/livres\/le-sexe-du-pouvoir-jocelyne-richer-9782898252792.html\" target=\"_blank\" rel=\"noopener\">Le sexe du pouvoir<\/a>, de Jocelyne Richer (\u00c9ditions La Presse)<\/p>\n<p><a href=\"https:\/\/www.leslibraires.ca\/livres\/meme-pas-morte-genevieve-rioux-9782760413412.html\" target=\"_blank\" rel=\"noopener\">M\u00eame pas morte<\/a>, de Genevi\u00e8ve Rioux (Stank\u00e9)<\/p>\n<p><a href=\"https:\/\/www.leslibraires.ca\/livres\/recits-sexu-renee-robitaille-9782925458098.html\" target=\"_blank\" rel=\"noopener\">R\u00e9cits sexu<\/a>, de Ren\u00e9e Robitaille et Gabriel\u00b7le Beauregard (Plan\u00e8te rebelle)<\/p>\n<p>Le prix Janette-Bertrand est une initiative du Salon du livre de Montr\u00e9al, en collaboration avec T\u00e9l\u00e9-Qu\u00e9bec et la Soci\u00e9t\u00e9 de d\u00e9veloppement des entreprises culturelles (SODEC). Il est assorti d\u2019une bourse de 5000$, remise lors de l\u2019annonce de la laur\u00e9ate, le 19 novembre prochain.<\/p>\n","protected":false},"excerpt":{"rendered":"La deuxi\u00e8me \u00e9dition du prix Janette-Bertrand est lanc\u00e9e : une s\u00e9lection de dix livres a \u00e9t\u00e9 d\u00e9termin\u00e9e. Le&hellip;\n","protected":false},"author":2,"featured_media":414190,"comment_status":"","ping_status":"","sticky":false,"template":"","format":"standard","meta":{"footnotes":""},"categories":[1357],"tags":[1379,58,59,1011,27,1380],"class_list":{"0":"post-414189","1":"post","2":"type-post","3":"status-publish","4":"format-standard","5":"has-post-thumbnail","7":"category-livres","8":"tag-books","9":"tag-divertissement","10":"tag-entertainment","11":"tag-fr","12":"tag-france","13":"tag-livres"},"share_on_mastodon":{"url":"https:\/\/pubeurope.com\/@fr\/115259816340391071","error":""},"_links":{"self":[{"href":"https:\/\/www.europesays.com\/fr\/wp-json\/wp\/v2\/posts\/414189","targetHints":{"allow":["GET"]}}],"collection":[{"href":"https:\/\/www.europesays.com\/fr\/wp-json\/wp\/v2\/posts"}],"about":[{"href":"https:\/\/www.europesays.com\/fr\/wp-json\/wp\/v2\/types\/post"}],"author":[{"embeddable":true,"href":"https:\/\/www.europesays.com\/fr\/wp-json\/wp\/v2\/users\/2"}],"replies":[{"embeddable":true,"href":"https:\/\/www.europesays.com\/fr\/wp-json\/wp\/v2\/comments?post=414189"}],"version-history":[{"count":0,"href":"https:\/\/www.europesays.com\/fr\/wp-json\/wp\/v2\/posts\/414189\/revisions"}],"wp:featuredmedia":[{"embeddable":true,"href":"https:\/\/www.europesays.com\/fr\/wp-json\/wp\/v2\/media\/414190"}],"wp:attachment":[{"href":"https:\/\/www.europesays.com\/fr\/wp-json\/wp\/v2\/media?parent=414189"}],"wp:term":[{"taxonomy":"category","embeddable":true,"href":"https:\/\/www.europesays.com\/fr\/wp-json\/wp\/v2\/categories?post=414189"},{"taxonomy":"post_tag","embeddable":true,"href":"https:\/\/www.europesays.com\/fr\/wp-json\/wp\/v2\/tags?post=414189"}],"curies":[{"name":"wp","href":"https:\/\/api.w.org\/{rel}","templated":true}]}}