{"id":414197,"date":"2025-09-24T14:49:17","date_gmt":"2025-09-24T14:49:17","guid":{"rendered":"https:\/\/www.europesays.com\/fr\/414197\/"},"modified":"2025-09-24T14:49:17","modified_gmt":"2025-09-24T14:49:17","slug":"suicide-la-premiere-cause-de-deces-des-jeunes-meres","status":"publish","type":"post","link":"https:\/\/www.europesays.com\/fr\/414197\/","title":{"rendered":"Suicide : la premi\u00e8re cause de d\u00e9c\u00e8s des jeunes m\u00e8res"},"content":{"rendered":"<p>             <a href=\"https:\/\/ma-sante.news\/wp-content\/uploads\/2025\/09\/suicide-maternel-depression-post-partum-premiere-cause-mortalite-Ma-Sante-.jpg\" data-caption=\"Selon Sant\u00e9 publique France, plus de la moiti\u00e9 des d\u00e9c\u00e8s maternels en France sont consid\u00e9r\u00e9s comme \u00e9vitables avec une meilleure pr\u00e9vention et un suivi adapt\u00e9. \u00a9 Freepik\" target=\"_blank\" rel=\"noopener\"><img loading=\"lazy\" decoding=\"async\" width=\"696\" height=\"472\" class=\"entry-thumb td-modal-image ewww_webp_lazy_load\" src=\"data:image\/svg+xml,%3Csvg%20xmlns=\" http:=\"\" data-lazy- data-lazy- alt=\"Une jeune m\u00e8re qui souffre de d\u00e9pression post-partum et d'id\u00e9es suicidaires.\" title=\"suicide maternel de\u0301pression post partum premie\u0300re cause mortalite\u0301 Ma Sante\u0301\" data-lazy-src=\"https:\/\/www.europesays.com\/fr\/wp-content\/uploads\/2025\/09\/suicide-maternel-depression-post-partum-premiere-cause-mortalite-Ma-Sante--696x472.jpg\" data-lazy-src-webp=\"https:\/\/www.europesays.com\/fr\/wp-content\/uploads\/2025\/09\/suicide-maternel-depression-post-partum-premiere-cause-mortalite-Ma-Sante--696x472.jpg.webp\" data-lazy-srcset-webp=\"https:\/\/www.europesays.com\/fr\/wp-content\/uploads\/2025\/09\/suicide-maternel-depression-post-partum-premiere-cause-mortalite-Ma-Sante--696x472.jpg.webp 696w, https:\/\/ma-sante.news\/wp-content\/uploads\/2025\/09\/suicide-maternel-depression-post-partum-premiere-cause-mortalite-Ma-Sante--300x204.jpg.webp 300w, https:\/\/ma-sante.news\/wp-content\/uploads\/2025\/09\/suicide-maternel-depression-post-partum-premiere-cause-mortalite-Ma-Sante--768x521.jpg.webp 768w, https:\/\/ma-sante.news\/wp-content\/uploads\/2025\/09\/suicide-maternel-depression-post-partum-premiere-cause-mortalite-Ma-Sante--619x420.jpg.webp 619w, https:\/\/ma-sante.news\/wp-content\/uploads\/2025\/09\/suicide-maternel-depression-post-partum-premiere-cause-mortalite-Ma-Sante-.jpg.webp 799w\"\/><\/a>Selon Sant\u00e9 publique France, plus de la moiti\u00e9 des d\u00e9c\u00e8s maternels en France sont consid\u00e9r\u00e9s comme \u00e9vitables avec une meilleure pr\u00e9vention et un suivi adapt\u00e9. \u00a9 Freepik                                    \t\t\t             <a class=\"gofollow\" data-track=\"MjgsMCw2MA==\" href=\"https:\/\/ma-sante.news\/inscrivez-vous-a-notre-newsletter\/\" target=\"_blank\" rel=\"noopener\"><img loading=\"lazy\" decoding=\"async\" width=\"1068\" height=\"131\" src=\"data:image\/svg+xml,%3Csvg%20xmlns=\" http:=\"\" data-lazy-src=\"https:\/\/www.europesays.com\/fr\/wp-content\/uploads\/2025\/03\/banniere-newsletter.png\"\/><\/a> <\/p>\n<p>On imagine souvent la maternit\u00e9 comme une p\u00e9riode heureuse. Pourtant, derri\u00e8re les images de nourrissons endormis et de jeunes mamans souriantes, se cache parfois une immense d\u00e9tresse. Selon<a href=\"https:\/\/www.santepubliquefrance.fr\/maladies-et-traumatismes\/maladies-cardiovasculaires-et-accident-vasculaire-cerebral\/maladies-vasculaires-de-la-grossesse\/documents\/enquetes-etudes\/les-morts-maternelles-en-france-mieux-comprendre-pour-mieux-prevenir.-7e-rapport-de-l-enquete-nationale-confidentielle-sur-les-morts-maternelles\" target=\"_blank\" rel=\"noreferrer noopener\"> le 7\u1d49 rapport de l\u2019Enqu\u00eate nationale confidentielle sur les morts maternelles (ENCMM)<\/a>, le suicide repr\u00e9sente pr\u00e8s de 17 % des d\u00e9c\u00e8s maternels recens\u00e9s entre 2016 et 2018, soit un d\u00e9c\u00e8s toutes les trois semaines.<\/p>\n<p>En tout, 272 femmes sont d\u00e9c\u00e9d\u00e9es en France durant cette p\u00e9riode des suites de leur grossesse ou dans l\u2019ann\u00e9e qui a suivi l\u2019accouchement. Le taux de mortalit\u00e9 maternelle (RMM) est estim\u00e9 \u00e0 11,8 d\u00e9c\u00e8s pour 100 000 naissances vivantes. <\/p>\n<p>Si les h\u00e9morragies, les complications obst\u00e9tricales ou les maladies cardiovasculaires dominent dans les 42 jours suivant la naissance, le suicide devient la premi\u00e8re cause lorsqu\u2019on \u00e9tend la fen\u00eatre d\u2019observation \u00e0 un an.<\/p>\n<p>        Pourquoi le suicide est-il si fr\u00e9quent apr\u00e8s une naissance ?    <\/p>\n<p>La p\u00e9riode post-partum ne s\u2019arr\u00eate pas \u00e0 la sortie de la maternit\u00e9. De nombreuses femmes connaissent, dans les mois qui suivent, un risque accru de <a href=\"https:\/\/ma-sante.news\/depression-post-partum-temoignage-voyage-enfer\/\" target=\"_blank\" rel=\"noopener\">d\u00e9pression post-partum<\/a>, <a href=\"https:\/\/ma-sante.news\/therapies-comportementales-cognitives-solution-anxiete-depression-phobies\/\" target=\"_blank\" rel=\"noopener\">d\u2019anxi\u00e9t\u00e9 s\u00e9v\u00e8re<\/a>, <a href=\"https:\/\/ma-sante.news\/sante-mentale-pourquoi-les-femmes-sont-elles-plus-exposees-aux-troubles-psychiques\/\" target=\"_blank\" rel=\"noopener\">de troubles psychiques parfois graves<\/a>. Selon l\u2019Institut national de la sant\u00e9 et de la recherche m\u00e9dicale (Inserm), 10 \u00e0 15 % des jeunes m\u00e8res souffrent de <a href=\"https:\/\/ma-sante.news\/depression-post-partum-natal-pourquoi-difficile-parler-tabou-symptomes\/\" target=\"_blank\" rel=\"noopener\">d\u00e9pression post-partum<\/a> en France. Dans certains cas, cette d\u00e9tresse peut \u00e9voluer vers <a href=\"https:\/\/ma-sante.news\/suicide-comment-detecter-les-signes-qui-alertent\/\" target=\"_blank\" rel=\"noopener\">des id\u00e9es suicidaires.<\/a><\/p>\n<p>\u00c0 cela s\u2019ajoutent des facteurs aggravants : <a href=\"https:\/\/ma-sante.news\/isolement-social-solitude-risque-grave-pour-sante\/\" target=\"_blank\" rel=\"noopener\">isolement<\/a>, <a href=\"https:\/\/ma-sante.news\/dette-de-sommeil-comment-rattraper-le-sommeil-perdu\/\" target=\"_blank\" rel=\"noopener\">manque de sommeil<\/a>, pression sociale \u00e0 \u00ab \u00eatre une bonne m\u00e8re \u00bb, pr\u00e9carit\u00e9 \u00e9conomique, absence de relais familiaux. Autant de r\u00e9alit\u00e9s qui peuvent fragiliser durablement la sant\u00e9 mentale des m\u00e8res.<\/p>\n<p>        Un probl\u00e8me de sant\u00e9 publique encore trop invisibilis\u00e9    <\/p>\n<p>Longtemps, le suicide maternel a \u00e9t\u00e9 consid\u00e9r\u00e9 comme une cause \u00ab p\u00e9riph\u00e9rique \u00bb, car il ne relevait pas directement des complications obst\u00e9tricales. Alors il a \u00e9t\u00e9 peu document\u00e9, et surtout, insuffisamment int\u00e9gr\u00e9 dans les protocoles de suivi post-partum. \u00ab C\u2019est une cause qu\u2019on ne veut pas voir, car elle bouscule nos repr\u00e9sentations de la maternit\u00e9 \u00bb, r\u00e9sume la professeure Catherine Deneux-Tharaux, directrice de recherche \u00e0 l\u2019Inserm et coordinatrice de l\u2019ENCMM.<\/p>\n<p>Pourtant, plus de la moiti\u00e9 des d\u00e9c\u00e8s maternels sont jug\u00e9s \u00e9vitables par les experts de Sant\u00e9 publique France, dont une grande part des suicides. Autrement dit, avec une meilleure d\u00e9tection, un accompagnement adapt\u00e9 et un suivi prolong\u00e9, nombre de ces femmes auraient pu \u00eatre sauv\u00e9es.<\/p>\n<p>        Quelles solutions pour mieux prot\u00e9ger les jeunes m\u00e8res ?    <\/p>\n<p>Les pistes existent, et elles sont connues. Les professionnels de sant\u00e9 plaident pour :<\/p>\n<ul class=\"wp-block-list\">\n<li>Un d\u00e9pistage syst\u00e9matique de <a href=\"https:\/\/ma-sante.news\/accouchement-mefiez-vous-de-la-depression-post-partum\/\" target=\"_blank\" rel=\"noopener\">la d\u00e9pression post-partum<\/a>, d\u00e8s la grossesse et tout au long de la premi\u00e8re ann\u00e9e. Des questionnaires valid\u00e9s existent, comme l\u2019Edinburgh Postnatal Depression Scale (EPDS), mais leur utilisation reste in\u00e9gale.<\/li>\n<li>Une <a href=\"https:\/\/ma-sante.news\/maternite-de-nouvelles-competences-pour-les-sages-femmes\/\" target=\"_blank\" rel=\"noopener\">formation renforc\u00e9e des sages-femmes<\/a>, m\u00e9decins g\u00e9n\u00e9ralistes, gyn\u00e9cologues et p\u00e9diatres \u00e0 la sant\u00e9 mentale p\u00e9rinatale. Trop souvent, les signaux d\u2019alerte passent inaper\u00e7us.<\/li>\n<li>Un suivi prolong\u00e9 des femmes vuln\u00e9rables, bien au-del\u00e0 de la consultation postnatale obligatoire \u00e0 six semaines. Des rendez-vous \u00e0 3, 6 et 9 mois pourraient \u00eatre syst\u00e9matis\u00e9s.<\/li>\n<li>Un soutien social accru, notamment pour les m\u00e8res isol\u00e9es ou en situation pr\u00e9caire : visites \u00e0 domicile, accompagnement par les PMI, acc\u00e8s facilit\u00e9 aux psychologues et psychiatres sp\u00e9cialis\u00e9s.<\/li>\n<\/ul>\n<p>Certaines initiatives locales vont d\u00e9j\u00e0 dans ce sens, mais elles restent fragment\u00e9es. Le rapport de l\u2019ENCMM appelle \u00e0 une v\u00e9ritable strat\u00e9gie nationale de pr\u00e9vention des suicides maternels, \u00e0 la crois\u00e9e de la sant\u00e9 mentale, de la p\u00e9rinatalit\u00e9 et du soutien social.<\/p>\n<p>        Briser le tabou pour sauver des vies    <\/p>\n<p>Derri\u00e8re les statistiques, il y a des vies bris\u00e9es, des familles endeuill\u00e9es, des enfants qui grandissent sans leur m\u00e8re. Le suicide maternel n\u2019est pas une fatalit\u00e9 : c\u2019est un signal d\u2019alarme pour notre syst\u00e8me de sant\u00e9 et pour la soci\u00e9t\u00e9 dans son ensemble. Parler de ce sujet sans d\u00e9tour, c\u2019est d\u00e9j\u00e0 contribuer \u00e0 le rendre visible et donc \u00e0 mieux le pr\u00e9venir.<\/p>\n<p>\u00ab Chaque d\u00e9c\u00e8s maternel est un drame. Mais quand on sait qu\u2019une bonne partie pourrait \u00eatre \u00e9vit\u00e9e, cela devient une responsabilit\u00e9 collective \u00bb, conclut Sant\u00e9 publique France dans son rapport.<\/p>\n<blockquote class=\"wp-block-quote is-layout-flow wp-block-quote-is-layout-flow\">\n<p><strong>\u00c0 SAVOIR<\/strong><\/p>\n<p>En France, la Haute Autorit\u00e9 de Sant\u00e9 (HAS) recommande depuis 2021 un entretien postnatal pr\u00e9coce entre la 4\u1d49 et la 8\u1d49 semaine apr\u00e8s l\u2019accouchement, justement pour rep\u00e9rer les signes de d\u00e9pression post-partum et pr\u00e9venir les risques suicidaires.<\/p>\n<\/blockquote>\n<p>  <a class=\"gofollow\" data-track=\"MTIsMCw2MA==\" href=\"https:\/\/ma-sante.news\/annonceurs\/\" target=\"_blank\" rel=\"noopener\"><img loading=\"lazy\" decoding=\"async\" width=\"2560\" height=\"2133\" src=\"data:image\/svg+xml,%3Csvg%20xmlns=\" http:=\"\" data-lazy-src=\"https:\/\/www.europesays.com\/fr\/wp-content\/uploads\/2025\/03\/pub-annonceurs-4-scaled.jpg\"\/><\/a>    <img loading=\"lazy\" decoding=\"async\" width=\"755\" height=\"495\" src=\"data:image\/svg+xml,%3Csvg%20xmlns=\" http:=\"\" data-lazy-src=\"https:\/\/www.europesays.com\/fr\/wp-content\/uploads\/2025\/03\/Image1.jpg\" data-lazy-src-webp=\"https:\/\/www.europesays.com\/fr\/wp-content\/uploads\/2025\/03\/Image1.jpg.webp\" class=\"ewww_webp_lazy_load\"\/>Inscrivez-vous \u00e0 notre newsletter <br \/>Ma Sant\u00e9                      <\/p>\n","protected":false},"excerpt":{"rendered":"Selon Sant\u00e9 publique France, plus de la moiti\u00e9 des d\u00e9c\u00e8s maternels en France sont consid\u00e9r\u00e9s comme \u00e9vitables avec&hellip;\n","protected":false},"author":2,"featured_media":414198,"comment_status":"","ping_status":"","sticky":false,"template":"","format":"standard","meta":{"footnotes":""},"categories":[10],"tags":[5506,1011,27,72,5790,71,5748],"class_list":{"0":"post-414197","1":"post","2":"type-post","3":"status-publish","4":"format-standard","5":"has-post-thumbnail","7":"category-sante","8":"tag-du00e9pression","9":"tag-fr","10":"tag-france","11":"tag-health","12":"tag-post-partum","13":"tag-sante","14":"tag-suicide"},"share_on_mastodon":{"url":"https:\/\/pubeurope.com\/@fr\/115259831952515030","error":""},"_links":{"self":[{"href":"https:\/\/www.europesays.com\/fr\/wp-json\/wp\/v2\/posts\/414197","targetHints":{"allow":["GET"]}}],"collection":[{"href":"https:\/\/www.europesays.com\/fr\/wp-json\/wp\/v2\/posts"}],"about":[{"href":"https:\/\/www.europesays.com\/fr\/wp-json\/wp\/v2\/types\/post"}],"author":[{"embeddable":true,"href":"https:\/\/www.europesays.com\/fr\/wp-json\/wp\/v2\/users\/2"}],"replies":[{"embeddable":true,"href":"https:\/\/www.europesays.com\/fr\/wp-json\/wp\/v2\/comments?post=414197"}],"version-history":[{"count":0,"href":"https:\/\/www.europesays.com\/fr\/wp-json\/wp\/v2\/posts\/414197\/revisions"}],"wp:featuredmedia":[{"embeddable":true,"href":"https:\/\/www.europesays.com\/fr\/wp-json\/wp\/v2\/media\/414198"}],"wp:attachment":[{"href":"https:\/\/www.europesays.com\/fr\/wp-json\/wp\/v2\/media?parent=414197"}],"wp:term":[{"taxonomy":"category","embeddable":true,"href":"https:\/\/www.europesays.com\/fr\/wp-json\/wp\/v2\/categories?post=414197"},{"taxonomy":"post_tag","embeddable":true,"href":"https:\/\/www.europesays.com\/fr\/wp-json\/wp\/v2\/tags?post=414197"}],"curies":[{"name":"wp","href":"https:\/\/api.w.org\/{rel}","templated":true}]}}