{"id":414203,"date":"2025-09-24T14:52:10","date_gmt":"2025-09-24T14:52:10","guid":{"rendered":"https:\/\/www.europesays.com\/fr\/414203\/"},"modified":"2025-09-24T14:52:10","modified_gmt":"2025-09-24T14:52:10","slug":"la-normandie-frole-la-catastrophe-spatiale-qui-panique-les-experts-mondiaux","status":"publish","type":"post","link":"https:\/\/www.europesays.com\/fr\/414203\/","title":{"rendered":"la Normandie fr\u00f4le la catastrophe spatiale qui panique les experts mondiaux"},"content":{"rendered":"<tr>\n<td><strong>EN BREF<\/strong><\/td>\n<\/tr>\n<tr>\n<td>\n<ul>\n<li>\ud83c\udf20 <strong>Explosion<\/strong> de l\u2019ast\u00e9ro\u00efde 2023 CX1 au-dessus de la Normandie<\/li>\n<li>\ud83d\udcca L\u2019ast\u00e9ro\u00efde a lib\u00e9r\u00e9 une \u00e9nergie de <strong>29 tonnes<\/strong> de TNT<\/li>\n<li>\ud83d\udd2c Importance de la <strong>composition<\/strong> et du parcours de l\u2019ast\u00e9ro\u00efde<\/li>\n<li>\ud83c\udf0d Renforcement de la <strong>surveillance<\/strong> des menaces spatiales<\/li>\n<\/ul>\n<\/td>\n<\/tr>\n<p>Les \u00e9v\u00e9nements c\u00e9lestes, bien que fascinants, peuvent parfois susciter des inqui\u00e9tudes quant aux risques qu\u2019ils posent pour notre plan\u00e8te. L\u2019\u00e9tude r\u00e9cente d\u2019un ast\u00e9ro\u00efde qui a explos\u00e9 au-dessus de la Normandie a mis en lumi\u00e8re ces pr\u00e9occupations. L\u2019ast\u00e9ro\u00efde en question, nomm\u00e9 2023 CX1, a suscit\u00e9 un int\u00e9r\u00eat particulier parmi les scientifiques du monde entier en raison de sa trajectoire et de la mani\u00e8re dont il s\u2019est d\u00e9sint\u00e9gr\u00e9 dans l\u2019atmosph\u00e8re terrestre. Cet \u00e9v\u00e9nement soul\u00e8ve d\u2019importantes questions sur la mani\u00e8re dont nous devons nous pr\u00e9parer \u00e0 de potentiels impacts futurs.<\/p>\n<p>L\u2019ast\u00e9ro\u00efde 2023 CX1<\/p>\n<p>Le 13 f\u00e9vrier 2023, un ast\u00e9ro\u00efde pesant environ 700 kilos a travers\u00e9 le ciel de la Normandie, marquant ainsi un \u00e9v\u00e9nement rare et significatif. Identifi\u00e9 sous le nom de 2023 CX1, cet ast\u00e9ro\u00efde a permis aux chercheurs de suivre de pr\u00e8s sa trajectoire. Selon Auriane Egal de l\u2019universit\u00e9 Western Ontario, 2023 CX1 a pr\u00e9sent\u00e9 un comportement inhabituel. Alors que la plupart des ast\u00e9ro\u00efdes se d\u00e9sint\u00e8grent progressivement en entrant dans l\u2019atmosph\u00e8re terrestre, celui-ci est rest\u00e9 intact jusqu\u2019\u00e0 une altitude de 28 kilom\u00e8tres.<\/p>\n<p>\u00c0 cette hauteur, il a subi une explosion massive, lib\u00e9rant une \u00e9nergie \u00e9quivalente \u00e0 29 tonnes de TNT. Cette explosion a entra\u00een\u00e9 une perte de 98 % de sa masse en une fraction de seconde. Egal a compar\u00e9 cet \u00e9v\u00e9nement \u00e0 la d\u00e9tonation d\u2019une bombe, avec une onde de choc sph\u00e9rique unique. Bien que 2023 CX1, mesurant moins d\u2019un m\u00e8tre de diam\u00e8tre, ne repr\u00e9sentait pas une menace majeure, la situation serait diff\u00e9rente avec des ast\u00e9ro\u00efdes plus massifs. Cela pourrait entra\u00eener des d\u00e9g\u00e2ts consid\u00e9rables, d\u00e9passant ceux caus\u00e9s par une d\u00e9sint\u00e9gration progressive.<\/p>\n<blockquote class=\"wp-embedded-content\" data-secret=\"gYKHfnsPZ2\">\n<p><a href=\"https:\/\/www.le-gaz.fr\/2025\/07\/02\/scandale-en-vendee-cette-fuite-de-gaz-terrifiante-dans-une-ecole-envoie-un-enseignant-aux-urgences-et-provoque-lindignation-des-parents\/\" rel=\"nofollow noopener\" target=\"_blank\">Scandale en Vend\u00e9e : cette fuite de gaz terrifiante dans une \u00e9cole envoie un enseignant aux urgences et provoque l\u2019indignation des parents<\/a><\/p>\n<\/blockquote>\n<p>Flipper cosmique<\/p>\n<p>La d\u00e9sint\u00e9gration soudaine de 2023 CX1 est en grande partie attribu\u00e9e \u00e0 sa composition et \u00e0 son voyage \u00e0 travers le Syst\u00e8me solaire. En analysant ses fragments, l&rsquo;\u00e9quipe d&rsquo;Egal a d\u00e9couvert qu&rsquo;il s&rsquo;agissait d&rsquo;une chondrite de type L, un type de m\u00e9t\u00e9orite assez commun. Ce type provient d&rsquo;un corps parent situ\u00e9 dans la ceinture d&rsquo;ast\u00e9ro\u00efdes interne. Le corps parent aurait subi plusieurs collisions, le rendant plus compact et r\u00e9sistant.<\/p>\n<p>Ce ph\u00e9nom\u00e8ne est pr\u00e9occupant, comme le souligne Thomas Burbine, chercheur ayant examin\u00e9 l&rsquo;\u00e9tude publi\u00e9e dans Nature Astronomy. La r\u00e9sistance accrue de ce type de m\u00e9t\u00e9orite peut potentiellement augmenter le danger lors de l&rsquo;entr\u00e9e dans l&rsquo;atmosph\u00e8re terrestre. Si un ast\u00e9ro\u00efde de taille cons\u00e9quente venait \u00e0 exploser de mani\u00e8re similaire, les cons\u00e9quences pourraient \u00eatre d\u00e9vastatrices. Cette r\u00e9alit\u00e9 souligne l&rsquo;importance de surveiller de pr\u00e8s ces objets c\u00e9lestes pour \u00e9valuer le risque potentiel pour notre plan\u00e8te.<\/p>\n<blockquote class=\"wp-embedded-content\" data-secret=\"fCAZQoLHar\">\n<p><a href=\"https:\/\/www.le-gaz.fr\/2025\/06\/23\/un-ancien-tunnel-ferroviaire-cache-un-secret-explosif-cette-poche-de-gaz-naturel-force-lexpropriation-des-habitants-des-le-30-juin-2025\/\" rel=\"nofollow noopener\" target=\"_blank\">Un ancien tunnel ferroviaire cache un secret explosif : cette poche de gaz naturel force l\u2019expropriation des habitants d\u00e8s le 30 juin 2025<\/a><\/p>\n<\/blockquote>\n<p>Les implications pour la s\u00e9curit\u00e9 terrestre<\/p>\n<p>L&rsquo;\u00e9tude de 2023 CX1 r\u00e9v\u00e8le la n\u00e9cessit\u00e9 d&rsquo;une pr\u00e9paration ad\u00e9quate face \u00e0 de possibles impacts d&rsquo;ast\u00e9ro\u00efdes. Les scientifiques soulignent l&rsquo;importance de d\u00e9velopper des strat\u00e9gies d&rsquo;\u00e9vacuation pour les zones susceptibles d&rsquo;\u00eatre impact\u00e9es. \u00ab Ce type de fragmentation est plus dangereux \u00bb, a affirm\u00e9 Egal. Selon elle, si un ast\u00e9ro\u00efde plus grand devait se d\u00e9sint\u00e9grer de la m\u00eame mani\u00e8re, il serait imp\u00e9ratif d&rsquo;\u00e9tendre la zone d&rsquo;\u00e9vacuation autour du point d&rsquo;impact pr\u00e9vu.<\/p>\n<p>Les \u00e9v\u00e9nements pass\u00e9s, tels que la m\u00e9t\u00e9orite de Novo Mesto en 2020, illustrent les dangers potentiels d&rsquo;une telle d\u00e9sint\u00e9gration. Bien que les chances d&rsquo;un impact majeur soient faibles, les cons\u00e9quences possibles n\u00e9cessitent une attention particuli\u00e8re. La communaut\u00e9 scientifique s&rsquo;efforce donc de mieux comprendre ces ph\u00e9nom\u00e8nes pour prot\u00e9ger efficacement notre plan\u00e8te.<\/p>\n<blockquote class=\"wp-embedded-content\" data-secret=\"6BY8CK234P\">\n<p><a href=\"https:\/\/www.le-gaz.fr\/2025\/06\/23\/decouverte-choquante-sous-un-camping-francais-un-gisement-de-barytine-force-levacuation-immediate-des-vacanciers-des-le-2-juillet-2025\/\" rel=\"nofollow noopener\" target=\"_blank\">D\u00e9couverte choquante sous un camping fran\u00e7ais : un gisement de barytine force l\u2019\u00e9vacuation imm\u00e9diate des vacanciers d\u00e8s le 2 juillet 2025<\/a><\/p>\n<\/blockquote>\n<p>Vers une surveillance renforc\u00e9e<\/p>\n<p>La surveillance des ast\u00e9ro\u00efdes est devenue une priorit\u00e9 pour les agences spatiales et les scientifiques. Des initiatives internationales se mettent en place pour suivre ces objets c\u00e9lestes de plus pr\u00e8s. Les avanc\u00e9es technologiques permettent aujourd&rsquo;hui de surveiller plus efficacement ces menaces potentielles. Les chercheurs se concentrent sur l&rsquo;am\u00e9lioration des pr\u00e9visions de trajectoire et l&rsquo;analyse des compositions des ast\u00e9ro\u00efdes.<\/p>\n<p>La coop\u00e9ration internationale est cruciale pour faire face \u00e0 ces d\u00e9fis. Les ressources et les connaissances partag\u00e9es entre les pays peuvent favoriser le d\u00e9veloppement de strat\u00e9gies de d\u00e9fense plan\u00e9taire. Les le\u00e7ons tir\u00e9es de l&rsquo;observation de 2023 CX1 et d&rsquo;autres \u00e9v\u00e9nements similaires sont essentielles pour anticiper et att\u00e9nuer les risques futurs. La question demeure : comment allons-nous nous pr\u00e9parer \u00e0 ces menaces pour prot\u00e9ger notre plan\u00e8te ?<\/p>\n<p>Cet article s\u2019appuie sur des sources v\u00e9rifi\u00e9es et l\u2019assistance de technologies \u00e9ditoriales.<\/p>\n<p id=\"rating\">\u00c7a vous a plu ?\u00a04.6\/5 (30)<\/p>\n","protected":false},"excerpt":{"rendered":"EN BREF \ud83c\udf20 Explosion de l\u2019ast\u00e9ro\u00efde 2023 CX1 au-dessus de la Normandie \ud83d\udcca L\u2019ast\u00e9ro\u00efde a lib\u00e9r\u00e9 une \u00e9nergie&hellip;\n","protected":false},"author":2,"featured_media":414204,"comment_status":"","ping_status":"","sticky":false,"template":"","format":"standard","meta":{"footnotes":""},"categories":[7],"tags":[1011,27,43,40,41,39,42,44],"class_list":{"0":"post-414203","1":"post","2":"type-post","3":"status-publish","4":"format-standard","5":"has-post-thumbnail","7":"category-sciences-et-technologies","8":"tag-fr","9":"tag-france","10":"tag-science","11":"tag-science-and-technology","12":"tag-sciences","13":"tag-sciences-et-technologies","14":"tag-technologies","15":"tag-technology"},"share_on_mastodon":{"url":"https:\/\/pubeurope.com\/@fr\/115259843834895234","error":""},"_links":{"self":[{"href":"https:\/\/www.europesays.com\/fr\/wp-json\/wp\/v2\/posts\/414203","targetHints":{"allow":["GET"]}}],"collection":[{"href":"https:\/\/www.europesays.com\/fr\/wp-json\/wp\/v2\/posts"}],"about":[{"href":"https:\/\/www.europesays.com\/fr\/wp-json\/wp\/v2\/types\/post"}],"author":[{"embeddable":true,"href":"https:\/\/www.europesays.com\/fr\/wp-json\/wp\/v2\/users\/2"}],"replies":[{"embeddable":true,"href":"https:\/\/www.europesays.com\/fr\/wp-json\/wp\/v2\/comments?post=414203"}],"version-history":[{"count":0,"href":"https:\/\/www.europesays.com\/fr\/wp-json\/wp\/v2\/posts\/414203\/revisions"}],"wp:featuredmedia":[{"embeddable":true,"href":"https:\/\/www.europesays.com\/fr\/wp-json\/wp\/v2\/media\/414204"}],"wp:attachment":[{"href":"https:\/\/www.europesays.com\/fr\/wp-json\/wp\/v2\/media?parent=414203"}],"wp:term":[{"taxonomy":"category","embeddable":true,"href":"https:\/\/www.europesays.com\/fr\/wp-json\/wp\/v2\/categories?post=414203"},{"taxonomy":"post_tag","embeddable":true,"href":"https:\/\/www.europesays.com\/fr\/wp-json\/wp\/v2\/tags?post=414203"}],"curies":[{"name":"wp","href":"https:\/\/api.w.org\/{rel}","templated":true}]}}