{"id":414208,"date":"2025-09-24T14:55:10","date_gmt":"2025-09-24T14:55:10","guid":{"rendered":"https:\/\/www.europesays.com\/fr\/414208\/"},"modified":"2025-09-24T14:55:10","modified_gmt":"2025-09-24T14:55:10","slug":"lfi-appelle-les-autres-groupes-de-gauche-a-censurer-sebastien-lecornu-des-louverture-de-la-session-parlementaire","status":"publish","type":"post","link":"https:\/\/www.europesays.com\/fr\/414208\/","title":{"rendered":"LFI appelle les autres groupes de gauche \u00e0 censurer S\u00e9bastien Lecornu d\u00e8s l\u2019ouverture de la session parlementaire"},"content":{"rendered":"<p>Lors de sa rencontre avec l\u2019intersyndicale mercredi matin, le premier ministre \u00abn\u2019a en rien r\u00e9pondu \u00e0 l\u2019ultimatum pos\u00e9 par cette derni\u00e8re\u00bb, justifie le groupe LFI dans un communiqu\u00e9.<\/p>\n<p class=\"fig-paragraph\">Les d\u00e9put\u00e9s insoumis ont demand\u00e9 mercredi aux autres groupes de gauche de l&rsquo;Assembl\u00e9e de signer une motion de censure commune contre le Premier ministre S\u00e9bastien Lecornu qui sera d\u00e9pos\u00e9e \u00abd\u00e8s l&rsquo;ouverture de la session parlementaire\u00bb, le 1er octobre. Lors de sa rencontre avec l&rsquo;intersyndicale mercredi matin, le<a href=\"https:\/\/video.lefigaro.fr\/figaro\/edouard-philippe-estime-quemmanuel-macron-na-pas-envie-dun-premier-ministre-qui-prend-beaucoup-despace-20250922\" data-fig-type=\"Video\" data-gtm-custom-categorie=\"navigation\" data-gtm-custom-action=\"crossclick\" data-gtm-custom-label=\"Contextuel\" data-gtm-event=\"customEventSPE\" data-fig-domain=\"LEFIGARO\" rel=\"nofollow noopener\" target=\"_blank\">\u00a0premier ministre<\/a>\u00a0\u00abn&rsquo;a en rien r\u00e9pondu \u00e0 l&rsquo;ultimatum pos\u00e9 par cette derni\u00e8re\u00bb, justifie le groupe LFI dans un communiqu\u00e9.<\/p>\n<p class=\"fig-paragraph\">S\u00e9bastien Lecornu \u00abn&rsquo;a pris aucun engagement pour l&rsquo;abrogation de la r\u00e9forme des retraites ou l&rsquo;abandon du plan d&rsquo;aust\u00e9rit\u00e9 de Fran\u00e7ois Bayrou. Un tel m\u00e9pris des revendications sociales, au lendemain des grandes mobilisations populaires des 10 et 18 septembre, est signe de la volont\u00e9 du macronisme de poursuivre co\u00fbte que co\u00fbte sa politique au service des ultra-riches et des grandes entreprises\u00bb, d\u00e9taille-t-il.<\/p>\n<p>                                    <a class=\"fig-a11y-skip a11y-hidden\" href=\"#fig-a11y-skip-main-inarticle\"><br \/>\n        Passer la publicit\u00e9<br \/>\n    <\/a><\/p>\n<p class=\"fig-paragraph\">Par ailleurs, le nouveau locataire de Matignon \u00abn&rsquo;a toujours pas annonc\u00e9 solliciter un vote de confiance \u00e0 l&rsquo;Assembl\u00e9e nationale, comme l&rsquo;a pourtant fait son pr\u00e9d\u00e9cesseur\u00bb, ajoute LFI. Cette motion de censure spontan\u00e9e sera d\u00e9pos\u00e9e sur la base de l&rsquo;article 49-2 de la Constitution.<\/p>\n<p>Une nouvelle journ\u00e9e de gr\u00e8ves et de mobilisation le 2 octobre<\/p>\n<p class=\"fig-paragraph\">Si un nouveau gouvernement n&rsquo;\u00e9tait pas encore form\u00e9 au moment de son d\u00e9p\u00f4t, ce serait alors une situation in\u00e9dite sous la Ve R\u00e9publique d&rsquo;un point de vue constitutionnel. Il faudrait alors consid\u00e9rer que la motion de censure viserait la seule responsabilit\u00e9 du Premier ministre, le reste du gouvernement \u00e9tant d\u00e9j\u00e0 d\u00e9missionnaire. Si elle \u00e9tait vot\u00e9e par l&rsquo;ensemble de la gauche et le Rassemblement national,\u00a0<a href=\"http:\/\/www.lefigaro.fr\/politique\/guillaume-tabard-pourquoi-sebastien-lecornu-a-besoin-des-lignes-rouges-de-la-droite-20250924\" data-fig-type=\"Article\" data-gtm-custom-categorie=\"navigation\" data-gtm-custom-action=\"crossclick\" data-gtm-custom-label=\"Contextuel\" data-gtm-event=\"customEventSPE\" data-fig-domain=\"LEFIGARO\" rel=\"nofollow noopener\" target=\"_blank\">S\u00e9bastien Lecornu<\/a>\u00a0serait alors oblig\u00e9 de d\u00e9missionner.<\/p>\n<p class=\"fig-paragraph\">L&rsquo;intersyndicale a annonc\u00e9 une nouvelle journ\u00e9e de gr\u00e8ves et de mobilisation le 2 octobre, une date qui doit encore \u00eatre confirm\u00e9e mercredi en fin de journ\u00e9e par l&rsquo;intersyndicale. La cheffe des \u00e9cologistes Marine Tondelier \u00aby sera \u00e9videmment\u00bb et \u00abtoutes les fois suivantes, autant qu&rsquo;il le faudra\u00bb, a-t-elle d\u00e9j\u00e0 d\u00e9clar\u00e9 sur X.<\/p>\n","protected":false},"excerpt":{"rendered":"Lors de sa rencontre avec l\u2019intersyndicale mercredi matin, le premier ministre \u00abn\u2019a en rien r\u00e9pondu \u00e0 l\u2019ultimatum pos\u00e9&hellip;\n","protected":false},"author":2,"featured_media":414209,"comment_status":"","ping_status":"","sticky":false,"template":"","format":"standard","meta":{"footnotes":""},"categories":[4],"tags":[11,9006,1011,27,780,12,25,11067],"class_list":{"0":"post-414208","1":"post","2":"type-post","3":"status-publish","4":"format-standard","5":"has-post-thumbnail","7":"category-france","8":"tag-actualites","9":"tag-censure","10":"tag-fr","11":"tag-france","12":"tag-lfi","13":"tag-news","14":"tag-republique-francaise","15":"tag-sebastien-lecornu"},"share_on_mastodon":{"url":"https:\/\/pubeurope.com\/@fr\/115259855584391385","error":""},"_links":{"self":[{"href":"https:\/\/www.europesays.com\/fr\/wp-json\/wp\/v2\/posts\/414208","targetHints":{"allow":["GET"]}}],"collection":[{"href":"https:\/\/www.europesays.com\/fr\/wp-json\/wp\/v2\/posts"}],"about":[{"href":"https:\/\/www.europesays.com\/fr\/wp-json\/wp\/v2\/types\/post"}],"author":[{"embeddable":true,"href":"https:\/\/www.europesays.com\/fr\/wp-json\/wp\/v2\/users\/2"}],"replies":[{"embeddable":true,"href":"https:\/\/www.europesays.com\/fr\/wp-json\/wp\/v2\/comments?post=414208"}],"version-history":[{"count":0,"href":"https:\/\/www.europesays.com\/fr\/wp-json\/wp\/v2\/posts\/414208\/revisions"}],"wp:featuredmedia":[{"embeddable":true,"href":"https:\/\/www.europesays.com\/fr\/wp-json\/wp\/v2\/media\/414209"}],"wp:attachment":[{"href":"https:\/\/www.europesays.com\/fr\/wp-json\/wp\/v2\/media?parent=414208"}],"wp:term":[{"taxonomy":"category","embeddable":true,"href":"https:\/\/www.europesays.com\/fr\/wp-json\/wp\/v2\/categories?post=414208"},{"taxonomy":"post_tag","embeddable":true,"href":"https:\/\/www.europesays.com\/fr\/wp-json\/wp\/v2\/tags?post=414208"}],"curies":[{"name":"wp","href":"https:\/\/api.w.org\/{rel}","templated":true}]}}