{"id":41421,"date":"2025-04-21T11:51:10","date_gmt":"2025-04-21T11:51:10","guid":{"rendered":"https:\/\/www.europesays.com\/fr\/41421\/"},"modified":"2025-04-21T11:51:10","modified_gmt":"2025-04-21T11:51:10","slug":"nancy-une-nouvelle-oeuvre-sur-le-mur-du-saint-sebastien","status":"publish","type":"post","link":"https:\/\/www.europesays.com\/fr\/41421\/","title":{"rendered":"Nancy. Une nouvelle \u0153uvre sur le mur du Saint-S\u00e9bastien"},"content":{"rendered":"<p>C\u2019est \u00e0 l\u2019initiative de l\u2019association Le Mur Nancy, qui invite des artistes pour apporter de la couleur et de l\u2019expression artistique sur la fa\u00e7ade du centre commercial Saint-S\u00e9bastien, c\u00f4t\u00e9 place Charles-III, que l\u2019artiste danois Swet est venu, vendredi, graffer, durant toute la journ\u00e9e, pour cr\u00e9er une \u0153uvre \u00e9ph\u00e9m\u00e8re.<\/p>\n<p>N\u00e9 au Danemark, l\u2019artiste a d\u00e9couvert le graffiti en 1984, quand la culture hip-hop est arriv\u00e9e dans son pays.<\/p>\n<p>\u00ab\u00a0J\u2019ai tout essay\u00e9 \u00e0 cette \u00e9poque, du breakdance au mixage\u2026 Mais, finalement, j\u2019ai pr\u00e9f\u00e9r\u00e9 l\u2019esprit aventurier et cr\u00e9atif du graffiti, explique l\u2019artiste. Au d\u00e9but, c\u2019\u00e9tait ill\u00e9gal. Je peignais des trains, pour que mes peintures voyagent et qu\u2019on voit mes graffitis.\u00a0\u00bb<\/p>\n<p>Aujourd\u2019hui, il graffe en toute l\u00e9galit\u00e9 et il s\u2019est impos\u00e9 comme une figure incontournable du graffiti international.<\/p>\n<p>Malgr\u00e9 l\u2019\u00e9volution constante de cette sc\u00e8ne, Swet reste une source d\u2019inspiration gr\u00e2ce \u00e0 sa pr\u00e9cision et son style unique.<\/p>\n<p>L\u2019\u0153uvre restera visible pendant un mois, avant d\u2019\u00eatre remplac\u00e9e par une autre.<\/p>\n","protected":false},"excerpt":{"rendered":"C\u2019est \u00e0 l\u2019initiative de l\u2019association Le Mur Nancy, qui invite des artistes pour apporter de la couleur et&hellip;\n","protected":false},"author":2,"featured_media":41422,"comment_status":"","ping_status":"","sticky":false,"template":"","format":"standard","meta":{"footnotes":""},"categories":[9635],"tags":[1111,11,1687,1704,1777,674,1011,27,775,1702,1703,12,25],"class_list":{"0":"post-41421","1":"post","2":"type-post","3":"status-publish","4":"format-standard","5":"has-post-thumbnail","7":"category-nancy","8":"tag-actu","9":"tag-actualites","10":"tag-culture-loisirs","11":"tag-edition-nancy-et-agglomeration","12":"tag-eu","13":"tag-europe","14":"tag-fr","15":"tag-france","16":"tag-grand-est","17":"tag-nancy","18":"tag-nancy-ville-54b","19":"tag-news","20":"tag-republique-francaise"},"share_on_mastodon":{"url":"https:\/\/pubeurope.com\/@fr\/114375811717215319","error":""},"_links":{"self":[{"href":"https:\/\/www.europesays.com\/fr\/wp-json\/wp\/v2\/posts\/41421","targetHints":{"allow":["GET"]}}],"collection":[{"href":"https:\/\/www.europesays.com\/fr\/wp-json\/wp\/v2\/posts"}],"about":[{"href":"https:\/\/www.europesays.com\/fr\/wp-json\/wp\/v2\/types\/post"}],"author":[{"embeddable":true,"href":"https:\/\/www.europesays.com\/fr\/wp-json\/wp\/v2\/users\/2"}],"replies":[{"embeddable":true,"href":"https:\/\/www.europesays.com\/fr\/wp-json\/wp\/v2\/comments?post=41421"}],"version-history":[{"count":0,"href":"https:\/\/www.europesays.com\/fr\/wp-json\/wp\/v2\/posts\/41421\/revisions"}],"wp:featuredmedia":[{"embeddable":true,"href":"https:\/\/www.europesays.com\/fr\/wp-json\/wp\/v2\/media\/41422"}],"wp:attachment":[{"href":"https:\/\/www.europesays.com\/fr\/wp-json\/wp\/v2\/media?parent=41421"}],"wp:term":[{"taxonomy":"category","embeddable":true,"href":"https:\/\/www.europesays.com\/fr\/wp-json\/wp\/v2\/categories?post=41421"},{"taxonomy":"post_tag","embeddable":true,"href":"https:\/\/www.europesays.com\/fr\/wp-json\/wp\/v2\/tags?post=41421"}],"curies":[{"name":"wp","href":"https:\/\/api.w.org\/{rel}","templated":true}]}}