{"id":41423,"date":"2025-04-21T11:52:29","date_gmt":"2025-04-21T11:52:29","guid":{"rendered":"https:\/\/www.europesays.com\/fr\/41423\/"},"modified":"2025-04-21T11:52:29","modified_gmt":"2025-04-21T11:52:29","slug":"cette-grande-metropole-du-grand-est-offre-la-meilleure-qualite-de-vie-de-france-selon-ce-classement","status":"publish","type":"post","link":"https:\/\/www.europesays.com\/fr\/41423\/","title":{"rendered":"Cette grande m\u00e9tropole du Grand Est offre la meilleure qualit\u00e9 de vie de France, selon\u00a0ce\u00a0classement"},"content":{"rendered":"<p>            Par<br \/>\n        <strong><br \/>\n            <a href=\"https:\/\/actu.fr\/auteur\/pierre-emile-bouchy-actu-fr\" title=\"Consulter tous les articles de Paul-Emile Bouchy\" rel=\"nofollow noopener\" target=\"_blank\">Paul-Emile Bouchy<\/a><br \/>\n        <\/strong><\/p>\n<p>        Publi\u00e9 le<\/p>\n<p>            27 janv. 2025 \u00e0 13h28        <\/p>\n<p>Mardi 21\u00a0janvier 2025, Arthur Loyd, un r\u00e9seau national de conseil en immobilier d\u2019entreprise, a publi\u00e9 <a href=\"https:\/\/info.arthur-loyd.com\/l\/861203\/2025-01-20\/2bw9nl\/861203\/1737397434UcZtsjvk\/Le_Barome__tre_8eme_edition.pdf\" rel=\"nofollow noopener\" target=\"_blank\">son palmar\u00e8s<\/a> des m\u00e9tropoles et agglom\u00e9rations les plus attractives de France.<\/p>\n<p class=\" wall-content\">Si <a href=\"https:\/\/actu.fr\/grand-est\/nancy_54395\" rel=\"nofollow noopener\" target=\"_blank\">Nancy<\/a> n\u2019arrive qu\u2019\u00e0 la<strong> 8\u1d49 place du classement g\u00e9n\u00e9ral des 10 grandes m\u00e9tropoles<\/strong> (ayant une zone d\u2019attraction entre 500\u2009000 et 1\u00a0million d\u2019habitants), elle tire son \u00e9pingle du jeu dans une des quatre cat\u00e9gories\u2009: <strong>la qualit\u00e9 de vie<\/strong>.<\/p>\n<p>Nancy en t\u00eate des grandes m\u00e9tropoles en termes de qualit\u00e9 de vie<\/p>\n<p class=\" wall-content\">Alors que le classement g\u00e9n\u00e9ral est domin\u00e9 par Rennes, Montpellier et <a href=\"https:\/\/actu.fr\/grand-est\/strasbourg_67482\/qualite-de-vie-et-emploi-cette-metropole-du-grand-est-est-hyper-attractive-selon-ce-classement_62146958.html\" rel=\"nofollow noopener\" target=\"_blank\">Strasbourg<\/a>, Nancy les devance concernant la qualit\u00e9 de vie, o\u00f9 elle arrive <strong>en premi\u00e8re position des grandes m\u00e9tropoles<\/strong>.<\/p>\n<p class=\" wall-content\">Cela s\u2019explique par diff\u00e9rentes raisons, comme l\u2019indique Cevan Torossian, directeur du d\u00e9partement \u00c9tudes &amp; Recherche d\u2019Arthur Loyd\u2009: \u00ab\u2009Nancy se classe en 1\u02b3\u1d49 position des m\u00e9tropoles o\u00f9 <strong>le logement est le moins cher<\/strong>, tant pour l\u2019achat que pour la location. C\u2019est un crit\u00e8re crucial puisqu\u2019il s\u2019agit du premier poste de d\u00e9penses des Fran\u00e7ais.\u2009\u00bb<\/p>\n<p>Une m\u00e9tropole appr\u00e9ci\u00e9e par les \u00e9tudiants et les entreprises<\/p>\n<p class=\" wall-content\">Autre point fort de la cit\u00e9 ducale, la <strong>qualit\u00e9 de l\u2019enseignement sup\u00e9rieur<\/strong>. \u00ab\u2009Nancy arrive \u00e0 la 2\u1d49 place de ce crit\u00e8re. Elle poss\u00e8de de nombreuses classes pr\u00e9paratoires et des grandes \u00e9coles r\u00e9put\u00e9es\u2009\u00bb, ajoute M. Torossian.<\/p>\n<p>Vid\u00e9os : en ce moment sur Actu<\/p>\n<p class=\" wall-content\">Enfin, Nancy propose une <strong>capacit\u00e9 d\u2019accueil int\u00e9ressante pour les entreprises<\/strong>. En proposant des bureaux \u00e0 des co\u00fbts peu on\u00e9reux, elle arrive \u00e0 la 4\u1d49 place de ce crit\u00e8re.<\/p>\n<p>Mauvaise \u00e9l\u00e8ve dans deux cat\u00e9gories majeures<\/p>\n<p class=\" wall-content\">En revanche, Nancy est <strong>en net recul dans deux autres cat\u00e9gories<\/strong> du classement Arthur Loyd. La m\u00e9tropole nanc\u00e9ienne arrive en derni\u00e8re position dans les domaines suivants\u2009: <strong>vitalit\u00e9 \u00e9conomique<\/strong> et <strong>connectivit\u00e9, capital humain et transitions<\/strong>.<\/p>\n<p class=\" wall-content\">\u00ab\u2009N\u00e9anmoins, m\u00eame dans ces cat\u00e9gories, il y a des items o\u00f9 Nancy est en bonne position. Comme l\u2019accessibilit\u00e9 nationale avec notamment la desserte LGV Est\u2009\u00bb, mod\u00e8re Cevan Torossian.<\/p>\n<p>75 indicateurs \u00e9tudi\u00e9s<\/p>\n<p class=\" wall-content\">Dans ce barom\u00e8tre, les agglom\u00e9rations ont \u00e9t\u00e9 divis\u00e9es en quatre groupes\u2009:<\/p>\n<ul class=\" wall-content\">\n<li>les tr\u00e8s grandes m\u00e9tropoles (plus d\u2019un million d\u2019habitants)\u2009;<\/li>\n<li>les grandes m\u00e9tropoles (500\u2009000 \u00e0 1\u00a0million d\u2019habitants)\u2009;<\/li>\n<li>les m\u00e9tropoles interm\u00e9diaires (300\u2009000\u00a0\u00e0 500\u2009000 habitants)\u2009;<\/li>\n<li>les agglom\u00e9rations de taille moyenne (100\u2009000\u00a0\u00e0 300\u2009000 habitants).<\/li>\n<\/ul>\n<p class=\" wall-content\">Pour r\u00e9aliser son classement, Arthur Loyd a \u00e9tudi\u00e9 <strong>75 indicateurs quantitatifs<\/strong>, parmi lesquels les transports en commun, le co\u00fbt du logement, le cadre environnemental, l\u2019ins\u00e9curit\u00e9, la couverture haut d\u00e9bit ou le nombre de cr\u00e9ations d\u2019entreprises.<\/p>\n<p class=\" wall-content\">Ces 75 donn\u00e9es ont \u00e9t\u00e9 regroup\u00e9es dans 14 items et <strong>quatre grandes th\u00e9matiques<\/strong>\u2009: vitalit\u00e9 \u00e9conomique, accueil des entreprises et immobilier professionnel, connectivit\u00e9, capital humain et transitions, qualit\u00e9 de vie.<\/p>\n<p class=\" wall-content\">Suivez toute l\u2019actualit\u00e9 de vos villes et m\u00e9dias favoris en vous inscrivant \u00e0 <a href=\"https:\/\/moncompte.actu.fr\" title=\"D\u00e9couvez Mon Actu\" rel=\"nofollow noopener\" data-trk=\"{&quot;cta&quot;:{&quot;action&quot;:&quot;https:\\\/\\\/moncompte.actu.fr&quot;,&quot;category&quot;:&quot;mon compte&quot;,&quot;from&quot;:&quot;article footer&quot;,&quot;name&quot;:&quot;Mon actu&quot;,&quot;type&quot;:&quot;cta&quot;}}\" target=\"_blank\">Mon Actu<\/a>.<\/p>\n","protected":false},"excerpt":{"rendered":"Par Paul-Emile Bouchy Publi\u00e9 le 27 janv. 2025 \u00e0 13h28 Mardi 21\u00a0janvier 2025, Arthur Loyd, un r\u00e9seau national&hellip;\n","protected":false},"author":2,"featured_media":41424,"comment_status":"","ping_status":"","sticky":false,"template":"","format":"standard","meta":{"footnotes":""},"categories":[9635],"tags":[1111,11,1777,674,1011,27,775,10375,1702,12,25,104],"class_list":{"0":"post-41423","1":"post","2":"type-post","3":"status-publish","4":"format-standard","5":"has-post-thumbnail","7":"category-nancy","8":"tag-actu","9":"tag-actualites","10":"tag-eu","11":"tag-europe","12":"tag-fr","13":"tag-france","14":"tag-grand-est","15":"tag-grand-nancy","16":"tag-nancy","17":"tag-news","18":"tag-republique-francaise","19":"tag-societe"},"share_on_mastodon":{"url":"https:\/\/pubeurope.com\/@fr\/114375815756352138","error":""},"_links":{"self":[{"href":"https:\/\/www.europesays.com\/fr\/wp-json\/wp\/v2\/posts\/41423","targetHints":{"allow":["GET"]}}],"collection":[{"href":"https:\/\/www.europesays.com\/fr\/wp-json\/wp\/v2\/posts"}],"about":[{"href":"https:\/\/www.europesays.com\/fr\/wp-json\/wp\/v2\/types\/post"}],"author":[{"embeddable":true,"href":"https:\/\/www.europesays.com\/fr\/wp-json\/wp\/v2\/users\/2"}],"replies":[{"embeddable":true,"href":"https:\/\/www.europesays.com\/fr\/wp-json\/wp\/v2\/comments?post=41423"}],"version-history":[{"count":0,"href":"https:\/\/www.europesays.com\/fr\/wp-json\/wp\/v2\/posts\/41423\/revisions"}],"wp:featuredmedia":[{"embeddable":true,"href":"https:\/\/www.europesays.com\/fr\/wp-json\/wp\/v2\/media\/41424"}],"wp:attachment":[{"href":"https:\/\/www.europesays.com\/fr\/wp-json\/wp\/v2\/media?parent=41423"}],"wp:term":[{"taxonomy":"category","embeddable":true,"href":"https:\/\/www.europesays.com\/fr\/wp-json\/wp\/v2\/categories?post=41423"},{"taxonomy":"post_tag","embeddable":true,"href":"https:\/\/www.europesays.com\/fr\/wp-json\/wp\/v2\/tags?post=41423"}],"curies":[{"name":"wp","href":"https:\/\/api.w.org\/{rel}","templated":true}]}}