{"id":414231,"date":"2025-09-24T15:08:12","date_gmt":"2025-09-24T15:08:12","guid":{"rendered":"https:\/\/www.europesays.com\/fr\/414231\/"},"modified":"2025-09-24T15:08:12","modified_gmt":"2025-09-24T15:08:12","slug":"un-adolescent-poignarde-au-bras-faute-de-cigarette-a-donner","status":"publish","type":"post","link":"https:\/\/www.europesays.com\/fr\/414231\/","title":{"rendered":"un adolescent poignard\u00e9 au bras, faute de cigarette \u00e0 donner"},"content":{"rendered":"<p>L\u2019agresseur, toujours en fuite, a frapp\u00e9 sa victime de 19 ans au niveau de l\u2019avant-bras avant de dispara\u00eetre.<\/p>\n<p class=\"fig-paragraph\">Un simple refus qui vire \u00e0 la violence. Ce lundi 22 septembre, aux alentours de 20 heures, un jeune \u00ab homme de 19 ans a \u00e9t\u00e9\u00a0<a href=\"https:\/\/www.lefigaro.fr\/tag\/attaque-au-couteau?msockid=0891325508ba61e90d202409091460ed\" target=\"_blank\" rel=\"sponsored noopener\" data-gtm-custom-categorie=\"navigation\" data-gtm-custom-action=\"crossclick\" data-gtm-custom-label=\"Contextuel\" data-gtm-event=\"customEventSPE\">poignard\u00e9\u00a0<\/a> dans l\u2019enceinte du Jardin de Ville, au centre de\u00a0<a href=\"https:\/\/www.lefigaro.fr\/tag\/grenoble?msockid=0891325508ba61e90d202409091460ed\" target=\"_blank\" rel=\"sponsored noopener\" data-gtm-custom-categorie=\"navigation\" data-gtm-custom-action=\"crossclick\" data-gtm-custom-label=\"Contextuel\" data-gtm-event=\"customEventSPE\">Grenoble\u00a0<\/a> \u00bb, selon une source polici\u00e8re.<\/p>\n<p class=\"fig-paragraph\">Celui-ci se serait fait agresser apr\u00e8s avoir \u00e9t\u00e9 sollicit\u00e9 \u00ab pour une cigarette qu\u2019il n\u2019avait pas\u00a0\u00bb. L\u2019assaillant, un individu non identifi\u00e9, l\u2019aurait alors frapp\u00e9 d\u2019un coup de couteau \u00ab au niveau de l\u2019avant-bras.\u00a0\u00bb<\/p>\n<p>                                    <a class=\"fig-a11y-skip a11y-hidden\" href=\"#fig-a11y-skip-main-inarticle\"><br \/>\n        Passer la publicit\u00e9<br \/>\n    <\/a><\/p>\n<p class=\"fig-paragraph\">La victime, touch\u00e9e mais consciente, a pu \u00eatre prise en charge rapidement par les sapeurs-pompiers avant d\u2019\u00eatre transport\u00e9e vers le CHU de Grenoble. Son pronostic vital n\u2019est pas engag\u00e9.<\/p>\n<p class=\"fig-paragraph\">Quant \u00e0 l\u2019agresseur, il est\u00a0<a href=\"https:\/\/www.lefigaro.fr\/tag\/fuite?msockid=0891325508ba61e90d202409091460ed\" target=\"_blank\" rel=\"sponsored noopener\" data-gtm-custom-categorie=\"navigation\" data-gtm-custom-action=\"crossclick\" data-gtm-custom-label=\"Contextuel\" data-gtm-event=\"customEventSPE\">toujours en fuite<\/a>, affirme notre source polici\u00e8re. Joint par t\u00e9l\u00e9phone, le Parquet de Grenoble d\u00e9clare que la victime n\u2019a pas port\u00e9 plainte ni souhait\u00e9 t\u00e9moigner. \u00c0 ce stade, les cam\u00e9ras de surveillance sont exploit\u00e9es afin de d\u00e9terminer les circonstances de cette agression.<\/p>\n","protected":false},"excerpt":{"rendered":"L\u2019agresseur, toujours en fuite, a frapp\u00e9 sa victime de 19 ans au niveau de l\u2019avant-bras avant de dispara\u00eetre.&hellip;\n","protected":false},"author":2,"featured_media":414232,"comment_status":"","ping_status":"","sticky":false,"template":"","format":"standard","meta":{"footnotes":""},"categories":[9566],"tags":[1111,11,14118,2430,6583,1777,674,1011,27,2731,12,25],"class_list":{"0":"post-414231","1":"post","2":"type-post","3":"status-publish","4":"format-standard","5":"has-post-thumbnail","7":"category-grenoble","8":"tag-actu","9":"tag-actualites","10":"tag-attaque-au-couteau","11":"tag-auvergne-rhone-alpes","12":"tag-cigarette","13":"tag-eu","14":"tag-europe","15":"tag-fr","16":"tag-france","17":"tag-grenoble","18":"tag-news","19":"tag-republique-francaise"},"share_on_mastodon":{"url":"https:\/\/pubeurope.com\/@fr\/115259906709835491","error":""},"_links":{"self":[{"href":"https:\/\/www.europesays.com\/fr\/wp-json\/wp\/v2\/posts\/414231","targetHints":{"allow":["GET"]}}],"collection":[{"href":"https:\/\/www.europesays.com\/fr\/wp-json\/wp\/v2\/posts"}],"about":[{"href":"https:\/\/www.europesays.com\/fr\/wp-json\/wp\/v2\/types\/post"}],"author":[{"embeddable":true,"href":"https:\/\/www.europesays.com\/fr\/wp-json\/wp\/v2\/users\/2"}],"replies":[{"embeddable":true,"href":"https:\/\/www.europesays.com\/fr\/wp-json\/wp\/v2\/comments?post=414231"}],"version-history":[{"count":0,"href":"https:\/\/www.europesays.com\/fr\/wp-json\/wp\/v2\/posts\/414231\/revisions"}],"wp:featuredmedia":[{"embeddable":true,"href":"https:\/\/www.europesays.com\/fr\/wp-json\/wp\/v2\/media\/414232"}],"wp:attachment":[{"href":"https:\/\/www.europesays.com\/fr\/wp-json\/wp\/v2\/media?parent=414231"}],"wp:term":[{"taxonomy":"category","embeddable":true,"href":"https:\/\/www.europesays.com\/fr\/wp-json\/wp\/v2\/categories?post=414231"},{"taxonomy":"post_tag","embeddable":true,"href":"https:\/\/www.europesays.com\/fr\/wp-json\/wp\/v2\/tags?post=414231"}],"curies":[{"name":"wp","href":"https:\/\/api.w.org\/{rel}","templated":true}]}}