{"id":414233,"date":"2025-09-24T15:09:10","date_gmt":"2025-09-24T15:09:10","guid":{"rendered":"https:\/\/www.europesays.com\/fr\/414233\/"},"modified":"2025-09-24T15:09:10","modified_gmt":"2025-09-24T15:09:10","slug":"municipales-a-rennes-pour-eviter-un-match-plie-davance-carole-gandon-et-charles-compagnon-devoilent-leur-strategie","status":"publish","type":"post","link":"https:\/\/www.europesays.com\/fr\/414233\/","title":{"rendered":"Municipales \u00e0 Rennes\u00a0: pour \u00e9viter un match \u00ab\u00a0pli\u00e9\u00a0\u00bb d\u2019avance, Carole Gandon et Charles Compagnon d\u00e9voilent leur strat\u00e9gie"},"content":{"rendered":"<p>Leur rapprochement \u00e9tait visible depuis plusieurs mois, notamment \u00e0 la M\u00e9tropole o\u00f9 leurs groupes ont fusionn\u00e9. Ce mercredi 24 septembre 2025, Charles Compagnon (Horizon) et Carole Gandon (Renaissance) ont franchi une nouvelle \u00e9tape, \u00e0 Rennes cette fois, en annon\u00e7ant leur candidature sur une liste commune lors des prochaines \u00e9lections municipales de 2026 dans la capitale bretonne.<\/p>\n<p>\u00ab Nous n\u2019avions pas r\u00e9ussi ce rassemblement en 2020, mais cette fois, les enjeux sont trop forts \u00bb, pose Carole Gandon. \u00ab Face au bilan de Nathalie App\u00e9r\u00e9, nous avons une responsabilit\u00e9 historique de cr\u00e9er ce rassemblement pour proposer une alternance et un nouveau cap \u00bb, ajoute Charles Compagnon.<\/p>\n<p>Qui pour la t\u00eate de liste ?<\/p>\n<p>Si Carole Gandon et Charles Compagnon partiront donc ensemble \u00e0 l\u2019assaut de la mairie, avec un collectif commun baptis\u00e9 \u00ab Vivre Rennes \u00bb, le nom de celui ou celle qui portera cette candidature comme t\u00eate de liste n\u2019a en revanche pas \u00e9t\u00e9 officialis\u00e9. \u00ab Il est encore trop t\u00f4t pour une annonce. Ce sera obligatoire de le faire avant la Toussaint \u00bb, explique Carole Gandon.<\/p>\n<p>Un ticket \u00e0 deux t\u00eates, un \u00e0 la Ville, l\u2019autre \u00e0 Rennes M\u00e9tropole, n\u2019est pas exclu. \u00ab Il y a encore des avis divergents dans le groupe sur ce sujet. Moi, je d\u00e9fends l\u2019id\u00e9e que, dans le cadre d\u2019une alternance, il faut un maire de Rennes \u00e0 plein temps \u00bb, estime Compagnon. \u00ab Le bin\u00f4me peut fonctionner, cela d\u00e9pend des territoires \u00bb, ajoute Gandon. En 2020, Charles Compagnon s\u2019\u00e9tait pr\u00e9sent\u00e9 sous ce format, en tandem avec Pierre Breteau, maire Modem de Saint-Gr\u00e9goire qui visait la pr\u00e9sidence de Rennes M\u00e9tropole.<\/p>\n<p>Un appel \u00e0 Thomas Rousseau<\/p>\n<p>Mais apr\u00e8s 50 ans de socialisme \u00e0 Rennes, \u00ab il va falloir cr\u00e9er les conditions du rassemblement \u00bb. Un rassemblement \u00ab le plus large possible \u00bb, \u00ab de la droite aux sociaux-d\u00e9mocrates \u00bb. Un appel clair \u00e0 Thomas Rousseau, t\u00eate de liste LR aux municipales. \u00ab On est en dialogue avec lui, il participe \u00e0 nos ateliers programmatiques, mais il y a encore des choses \u00e0 clarifier dans le projet. J\u2019ai bon espoir qu\u2019on parvienne \u00e0 former une liste unique dans les semaines qui viennent \u00bb, affirme Carole Gandon.<\/p>\n<p>Selon elle, le Secr\u00e9taire d\u00e9partemental du parti Les R\u00e9publicains en Ille-et-Vilaine, qui a multipli\u00e9 les prises de parole depuis l\u2019annonce de sa candidature en d\u00e9cembre 2024, \u00ab a eu besoin de se faire conna\u00eetre, c\u2019est l\u00e9gitime. Le temps de la responsabilit\u00e9 arrive. En face (la majorit\u00e9 municipale form\u00e9e des Socialistes et \u00c9cologistes), ils sont plut\u00f4t partis pour une alliance de premier tour, avec le risque qu\u2019ils obtiennent plus de 50 % des voix d\u00e8s le premier tour. Et l\u00e0, ce sera pli\u00e9. Il faut donc qu\u2019on prenne nos responsabilit\u00e9s. \u00bb<\/p>\n<p>Contact\u00e9, Thomas Rousseau confirme que \u00ab le dialogue a \u00e9t\u00e9 initi\u00e9 en d\u00e9but d\u2019ann\u00e9e. On leur a pr\u00e9sent\u00e9 une partie de notre projet. Ma porte est toujours ouverte \u00bb. Concernant la t\u00eate de liste, il ne semble, en revanche, pas pr\u00eat pour le moment \u00e0 passer au second plan. \u00ab J\u2019ai \u00e9t\u00e9 investi t\u00eate de liste par LR et, pour l\u2019instant, j\u2019ai toujours vocation \u00e0 rester t\u00eate de liste \u00bb. Selon lui, la base de ces discussions consiste \u00e0 \u00ab accepter de parler de projet de rupture. Or, nous avons encore des divergences, comme la reconduction des <a href=\"https:\/\/www.letelegramme.fr\/ille-et-vilaine\/rennes-35000\/24-000-eur-de-subvention-municipale-a-sos-mediterranee-il-attaque-la-ville-de-rennes-en-justice-6839956.php\" target=\"_blank\" rel=\"noopener\">subventions \u00e0 SOS M\u00e9diterran\u00e9e, contre lesquels nous avons d\u00e9pos\u00e9 un recours<\/a>. Or, R\u00e9v\u00e9ler Rennes (le groupe de Carole Gandon) a vot\u00e9 pour et Libres d\u2019agir (celui de Charles Compagnon) s\u2019est abstenu \u00bb.<\/p>\n<p>Doubler les effectifs de police municipale et nouvelle brigade m\u00e9tropolitaine des transports<\/p>\n<p>En attendant, Carole Gandon et Charles Compagnon ont annonc\u00e9 plusieurs mesures sur l\u2019un des th\u00e8mes forts de Thomas Rousseau, la s\u00e9curit\u00e9. Ils comptent ainsi doubler les effectifs de police municipale, \u00ab pour les faire passer \u00e0 120 agents \u00bb, pr\u00e9cise Charles Compagnon, et permettre leur armement. Deux mesures port\u00e9es \u00e9galement par le candidat LR soutenu par Bruno Retailleau.<\/p>\n<p>\u00ab On souhaite \u00e9galement la mise en place d\u2019une police m\u00e9tropolitaine des transports \u00bb. Une mesure \u00e9voqu\u00e9e en conseil m\u00e9tropolitain par un \u00e9lu \u00e9cologiste avant l\u2019\u00e9t\u00e9. Derni\u00e8re mesure sur le volet s\u00e9curit\u00e9, la cr\u00e9ation d\u2019une brigade de tranquillit\u00e9 r\u00e9sidentielle, \u00ab un groupe de m\u00e9diateurs au contact des populations dans les quartiers pour r\u00e9gler des conflits de voisinage, de propret\u00e9 par exemple, en co-portage avec les bailleurs \u00bb.<\/p>\n<p>Le reste de leur programme n\u2019est pas encore boucl\u00e9. \u00ab Mais il y aura un grand plan de relance pour le centre-ville, avec notamment la gratuit\u00e9 des transports lors des f\u00eates de fin d\u2019ann\u00e9e et les soldes \u00bb. La question du Z\u00e9nith et du grand stade port\u00e9 par le propri\u00e9taire du Stade Rennais Fran\u00e7ois Pinault est aussi sur la table.<\/p>\n","protected":false},"excerpt":{"rendered":"Leur rapprochement \u00e9tait visible depuis plusieurs mois, notamment \u00e0 la M\u00e9tropole o\u00f9 leurs groupes ont fusionn\u00e9. Ce mercredi&hellip;\n","protected":false},"author":2,"featured_media":414234,"comment_status":"","ping_status":"","sticky":false,"template":"","format":"standard","meta":{"footnotes":""},"categories":[2821],"tags":[1111,11,829,1777,674,1011,27,848,4555,12,584,25],"class_list":{"0":"post-414233","1":"post","2":"type-post","3":"status-publish","4":"format-standard","5":"has-post-thumbnail","7":"category-rennes","8":"tag-actu","9":"tag-actualites","10":"tag-bretagne","11":"tag-eu","12":"tag-europe","13":"tag-fr","14":"tag-france","15":"tag-ille-et-vilaine","16":"tag-local","17":"tag-news","18":"tag-rennes","19":"tag-republique-francaise"},"share_on_mastodon":{"url":"https:\/\/pubeurope.com\/@fr\/115259910721323996","error":""},"_links":{"self":[{"href":"https:\/\/www.europesays.com\/fr\/wp-json\/wp\/v2\/posts\/414233","targetHints":{"allow":["GET"]}}],"collection":[{"href":"https:\/\/www.europesays.com\/fr\/wp-json\/wp\/v2\/posts"}],"about":[{"href":"https:\/\/www.europesays.com\/fr\/wp-json\/wp\/v2\/types\/post"}],"author":[{"embeddable":true,"href":"https:\/\/www.europesays.com\/fr\/wp-json\/wp\/v2\/users\/2"}],"replies":[{"embeddable":true,"href":"https:\/\/www.europesays.com\/fr\/wp-json\/wp\/v2\/comments?post=414233"}],"version-history":[{"count":0,"href":"https:\/\/www.europesays.com\/fr\/wp-json\/wp\/v2\/posts\/414233\/revisions"}],"wp:featuredmedia":[{"embeddable":true,"href":"https:\/\/www.europesays.com\/fr\/wp-json\/wp\/v2\/media\/414234"}],"wp:attachment":[{"href":"https:\/\/www.europesays.com\/fr\/wp-json\/wp\/v2\/media?parent=414233"}],"wp:term":[{"taxonomy":"category","embeddable":true,"href":"https:\/\/www.europesays.com\/fr\/wp-json\/wp\/v2\/categories?post=414233"},{"taxonomy":"post_tag","embeddable":true,"href":"https:\/\/www.europesays.com\/fr\/wp-json\/wp\/v2\/tags?post=414233"}],"curies":[{"name":"wp","href":"https:\/\/api.w.org\/{rel}","templated":true}]}}