{"id":414247,"date":"2025-09-24T15:16:23","date_gmt":"2025-09-24T15:16:23","guid":{"rendered":"https:\/\/www.europesays.com\/fr\/414247\/"},"modified":"2025-09-24T15:16:23","modified_gmt":"2025-09-24T15:16:23","slug":"quels-sont-les-nouveaux-commerces-de-la-rentree-dans-le-centre-ville","status":"publish","type":"post","link":"https:\/\/www.europesays.com\/fr\/414247\/","title":{"rendered":"quels sont les nouveaux commerces de la rentr\u00e9e dans le centre-ville\u00a0?"},"content":{"rendered":"<p>            Par<br \/>\n        <strong><br \/>\n            <a href=\"https:\/\/actu.fr\/auteur\/thomas-bernard\" title=\"Consulter tous les articles de Thomas Bernard\" target=\"_blank\" rel=\"noopener\">Thomas Bernard<\/a><br \/>\n        <\/strong><\/p>\n<p>        Publi\u00e9 le<\/p>\n<p>            24 sept. 2025 \u00e0 16h27        <\/p>\n<p>Pour la rentr\u00e9e, plusieurs commerces ont ouvert dans le centre-ville de Nantes. Restaurants, bars, modes et autres magasins ont lev\u00e9 le rideau dans la cit\u00e9 des ducs de Bretagne. Pour vous rep\u00e9rer, la r\u00e9daction d\u2019<a href=\"https:\/\/actu.fr\/nantes\" target=\"_blank\" rel=\"noopener\">actu Nantes<\/a> vous dresse une liste* des nouveaux commerces.<\/p>\n<p>L\u2019\u00c9tal<\/p>\n<p class=\" wall-content\">Depuis le mois d\u2019ao\u00fbt, le commerce l\u2019\u00c9tal s\u2019est install\u00e9 au 18 rue des Carmes dans le centre-ville de Nantes. L\u2019adresse r\u00e9unit dans un m\u00eame lieu\u2009: restaurant et poissonnerie, un concept original dans la ville de Jules Verne.<\/p>\n<p>Chez la Voisine<\/p>\n<p class=\" wall-content\">\u00c0 quelques pas de la cath\u00e9drale, un primeur-\u00e9picerie bio a ouvert \u00e0 la fin du mois d\u2019ao\u00fbt. \u00ab\u2009Chez la voisine\u2009\u00bb, a ouvert ses portes \u00e0 la fin du mois d\u2019ao\u00fbt. Une adresse tenue par H\u00e9l\u00e8ne et Zo\u00e9. Au 13 rue Saint-Pierre, les Nantais peuvent acheter des fruits et l\u00e9gumes en agriculture biologique, le plus local possible.<\/p>\n<p>Lion of Porches<\/p>\n<p class=\" wall-content\">Marque de mode portugaise, Lion of Porches a ouvert une boutique en France et a pos\u00e9 ses valises \u00e0 Nantes. La marque propose des collections de v\u00eatements femme et homme bas\u00e9s sur un \u00ab\u2009style londonien\u2009\u00bb. <a href=\"https:\/\/maps.app.goo.gl\/Qo4CX4gQwbShm1i4A\" target=\"_blank\" rel=\"noopener\">L\u2019adresse se situe au 6 rue Rubens<\/a>, pr\u00e8s de la place Royale.<\/p>\n<p class=\" wall-content\"><a href=\"https:\/\/www.instagram.com\/p\/DOsRrAXjKqg\/embed\" title=\"Ouvrir le lien sur Instagram\" target=\"_blank\" rel=\"noopener\">Visualiser le contenu sur Instagram<\/a><\/p>\n<p>Votre r\u00e9gion, votre actu !<\/p>\n<p>Recevez chaque jour les infos qui comptent pour vous.<\/p>\n<p>\t<a href=\"https:\/\/actu.fr\/newsletter\" class=\"ac-btn ac-btn--corner ac-btn--medium ac-btn--blue800\" target=\"_blank\" rel=\"noopener\">S&rsquo;incrire<\/a><br \/>\nOrig\u2019amis<\/p>\n<p class=\" wall-content\">Au 2 rue du roi Albert, l\u2019association Orig\u2019amis a ouvert un restaurant \u00e0 dimension inclusive pour proposer des stages en cuisine et service \u00e0 des personnes en situation de handicap. Le nouveau commerce propose notamment des gaufres sal\u00e9es et sucr\u00e9es.<\/p>\n<p>King\u2019dultes<\/p>\n<p class=\" wall-content\">Apr\u00e8s Paris et Marseille l\u2019enseigne King Jouet installe une boutique King\u2019dultes \u00e0 Nantes. Le commerce a ouvert, samedi 20\u00a0septembre 2025, rue du Calvaire dans l\u2019ancien local Armand Thierry. King\u2019dultes est un concept lanc\u00e9 par King Jouet, proposant des jeux (figurines, jeux de soci\u00e9t\u00e9, lego\u00ae\u2026) pour les adultes.<\/p>\n<blockquote class=\"tiktok-embed\" cite=\"https:\/\/www.tiktok.com\/@kingjouet_fr\/video\/7551424935625870614\" data-video-id=\"7551424935625870614\" data-embed-from=\"oembed\" style=\"max-width:605px; min-width:325px;\"><p>\n<a target=\"_blank\" title=\"@kingjouet_fr\" href=\"https:\/\/www.tiktok.com\/@kingjouet_fr?refer=embed\" rel=\"noopener\">@kingjouet_fr<\/a> <\/p>\n<p>\ud83d\udc51 King\u2019Dultes d\u00e9barque \u00e0 Nantes ! \ud83d\udccd Boutique \u00e9ph\u00e9m\u00e8re \u00e0 partir du 20\/09 Bienvenue dans la cour des grands. Jeux, animations et plein de surprises vous attendent ! <a title=\"nantes\" target=\"_blank\" href=\"https:\/\/www.tiktok.com\/tag\/nantes?refer=embed\" rel=\"noopener\">#nantes<\/a> <a title=\"kingjouet\" target=\"_blank\" href=\"https:\/\/www.tiktok.com\/tag\/kingjouet?refer=embed\" rel=\"noopener\">#kingjouet<\/a> <a title=\"microtrottoir\" target=\"_blank\" href=\"https:\/\/www.tiktok.com\/tag\/microtrottoir?refer=embed\" rel=\"noopener\">#microtrottoir<\/a> <a title=\"fyp\" target=\"_blank\" href=\"https:\/\/www.tiktok.com\/tag\/fyp?refer=embed\" rel=\"noopener\">#fyp<\/a> <a title=\"kingdultes\" target=\"_blank\" href=\"https:\/\/www.tiktok.com\/tag\/kingdultes?refer=embed\" rel=\"noopener\">#kingdultes<\/a> <\/p>\n<p> <a target=\"_blank\" title=\"\u266c Hey Lets Go - FFerraudio\" href=\"https:\/\/www.tiktok.com\/music\/Hey-Lets-Go-7378307052927879180?refer=embed\" rel=\"noopener\">\u266c Hey Lets Go \u2013 FFerraudio<\/a> <\/p>\n<\/blockquote>\n<p>Liste non exhaustive<\/p>\n<p class=\" wall-content\">Personnalisez votre actualit\u00e9 en ajoutant vos villes et m\u00e9dias en favori avec <a href=\"https:\/\/moncompte.actu.fr\" title=\"D\u00e9couvez Mon Actu\" rel=\"nofollow noopener\" data-trk=\"{&quot;cta&quot;:{&quot;action&quot;:&quot;https:\\\/\\\/moncompte.actu.fr&quot;,&quot;category&quot;:&quot;mon compte&quot;,&quot;from&quot;:&quot;article footer&quot;,&quot;name&quot;:&quot;Mon actu&quot;,&quot;type&quot;:&quot;cta&quot;}}\" target=\"_blank\">Mon Actu<\/a>.<\/p>\n<p>                    <script async src=\"\/\/www.instagram.com\/embed.js\"><\/script><script async src=\"\/\/www.tiktok.com\/embed.js\"><\/script><\/p>\n","protected":false},"excerpt":{"rendered":"Par Thomas Bernard Publi\u00e9 le 24 sept. 2025 \u00e0 16h27 Pour la rentr\u00e9e, plusieurs commerces ont ouvert dans&hellip;\n","protected":false},"author":2,"featured_media":414248,"comment_status":"","ping_status":"","sticky":false,"template":"","format":"standard","meta":{"footnotes":""},"categories":[2818],"tags":[1111,11,215,1777,674,1011,27,766,12,3147,2636,25,104],"class_list":{"0":"post-414247","1":"post","2":"type-post","3":"status-publish","4":"format-standard","5":"has-post-thumbnail","7":"category-nantes","8":"tag-actu","9":"tag-actualites","10":"tag-commerce","11":"tag-eu","12":"tag-europe","13":"tag-fr","14":"tag-france","15":"tag-nantes","16":"tag-news","17":"tag-nouveaux-commerces","18":"tag-pays-de-la-loire","19":"tag-republique-francaise","20":"tag-societe"},"share_on_mastodon":{"url":"https:\/\/pubeurope.com\/@fr\/115259938152624329","error":""},"_links":{"self":[{"href":"https:\/\/www.europesays.com\/fr\/wp-json\/wp\/v2\/posts\/414247","targetHints":{"allow":["GET"]}}],"collection":[{"href":"https:\/\/www.europesays.com\/fr\/wp-json\/wp\/v2\/posts"}],"about":[{"href":"https:\/\/www.europesays.com\/fr\/wp-json\/wp\/v2\/types\/post"}],"author":[{"embeddable":true,"href":"https:\/\/www.europesays.com\/fr\/wp-json\/wp\/v2\/users\/2"}],"replies":[{"embeddable":true,"href":"https:\/\/www.europesays.com\/fr\/wp-json\/wp\/v2\/comments?post=414247"}],"version-history":[{"count":0,"href":"https:\/\/www.europesays.com\/fr\/wp-json\/wp\/v2\/posts\/414247\/revisions"}],"wp:featuredmedia":[{"embeddable":true,"href":"https:\/\/www.europesays.com\/fr\/wp-json\/wp\/v2\/media\/414248"}],"wp:attachment":[{"href":"https:\/\/www.europesays.com\/fr\/wp-json\/wp\/v2\/media?parent=414247"}],"wp:term":[{"taxonomy":"category","embeddable":true,"href":"https:\/\/www.europesays.com\/fr\/wp-json\/wp\/v2\/categories?post=414247"},{"taxonomy":"post_tag","embeddable":true,"href":"https:\/\/www.europesays.com\/fr\/wp-json\/wp\/v2\/tags?post=414247"}],"curies":[{"name":"wp","href":"https:\/\/api.w.org\/{rel}","templated":true}]}}