{"id":41425,"date":"2025-04-21T11:53:19","date_gmt":"2025-04-21T11:53:19","guid":{"rendered":"https:\/\/www.europesays.com\/fr\/41425\/"},"modified":"2025-04-21T11:53:19","modified_gmt":"2025-04-21T11:53:19","slug":"un-pere-et-son-fils-arretes-apres-etre-partis-sans-payer-dans-une-quarantaine-de-restaurants-en-trois-ans","status":"publish","type":"post","link":"https:\/\/www.europesays.com\/fr\/41425\/","title":{"rendered":"un p\u00e8re et son fils arr\u00eat\u00e9s apr\u00e8s \u00eatre partis sans payer dans une quarantaine de restaurants en trois ans"},"content":{"rendered":"<p>Un p\u00e8re et son fils mineur de 17 ans ont \u00e9t\u00e9 interpell\u00e9s pour \u00abd\u00e9lit de filouterie\u00bb alors qu\u2019ils s\u00e9vissaient dans le Var. Le pr\u00e9judice est estim\u00e9 \u00e0 3000 euros.<\/p>\n<p class=\"fig-paragraph\">Un p\u00e8re et son fils de 17 ans ont \u00e9t\u00e9 arr\u00eat\u00e9s et plac\u00e9s en garde \u00e0 vue, accus\u00e9s d\u2019avoir consomm\u00e9 dans de nombreux\u00a0<a href=\"http:\/\/www.lefigaro.fr\/gastronomie\/au-restaurant-alt-le-charme-discret-d-un-couple-japonais-qui-fait-mouche-20250403\" data-fig-type=\"Article\" data-gtm-custom-categorie=\"navigation\" data-gtm-custom-action=\"crossclick\" data-gtm-custom-label=\"Contextuel\" data-gtm-event=\"customEventSPE\" data-fig-domain=\"LEFIGARO\" target=\"_blank\" rel=\"noopener\">restaurants<\/a>\u00a0de la r\u00e9gion varoise sans payer l\u2019addition, a appris Le Figaro aupr\u00e8s du procureur de la R\u00e9publique de Toulon, Samuel Finielz, confirmant une information initiale d<a href=\"https:\/\/www.francebleu.fr\/infos\/faits-divers-justice\/ils-sont-partis-de-cent-restaurants-sans-payer-un-pere-et-son-fils-interpelles-a-toulon-5317844\" target=\"_blank\" rel=\"nofollow noopener\" data-gtm-custom-categorie=\"navigation\" data-gtm-custom-action=\"crossclick\" data-gtm-custom-label=\"Contextuel\" data-gtm-event=\"customEventSPE\">\u2019Ici Provence.\u00a0<\/a><\/p>\n<p class=\"fig-paragraph\">\u00abLe pr\u00e9judice est \u00e9valu\u00e9 \u00e0 3000 euros, pr\u00e9cise cette m\u00eame source. Il y aurait une quarantaine de faits depuis trois ans. Les faits sont reconnus. Le mineur va faire l\u2019objet d\u2019une poursuite p\u00e9nale devant le juge pour enfant. Son p\u00e8re est en garde \u00e0 vue et devrait \u00e9galement dans les prochaines heures faire l\u2019objet d\u2019une d\u00e9cision de poursuite p\u00e9nale.\u00bb<\/p>\n<p>Un mode op\u00e9ratoire \u00abPetit Poucet\u00bb<\/p>\n<p class=\"fig-paragraph\">Selon nos confr\u00e8res, tous deux se rendaient dans des restaurants mais pr\u00e9tendaient au moment de l\u2019addition que la carte bancaire ne fonctionnait pas. Ils laissaient alors en guise de caution un papier d\u2019identit\u00e9, sans jamais retourner le chercher. Au contraire, ils le d\u00e9claraient vol\u00e9 ou perdu, et ainsi pouvaient recommencer. Une m\u00e9thode qui a facilit\u00e9 la t\u00e2che des policiers de Toulon en charge de l\u2019enqu\u00eate.<\/p>\n<p class=\"fig-paragraph\">\u00abLe mode op\u00e9ratoire est celui du Petit Poucet, lance Samuel Finielz. Ils laissaient sur leur route gastronomique tous les indices, avec des documents \u00e0 leurs noms. Il n\u2019y avait plus qu\u2019\u00e0 suivre les petits cailloux.\u00bb L\u2019auteur d\u2019un d\u00e9lit de filouterie risque six mois de prison et 7500 \u20ac d\u2019amende. Il peut \u00e9galement \u00eatre condamn\u00e9 \u00e0 indemniser ses victimes.<\/p>\n","protected":false},"excerpt":{"rendered":"Un p\u00e8re et son fils mineur de 17 ans ont \u00e9t\u00e9 interpell\u00e9s pour \u00abd\u00e9lit de filouterie\u00bb alors qu\u2019ils&hellip;\n","protected":false},"author":2,"featured_media":41426,"comment_status":"","ping_status":"","sticky":false,"template":"","format":"standard","meta":{"footnotes":""},"categories":[9619],"tags":[1111,11,885,1182,1180,1181,1777,674,1011,27,1184,1185,12,1177,1176,149,1186,882,25,1340,1178,1183,2310,7506,1179],"class_list":{"0":"post-41425","1":"post","2":"type-post","3":"status-publish","4":"format-standard","5":"has-post-thumbnail","7":"category-toulon","8":"tag-actu","9":"tag-actualites","10":"tag-bouches-du-rhone","11":"tag-calanques","12":"tag-canebiere","13":"tag-cite-phoceenne","14":"tag-eu","15":"tag-europe","16":"tag-fr","17":"tag-france","18":"tag-la-timone","19":"tag-les-baumettes-mediterranee","20":"tag-news","21":"tag-notre-dame-de-la-garde","22":"tag-olympique-de-marseille","23":"tag-om","24":"tag-provence","25":"tag-provence-alpes-cote-dazur","26":"tag-republique-francaise","27":"tag-restaurant","28":"tag-saint-charles","29":"tag-sormiou","30":"tag-toulon","31":"tag-var","32":"tag-vieux-port"},"share_on_mastodon":{"url":"https:\/\/pubeurope.com\/@fr\/114375819519645068","error":""},"_links":{"self":[{"href":"https:\/\/www.europesays.com\/fr\/wp-json\/wp\/v2\/posts\/41425","targetHints":{"allow":["GET"]}}],"collection":[{"href":"https:\/\/www.europesays.com\/fr\/wp-json\/wp\/v2\/posts"}],"about":[{"href":"https:\/\/www.europesays.com\/fr\/wp-json\/wp\/v2\/types\/post"}],"author":[{"embeddable":true,"href":"https:\/\/www.europesays.com\/fr\/wp-json\/wp\/v2\/users\/2"}],"replies":[{"embeddable":true,"href":"https:\/\/www.europesays.com\/fr\/wp-json\/wp\/v2\/comments?post=41425"}],"version-history":[{"count":0,"href":"https:\/\/www.europesays.com\/fr\/wp-json\/wp\/v2\/posts\/41425\/revisions"}],"wp:featuredmedia":[{"embeddable":true,"href":"https:\/\/www.europesays.com\/fr\/wp-json\/wp\/v2\/media\/41426"}],"wp:attachment":[{"href":"https:\/\/www.europesays.com\/fr\/wp-json\/wp\/v2\/media?parent=41425"}],"wp:term":[{"taxonomy":"category","embeddable":true,"href":"https:\/\/www.europesays.com\/fr\/wp-json\/wp\/v2\/categories?post=41425"},{"taxonomy":"post_tag","embeddable":true,"href":"https:\/\/www.europesays.com\/fr\/wp-json\/wp\/v2\/tags?post=41425"}],"curies":[{"name":"wp","href":"https:\/\/api.w.org\/{rel}","templated":true}]}}