{"id":414275,"date":"2025-09-24T15:30:14","date_gmt":"2025-09-24T15:30:14","guid":{"rendered":"https:\/\/www.europesays.com\/fr\/414275\/"},"modified":"2025-09-24T15:30:14","modified_gmt":"2025-09-24T15:30:14","slug":"info-paris-match-paris-recherche-pour-escroquerie-par-les-etats-unis-un-avocat-accepte-son-extradition","status":"publish","type":"post","link":"https:\/\/www.europesays.com\/fr\/414275\/","title":{"rendered":"INFO PARIS MATCH &#8211; Paris : recherch\u00e9 pour escroquerie par les Etats-Unis, un avocat accepte son extradition"},"content":{"rendered":"<p class=\"mb-4 text-lg md:leading-8 break-words\">C\u2019est une affaire sensible sur le point de conna\u00eetre son \u00e9pilogue. Selon les informations de Paris Match, un avocat \u00e0 la double nationalit\u00e9 am\u00e9ricano-grecque, sous le coup d\u2019un mandat d\u2019arr\u00eat international, est sur le point d\u2019\u00eatre reconduit aux Etats-Unis. Comme l\u2019avait r\u00e9v\u00e9l\u00e9 Paris Match, ce professionnel du droit avait \u00e9t\u00e9 interpell\u00e9, le 4 juillet dernier, \u00e0 proximit\u00e9 du parc Disneyland, dans un centre commercial, situ\u00e9 en Seine-et-Marne alors qu\u2019il \u00e9tait recherch\u00e9 Outre-Atlantique depuis de nombreux mois.<\/p>\n<p class=\"mb-4 text-lg md:leading-8 break-words\">Toujours selon les informations de Paris Match, pr\u00e9sent\u00e9 \u00e0 un magistrat de la cour d\u2019appel de Paris, charg\u00e9 de statuer sur son extradition, Me Samuel V., 45 ans, ne s\u2019est pas oppos\u00e9 \u00e0 cette demande. N\u00e9 dans l\u2019Etat de l\u2019Indiana, l\u2019avocat avait pris la fuite alors qu\u2019il faisait l\u2019objet d\u2019une proc\u00e9dure du tribunal du district Est de Pennsylvanie pour des faits de \u00ab\u00a0fraudes \u00e9lectroniques\u00a0\u00bb commis entre les ann\u00e9es 2015 et 2016. Depuis son d\u00e9part de son pays natal, il s\u00e9journait dans l\u2019\u00eele grecque de Kalymnos dans le Dod\u00e9can\u00e8se, toute proche de la Turquie.<\/p>\n<p>Il venait de r\u00e9server deux nuits dans un h\u00f4tel du parc Disneyland<\/p>\n<p class=\"mb-4 text-lg md:leading-8 break-words\">Toujours selon les informations de Paris Match, le fugitif a \u00e9t\u00e9 rep\u00e9r\u00e9\u00a0alors qu\u2019il venait de r\u00e9server deux nuits dans un h\u00f4tel du parc Disneyland \u00e0 Marne-la-Vall\u00e9e.<\/p>\n<p class=\"mb-4 text-lg md:leading-8 break-words\">Avocat sp\u00e9cialis\u00e9 en droit p\u00e9nal, en dommages corporels, et en droit de la famille, Me Samuel V., sous le coup d\u2019une plainte p\u00e9nale depuis le mois de mai\u00a02017, aurait \u00e9t\u00e9 confondu dans le ca&#8230;<\/p>\n<p class=\"mb-4 text-lg md:leading-8 break-words\"><a href=\"https:\/\/www.parismatch.com\/actu\/faits-divers\/info-paris-match-paris-recherche-pour-escroquerie-par-les-etats-unis-un-avocat-accepte-son-extradition-257555?at_medium=affiliate&amp;at_campaign=Yahoo\" rel=\"nofollow noopener\" target=\"_blank\" data-ylk=\"slk:Lire la suite sur ParisMatch;elm:context_link;itc:0;sec:content-canvas\" class=\"link \">Lire la suite sur ParisMatch<\/a><\/p>\n","protected":false},"excerpt":{"rendered":"C\u2019est une affaire sensible sur le point de conna\u00eetre son \u00e9pilogue. Selon les informations de Paris Match, un&hellip;\n","protected":false},"author":2,"featured_media":414276,"comment_status":"","ping_status":"","sticky":false,"template":"","format":"standard","meta":{"footnotes":""},"categories":[1888],"tags":[1111,1928,11,1927,54463,54462,29488,1777,674,1011,27,1739,54464,12,1926,54461,626,5818,1925,25],"class_list":{"0":"post-414275","1":"post","2":"type-post","3":"status-publish","4":"format-standard","5":"has-post-thumbnail","7":"category-paris","8":"tag-actu","9":"tag-actu-paris","10":"tag-actualites","11":"tag-actualites-paris","12":"tag-avocat-specialise","13":"tag-coup-d","14":"tag-droit-de-la-famille","15":"tag-eu","16":"tag-europe","17":"tag-fr","18":"tag-france","19":"tag-le-point","20":"tag-me-samuel-v","21":"tag-news","22":"tag-news-paris","23":"tag-parc-disneyland","24":"tag-paris","25":"tag-paris-match","26":"tag-paris-news","27":"tag-republique-francaise"},"share_on_mastodon":{"url":"https:\/\/pubeurope.com\/@fr\/115259993310677294","error":""},"_links":{"self":[{"href":"https:\/\/www.europesays.com\/fr\/wp-json\/wp\/v2\/posts\/414275","targetHints":{"allow":["GET"]}}],"collection":[{"href":"https:\/\/www.europesays.com\/fr\/wp-json\/wp\/v2\/posts"}],"about":[{"href":"https:\/\/www.europesays.com\/fr\/wp-json\/wp\/v2\/types\/post"}],"author":[{"embeddable":true,"href":"https:\/\/www.europesays.com\/fr\/wp-json\/wp\/v2\/users\/2"}],"replies":[{"embeddable":true,"href":"https:\/\/www.europesays.com\/fr\/wp-json\/wp\/v2\/comments?post=414275"}],"version-history":[{"count":0,"href":"https:\/\/www.europesays.com\/fr\/wp-json\/wp\/v2\/posts\/414275\/revisions"}],"wp:featuredmedia":[{"embeddable":true,"href":"https:\/\/www.europesays.com\/fr\/wp-json\/wp\/v2\/media\/414276"}],"wp:attachment":[{"href":"https:\/\/www.europesays.com\/fr\/wp-json\/wp\/v2\/media?parent=414275"}],"wp:term":[{"taxonomy":"category","embeddable":true,"href":"https:\/\/www.europesays.com\/fr\/wp-json\/wp\/v2\/categories?post=414275"},{"taxonomy":"post_tag","embeddable":true,"href":"https:\/\/www.europesays.com\/fr\/wp-json\/wp\/v2\/tags?post=414275"}],"curies":[{"name":"wp","href":"https:\/\/api.w.org\/{rel}","templated":true}]}}